{"id":1574,"date":"2013-08-10T12:25:30","date_gmt":"2013-08-10T17:25:30","guid":{"rendered":"http:\/\/catolicasmexico.com\/blog\/?p=1574"},"modified":"2017-07-21T23:47:27","modified_gmt":"2017-07-22T04:47:27","slug":"dia-de-san-lorenzo-martir","status":"publish","type":"post","link":"http:\/\/catolicasmexico.com\/blog\/dia-de-san-lorenzo-martir\/","title":{"rendered":"D\u00eda de San Lorenzo Martir."},"content":{"rendered":"<p><a href=\"http:\/\/catolicasmexico.com\/blog\/wp-content\/uploads\/2013\/08\/20130810-132800.jpg\"><img src=\"http:\/\/catolicasmexico.com\/blog\/wp-content\/uploads\/2013\/08\/20130810-132800.jpg\" alt=\"20130810-132800.jpg\" class=\"alignnone size-full\"  \/> <\/a><\/p>\n<p>Queremos compartir este hermoso serm\u00f3n de San Agust\u00edn, obispo, sobre el martirio de San Lorenzo y del como seguir su ejemplo.<br \/>\nSan Lorenzo, Rogad por Nosotros.<\/p>\n<p>Del sitio de catholic.net<\/p>\n<p>La Iglesia de Roma nos invita hoy a celebrar el triunfo de san Lorenzo, que super\u00f3 las amenazas y seducciones del mundo, venciendo as\u00ed la persecuci\u00f3n diab\u00f3lica. \u00c9l, como ya se os ha explicado m\u00e1s de una vez, era di\u00e1cono de aquella Iglesia. En ella administr\u00f3 la sangre sagrada de Cristo, en ella tambi\u00e9n derram\u00f3 su propia sangre por el nombre de Cristo. El ap\u00f3stol san Juan expuso claramente el significado de la Cena del Se\u00f1or, con aquellas palabras: Como Cristo dio su vida por nosotros, tambi\u00e9n nosotros debemos dar nuestra vida por los hermanos. As\u00ed lo entendi\u00f3 san Lorenzo; as\u00ed lo entendi\u00f3 y as\u00ed lo practic\u00f3; lo mismo que hab\u00eda tomado de la mesa del Se\u00f1or, eso mismo prepar\u00f3. Am\u00f3 a Cristo durante su vida, lo imit\u00f3 en su muerte. <\/p>\n<p>Tambi\u00e9n nosotros, hemanos, si lo amamos de verdad, debemos imitarlo. La mejor prueba que podemos dar de nuestro amor es imitar su ejemplo, porque Cristo padeci\u00f3 por nosotros, dej\u00e1ndonos un ejemplo para que sigamos sus huellas. Seg\u00fan estas palabras de san Pedro, parece como si Cristo s\u00f3lo hubiera padecido por los que siguen sus huellas, y que la pasi\u00f3n de Cristo s\u00f3lo aprovechara a los que sigue sus huellas. Lo han imitado los santos m\u00e1rtires hasta el derramamiento de su sangre, hasta la semejanza con su pasi\u00f3n; lo han imitado los m\u00e1rtires, pero no s\u00f3lo ellos. El puente no se ha derrumbado despu\u00e9s de haber pasado ellos; la fuente no se ha secado despu\u00e9s de haber bebido ellos. <\/p>\n<p>Tenedlo presente, hermanos: en el huerto del Se\u00f1or no s\u00f3lo hay las rosas de los m\u00e1rtires, sino tambi\u00e9n los lirios de las v\u00edrgenes y las yedras de los casados, as\u00ed como las violetas de las viudas. Ning\u00fan hombre, cualquiera que sea su g\u00e9nero de vida, ha de desesperar de su vocaci\u00f3n: Cristo ha sufrido por todos. Con toda verdad est\u00e1 escrito de \u00e9l: Nuestro Salvador quiere que todos los hombres se salven y lleguen al pleno conocimiento de la verdad. <\/p>\n<p>Entendamos, pues, de qu\u00e9 modo el cristiano ha de seguir a Cristo, adem\u00e1s del derramamiento de sangre, adem\u00e1s del martirio. El Ap\u00f3stol, refiri\u00e9ndose a Cristo, dice: \u00abA pesar de su condici\u00f3n divina, no hizo alarde de su categor\u00eda de Dios.\u00bb \u00a1Qu\u00e9 gran majestad! Al contrario, se anonad\u00f3 a s\u00ed mismo, y tom\u00f3 la condici\u00f3n de esclavo, pasando por uno de tantos. \u00a1Qu\u00e9 gran humildad! <\/p>\n<p>Cristo se rebaj\u00f3: esto es, cristiano, lo que debes t\u00fa procurar. Cristo se someti\u00f3: \u00bfc\u00f3mo vas t\u00fa a enorgullecerte? Finalmente, despu\u00e9s de haber pasado por semejante humillaci\u00f3n y haber vencido la muerte, Cristo subi\u00f3 al cielo: sig\u00e1moslo. Oigamos lo que dice el Ap\u00f3sto: Si hab\u00e9is sido resucitados con Cristo, buscad las cosas de arriba, donde Cristo est\u00e1 sentado a las diestra de Dios.<\/p>\n","protected":false},"excerpt":{"rendered":"<p>Queremos compartir este hermoso serm\u00f3n de San Agust\u00edn, obispo, sobre el martirio de San Lorenzo y del como seguir su ejemplo. San Lorenzo, Rogad por Nosotros. Del sitio de catholic.net La Iglesia de Roma nos invita hoy a celebrar el triunfo de san Lorenzo, que super\u00f3 las amenazas y seducciones del mundo, venciendo as\u00ed la [&hellip;]<\/p>\n","protected":false},"author":2,"featured_media":1573,"comment_status":"open","ping_status":"open","sticky":false,"template":"","format":"standard","meta":{"spay_email":"","jetpack_publicize_message":"","jetpack_is_tweetstorm":false},"categories":[458],"tags":[],"aioseo_notices":[],"jetpack_featured_media_url":"http:\/\/catolicasmexico.com\/blog\/wp-content\/uploads\/2013\/08\/20130810-132800.jpg","jetpack_publicize_connections":[],"jetpack_shortlink":"https:\/\/wp.me\/p3B5XH-po","jetpack-related-posts":[{"id":2843,"url":"http:\/\/catolicasmexico.com\/blog\/domingo-de-pascua-homilia-del-padre-juan-carlos-ceriani\/","url_meta":{"origin":1574,"position":0},"title":"DOMINGO DE PASCUA , Homilia del Padre Juan Carlos Ceriani.","date":"21 abril 2014","format":false,"excerpt":"Domingo 20 abril 2014 DOMINGO DE PASCUA Publicado por Radio Cristiandad en Liturgia, Misa Tridentina, P. Juan Carlos Ceriani. Pasado el s\u00e1bado, Mar\u00eda Magdalena, Mar\u00eda, madre de Santiago, y Salom\u00e9 compraron aromas para ir a embalsamar a Jes\u00fas. Y muy de madrugada, el primer d\u00eda de la semana, a la\u2026","rel":"","context":"En \u00abFe\u00bb","img":{"alt_text":"","src":"https:\/\/i0.wp.com\/catolicasmexico.com\/blog\/wp-content\/uploads\/2014\/04\/20140421-130747.jpg?resize=350%2C200","width":350,"height":200},"classes":[]},{"id":3360,"url":"http:\/\/catolicasmexico.com\/blog\/san-juan-pablo-ii-y-su-poema-de-amor\/","url_meta":{"origin":1574,"position":1},"title":"San Juan Pablo II y su Poema de Amor","date":"27 agosto 2014","format":false,"excerpt":"Articulo escrito por Alejandra Mu\u00f1oz. Al estar presente en una Misa por la Vida que presidio el Obispo de mi di\u00f3cesis, al finalizar tuve la oportunidad de platicar con \u00e9l, acababa de regresar de Roma donde estuvo presente en la canonizaci\u00f3n de Juan Pablo II, y al enterarme que hab\u00eda\u2026","rel":"","context":"En \u00abAborto\u00bb","img":{"alt_text":"","src":"","width":0,"height":0},"classes":[]},{"id":4098,"url":"http:\/\/catolicasmexico.com\/blog\/el-adviento-un-repaso\/","url_meta":{"origin":1574,"position":2},"title":"El Adviento: un repaso","date":"26 noviembre 2015","format":false,"excerpt":"Traducci\u00f3n realizada por Jules para Cat\u00f3licas M\u00e9xico, el 22 de noviembre de 2015. Tema La venida de Cristo, tanto hist\u00f3rica como futura Color Morado Sentimiento Anticipaci\u00f3n sombr\u00eda, gozosa pero restringida, en aumento cada d\u00eda hasta Navidad; como el esperar de una madre encinta, inseguro y humilde hasta que d\u00e9 a\u2026","rel":"","context":"En \u00abEducaci\u00f3n\u00bb","img":{"alt_text":"","src":"https:\/\/i1.wp.com\/catolicasmexico.com\/blog\/wp-content\/uploads\/2015\/11\/St_John_the_baptist_-_Leonardo_Da_Vinci.jpg?resize=350%2C200","width":350,"height":200},"classes":[]},{"id":4163,"url":"http:\/\/catolicasmexico.com\/blog\/navidad-un-repaso\/","url_meta":{"origin":1574,"position":3},"title":"Navidad: un repaso","date":"4 enero 2016","format":false,"excerpt":"Traducido por Jules para Cat\u00f3licasM\u00e9xico, el 29 de diciembre de 2015. Tema La Natividad de Cristo Color Blanco o dorado Sentimiento Alegr\u00eda S\u00edmbolos La estrella, el pesebre, velas de Navidad, campanas, la Virgen con el Ni\u00f1o, la Sagrada Familia, \u00e1ngeles, los Reyes Magos, el \u00e1rbol de Navidad, hiedra y acebo,\u2026","rel":"","context":"En \u00abEducaci\u00f3n\u00bb","img":{"alt_text":"https:\/\/upload.wikimedia.org\/wikipedia\/commons\/2\/2c\/Bartolom%C3%A9_Esteban_Murillo_-_The_Nativity_-_Google_Art_Project.jpg","src":"https:\/\/upload.wikimedia.org\/wikipedia\/commons\/2\/2c\/Bartolom%C3%A9_Esteban_Murillo_-_The_Nativity_-_Google_Art_Project.jpg","width":350,"height":200},"classes":[]},{"id":3155,"url":"http:\/\/catolicasmexico.com\/blog\/1-de-julio-hoy-celebramos-la-preciosisima-sangre-de-nuestro-senor-jesucristo\/","url_meta":{"origin":1574,"position":4},"title":"1 de Julio, hoy celebramos La Precios\u00edsima Sangre de Nuestro Se\u00f1or Jesucristo.","date":"1 julio 2014","format":false,"excerpt":"Mes de Julio dedicado a la Precios\u00edsima Sangre de Nuestro Se\u00f1or Jesucristo. Instituida en 1849 por el papa P\u00edo IX, la fiesta de la Precios\u00edsima Sangre de Nuestro Se\u00f1or, fue elevada al rango de doble de la clase por P\u00edo XI, con ocasi\u00f3n del decimanono centenario de la muerte del\u2026","rel":"","context":"En \u00abSantoral\u00bb","img":{"alt_text":"","src":"","width":0,"height":0},"classes":[]},{"id":2750,"url":"http:\/\/catolicasmexico.com\/blog\/hoy-la-iglesia-celebra-a-san-jose-el-castisimo-esposo-de-la-virgen-maria\/","url_meta":{"origin":1574,"position":5},"title":"Hoy la Iglesia celebra a San Jos\u00e9, el cast\u00edsimo esposo de la Virgen Mar\u00eda","date":"19 marzo 2014","format":false,"excerpt":"LIMA, 19 Mar. 14 \/ 12:04 am (ACI).- Hoy 19 de marzo la Iglesia Universal celebra la fiesta del verdadero esposo virginal de la Madre de Dios, San Jos\u00e9, el padre adoptivo de Jesucristo, el var\u00f3n prudente y justo que con paternal amor cuida al mundo entero. San Jos\u00e9 desde\u2026","rel":"","context":"En \u00abFamilia\u00bb","img":{"alt_text":"","src":"https:\/\/i1.wp.com\/catolicasmexico.com\/blog\/wp-content\/uploads\/2014\/03\/20140319-1202221.jpg?resize=350%2C200","width":350,"height":200},"classes":[]}],"jetpack_likes_enabled":false,"jetpack_sharing_enabled":true,"_links":{"self":[{"href":"http:\/\/catolicasmexico.com\/blog\/wp-json\/wp\/v2\/posts\/1574"}],"collection":[{"href":"http:\/\/catolicasmexico.com\/blog\/wp-json\/wp\/v2\/posts"}],"about":[{"href":"http:\/\/catolicasmexico.com\/blog\/wp-json\/wp\/v2\/types\/post"}],"author":[{"embeddable":true,"href":"http:\/\/catolicasmexico.com\/blog\/wp-json\/wp\/v2\/users\/2"}],"replies":[{"embeddable":true,"href":"http:\/\/catolicasmexico.com\/blog\/wp-json\/wp\/v2\/comments?post=1574"}],"version-history":[{"count":2,"href":"http:\/\/catolicasmexico.com\/blog\/wp-json\/wp\/v2\/posts\/1574\/revisions"}],"predecessor-version":[{"id":4623,"href":"http:\/\/catolicasmexico.com\/blog\/wp-json\/wp\/v2\/posts\/1574\/revisions\/4623"}],"wp:featuredmedia":[{"embeddable":true,"href":"http:\/\/catolicasmexico.com\/blog\/wp-json\/wp\/v2\/media\/1573"}],"wp:attachment":[{"href":"http:\/\/catolicasmexico.com\/blog\/wp-json\/wp\/v2\/media?parent=1574"}],"wp:term":[{"taxonomy":"category","embeddable":true,"href":"http:\/\/catolicasmexico.com\/blog\/wp-json\/wp\/v2\/categories?post=1574"},{"taxonomy":"post_tag","embeddable":true,"href":"http:\/\/catolicasmexico.com\/blog\/wp-json\/wp\/v2\/tags?post=1574"}],"curies":[{"name":"wp","href":"https:\/\/api.w.org\/{rel}","templated":true}]}}