{"id":157,"date":"2013-05-07T12:55:59","date_gmt":"2013-05-07T17:55:59","guid":{"rendered":"http:\/\/catolicasmexico.com\/blog\/?p=157"},"modified":"2013-05-07T13:11:57","modified_gmt":"2013-05-07T18:11:57","slug":"obispos-de-uruguay-alientan-referendum-contra-el-aborto","status":"publish","type":"post","link":"http:\/\/catolicasmexico.com\/blog\/obispos-de-uruguay-alientan-referendum-contra-el-aborto\/","title":{"rendered":"Obispos de Uruguay alientan refer\u00e9ndum contra el aborto"},"content":{"rendered":"<p><a href=\"http:\/\/catolicasmexico.com\/blog\/wp-content\/uploads\/2013\/05\/zadasd.jpeg\"><img data-attachment-id=\"158\" data-permalink=\"http:\/\/catolicasmexico.com\/blog\/obispos-de-uruguay-alientan-referendum-contra-el-aborto\/zadasd\/\" data-orig-file=\"http:\/\/catolicasmexico.com\/blog\/wp-content\/uploads\/2013\/05\/zadasd.jpeg\" data-orig-size=\"150,102\" data-comments-opened=\"1\" data-image-meta=\"{&quot;aperture&quot;:&quot;0&quot;,&quot;credit&quot;:&quot;&quot;,&quot;camera&quot;:&quot;&quot;,&quot;caption&quot;:&quot;&quot;,&quot;created_timestamp&quot;:&quot;0&quot;,&quot;copyright&quot;:&quot;&quot;,&quot;focal_length&quot;:&quot;0&quot;,&quot;iso&quot;:&quot;0&quot;,&quot;shutter_speed&quot;:&quot;0&quot;,&quot;title&quot;:&quot;&quot;,&quot;orientation&quot;:&quot;0&quot;}\" data-image-title=\"zadasd\" data-image-description=\"\" data-medium-file=\"http:\/\/catolicasmexico.com\/blog\/wp-content\/uploads\/2013\/05\/zadasd.jpeg\" data-large-file=\"http:\/\/catolicasmexico.com\/blog\/wp-content\/uploads\/2013\/05\/zadasd.jpeg\" class=\"alignnone size-full wp-image-158\" title=\"zadasd\" src=\"http:\/\/catolicasmexico.com\/blog\/wp-content\/uploads\/2013\/05\/zadasd.jpeg\" alt=\"\" width=\"150\" height=\"102\" srcset=\"http:\/\/catolicasmexico.com\/blog\/wp-content\/uploads\/2013\/05\/zadasd.jpeg 150w\" sizes=\"100vw\" \/> <\/a><\/p>\n<p>MONTEVIDEO, 03 May. 13 \/ 05:38 pm (<a href=\"http:\/\/www.aciprensa.com\/\" target=\"_blank\"><strong>ACI\/EWTN Noticias<\/strong><\/a>) .- En un comunicado emitido hoy, la Conferencia Episcopal del Uruguay (CEU) expres\u00f3 su apoyo a la realizaci\u00f3n de un referendo que permita la derogaci\u00f3n de la legislaci\u00f3n abortista en el pa\u00eds.<\/p>\n<p>Los Obispos uruguayos aseguraron que con el referendo, los ciudadanos tendr\u00e1n \u201cla oportunidad de cambiar con nuestro voto el rumbo de las cosas y darle un s\u00ed a la\u00a0<a href=\"http:\/\/www.aciprensa.com\/vida\" target=\"_blank\">vida<\/a>\u00a0de los ni\u00f1os, lo que nos permitir\u00e1 mirar con esperanza nuestro futuro como naci\u00f3n\u201d.<\/p>\n<p>Recordando una declaraci\u00f3n del 13 de noviembre del a\u00f1o pasado, los Obispos se\u00f1alaron que efectivamente \u201clos derechos humanos y este primordial derecho a la vida no pueden quedar sujetos a mayor\u00edas circunstanciales de un cuerpo legislativo o electoral\u201d, sin embargo \u201cante la situaci\u00f3n que se ha creado, sigue siendo el deber de los laicos cat\u00f3licos y de los hombres y mujeres de buena voluntad aportar sus esfuerzos para procurar que nuestra legislaci\u00f3n respete el derecho a la vida humana desde su concepci\u00f3n\u201d.<\/p>\n<p>Los Prelados subrayaron que queda \u201cen manos de los ciudadanos la elecci\u00f3n de los medios que estimen oportunos, alentamos las iniciativas leg\u00edtimas que busquen la derogaci\u00f3n de esta ley\u201d.<\/p>\n<p>El comunicado de la CEU subraya que si bien \u201cel derecho a la vida no puede nunca ser objeto de un refer\u00e9ndum, desde el momento que proviene de Dios\u201d, ante la \u201cley injusta, dado que nuestra Constituci\u00f3n prev\u00e9 que los ciudadanos puedan expresar su voluntad de derogarla, exhortamos a votar el pr\u00f3ximo domingo 23 de junio con el fin de que se habilite la convocatoria del refer\u00e9ndum sobre la ley que hoy permite el crimen del\u00a0<a href=\"http:\/\/www.aciprensa.com\/aborto\/index.html\" target=\"_blank\">aborto<\/a>\u201d.<\/p>\n","protected":false},"excerpt":{"rendered":"<p>MONTEVIDEO, 03 May. 13 \/ 05:38 pm (ACI\/EWTN Noticias) .- En un comunicado emitido hoy, la Conferencia Episcopal del Uruguay (CEU) expres\u00f3 su apoyo a la realizaci\u00f3n de un referendo que permita la derogaci\u00f3n de la legislaci\u00f3n abortista en el pa\u00eds. Los Obispos uruguayos aseguraron que con el referendo, los ciudadanos tendr\u00e1n \u201cla oportunidad de [&hellip;]<\/p>\n","protected":false},"author":2,"featured_media":158,"comment_status":"open","ping_status":"open","sticky":false,"template":"","format":"standard","meta":{"spay_email":"","jetpack_publicize_message":"","jetpack_is_tweetstorm":false},"categories":[9,13],"tags":[],"aioseo_notices":[],"jetpack_featured_media_url":"http:\/\/catolicasmexico.com\/blog\/wp-content\/uploads\/2013\/05\/zadasd.jpeg","jetpack_publicize_connections":[],"jetpack_shortlink":"https:\/\/wp.me\/p3B5XH-2x","jetpack-related-posts":[{"id":3766,"url":"http:\/\/catolicasmexico.com\/blog\/25-000-marchan-por-la-vida-en-el-parlamento-de-canada\/","url_meta":{"origin":157,"position":0},"title":"25 000 marchan por la vida en el Parlamento de Canad\u00e1","date":"18 mayo 2015","format":false,"excerpt":"14 de mayo, 2015 (LifeSiteNews) - Cuarenta y seis a\u00f1os despu\u00e9s de que Canad\u00e1 legaliz\u00f3 la matanza de ni\u00f1os en el vientre, casi 25.000 personas se manifestaron en el Parlamento en Ottawa con un mensaje a los canadienses y particularmente a los miembros del parlamento: \"Que la vida gane!\" Organizado\u2026","rel":"","context":"En \u00abAborto\u00bb","img":{"alt_text":"","src":"https:\/\/i1.wp.com\/catolicasmexico.com\/blog\/wp-content\/uploads\/2015\/05\/20150518-103341.jpg?resize=350%2C200","width":350,"height":200},"classes":[]},{"id":402,"url":"http:\/\/catolicasmexico.com\/blog\/el-vaticano-ofrecera-conferencia-mundial-provida-y-misa-papal\/","url_meta":{"origin":157,"position":1},"title":"El Vaticano ofrecer\u00e1 conferencia mundial provida y misa papal","date":"20 mayo 2013","format":false,"excerpt":"Por Austin Ruse ROMA, 17 de mayo (C-FAM) Los provida contuvieron el aliento el d\u00eda en el que el mundo recibi\u00f3 al nuevo Papa. No cuestionaban sus credenciales a favor de la vida, pero se preguntaban si su discurso ser\u00eda en\u00e9rgico. Pronto surgi\u00f3 una vieja cita y las inquietudes se\u2026","rel":"","context":"En \u00abAborto\u00bb","img":{"alt_text":"","src":"https:\/\/i2.wp.com\/catolicasmexico.com\/blog\/wp-content\/uploads\/2013\/05\/image-30.jpeg?resize=350%2C200","width":350,"height":200},"classes":[]},{"id":631,"url":"http:\/\/catolicasmexico.com\/blog\/la-legalizacion-del-aborto-esta-detras-de-la-posesion-del-hombre-que-fue-exorcizado-por-el-papa-francisco-afirma-un-exorcista\/","url_meta":{"origin":157,"position":2},"title":"La legalizaci\u00f3n del aborto est\u00e1 detr\u00e1s de la posesi\u00f3n del hombre que fue exorcizado por el Papa Francisco, afirma un exorcista","date":"31 mayo 2013","format":false,"excerpt":"Por Hilary White, corresponsal en Roma. Noticia de\u00a0LifeSiteNews.com Traducci\u00f3n y Redacci\u00f3n libre . Alejandro P. de\u00a0www.catolicasmexico.com Roma, 30 de mayo del 2013 (LifeSiteNews.com) \u2013 Un video que muestra al Papa Francisco realizando un exorcismo improvisado se ha popularizado tanto en el mundo cat\u00f3lico como al exterior y \u00e9sta semana un\u2026","rel":"","context":"En \u00abAborto\u00bb","img":{"alt_text":"","src":"https:\/\/i2.wp.com\/catolicasmexico.com\/blog\/wp-content\/uploads\/2013\/05\/image-30.jpeg?resize=350%2C200","width":350,"height":200},"classes":[]},{"id":2839,"url":"http:\/\/catolicasmexico.com\/blog\/marcha-por-la-vida-en-colombia-este-17-de-mayo\/","url_meta":{"origin":157,"position":3},"title":"Marcha por la vida en Colombia este 17 de mayo.","date":"21 abril 2014","format":false,"excerpt":"Colombia: Anuncian Marcha por la Vida a ocho a\u00f1os de despenalizaci\u00f3n del aborto BOGOT\u00c1, 21 Abr. 14 \/ 03:40 am (ACI\/EWTN Noticias).- Las organizaciones defensoras de la vida en Colombia anunciaron para el 17 de mayo la realizaci\u00f3n de la 8 Marcha por la Vida, conmemorando los 8 a\u00f1os de\u2026","rel":"","context":"En \u00abAborto\u00bb","img":{"alt_text":"","src":"https:\/\/i1.wp.com\/catolicasmexico.com\/blog\/wp-content\/uploads\/2014\/04\/20140421-120317.jpg?resize=350%2C200","width":350,"height":200},"classes":[]},{"id":263,"url":"http:\/\/catolicasmexico.com\/blog\/grave-escasez-de-alimentos-en-venezuela-amenaza-vino-y-hostias-para-misa\/","url_meta":{"origin":157,"position":4},"title":"Grave escasez de alimentos en Venezuela, amenaza vino y hostias para misa.","date":"12 mayo 2013","format":false,"excerpt":"REDACCI\u00d3N CENTRAL, 10 May. 13 \/ 05:50 pm (ACI\/EWTN Noticias).- La reconocida periodista venezolana Macky Arenas, directora de Reporte Cat\u00f3lico Laico (RCL), denunci\u00f3 que la grave escasez de alimentos en el pa\u00eds, que amenaza incluso a la posibilidad de tener vino y hostias en las Misas, se debe en buena\u2026","rel":"","context":"En \u00abFe\u00bb","img":{"alt_text":"","src":"https:\/\/i1.wp.com\/catolicasmexico.com\/blog\/wp-content\/uploads\/2013\/05\/image-111.jpeg?resize=350%2C200","width":350,"height":200},"classes":[]},{"id":613,"url":"http:\/\/catolicasmexico.com\/blog\/buenas-noticias-triunfo-pro-vida-la-corte-suprema-de-el-salvador-no-se-deja-enganar-por-el-supuesto-conflicto-de-intereses\/","url_meta":{"origin":157,"position":5},"title":"Buenas noticias, triunfo Pro-Vida : La Corte suprema de El salvador no se Deja  enga\u00f1ar por el supuesto \"conflicto de intereses\"","date":"30 mayo 2013","format":false,"excerpt":"El Salvador protege la vida frente al enga\u00f1o abortista. Noticia de HO. \"Los derechos de la madre no pueden privilegiarse sobre los del nasciturus\": la Corte Suprema no se amilana ante el lobby abortista, que con campa\u00f1as como la desatada por Amnist\u00eda Internacional y el IPPF manipulan el caso Beatriz\u2026","rel":"","context":"En \u00abAborto\u00bb","img":{"alt_text":"","src":"https:\/\/i1.wp.com\/catolicasmexico.com\/blog\/wp-content\/uploads\/2013\/05\/image-121.jpeg?resize=350%2C200","width":350,"height":200},"classes":[]}],"jetpack_likes_enabled":false,"jetpack_sharing_enabled":true,"_links":{"self":[{"href":"http:\/\/catolicasmexico.com\/blog\/wp-json\/wp\/v2\/posts\/157"}],"collection":[{"href":"http:\/\/catolicasmexico.com\/blog\/wp-json\/wp\/v2\/posts"}],"about":[{"href":"http:\/\/catolicasmexico.com\/blog\/wp-json\/wp\/v2\/types\/post"}],"author":[{"embeddable":true,"href":"http:\/\/catolicasmexico.com\/blog\/wp-json\/wp\/v2\/users\/2"}],"replies":[{"embeddable":true,"href":"http:\/\/catolicasmexico.com\/blog\/wp-json\/wp\/v2\/comments?post=157"}],"version-history":[{"count":2,"href":"http:\/\/catolicasmexico.com\/blog\/wp-json\/wp\/v2\/posts\/157\/revisions"}],"predecessor-version":[{"id":175,"href":"http:\/\/catolicasmexico.com\/blog\/wp-json\/wp\/v2\/posts\/157\/revisions\/175"}],"wp:featuredmedia":[{"embeddable":true,"href":"http:\/\/catolicasmexico.com\/blog\/wp-json\/wp\/v2\/media\/158"}],"wp:attachment":[{"href":"http:\/\/catolicasmexico.com\/blog\/wp-json\/wp\/v2\/media?parent=157"}],"wp:term":[{"taxonomy":"category","embeddable":true,"href":"http:\/\/catolicasmexico.com\/blog\/wp-json\/wp\/v2\/categories?post=157"},{"taxonomy":"post_tag","embeddable":true,"href":"http:\/\/catolicasmexico.com\/blog\/wp-json\/wp\/v2\/tags?post=157"}],"curies":[{"name":"wp","href":"https:\/\/api.w.org\/{rel}","templated":true}]}}