{"id":1562,"date":"2013-08-09T08:50:46","date_gmt":"2013-08-09T13:50:46","guid":{"rendered":"http:\/\/catolicasmexico.com\/blog\/?p=1562"},"modified":"2017-07-21T23:47:53","modified_gmt":"2017-07-22T04:47:53","slug":"cardenal-invita-a-peregrinar-a-la-catedral-de-mexico-memoria-viva-de-la-fe","status":"publish","type":"post","link":"http:\/\/catolicasmexico.com\/blog\/cardenal-invita-a-peregrinar-a-la-catedral-de-mexico-memoria-viva-de-la-fe\/","title":{"rendered":"Cardenal invita a peregrinar a la Catedral de M\u00e9xico, \u201cmemoria viva\u201d de la fe."},"content":{"rendered":"<p><a href=\"http:\/\/catolicasmexico.com\/blog\/wp-content\/uploads\/2013\/08\/20130809-095325.jpg\"><img src=\"http:\/\/catolicasmexico.com\/blog\/wp-content\/uploads\/2013\/08\/20130809-095325.jpg\" alt=\"20130809-095325.jpg\" class=\"alignnone size-full\"  \/> <\/a><\/p>\n<p>M\u00c9XICO D.F., 09 Ago. 13 \/ 04:29 am (ACI\/EWTN Noticias).- El Arzobispo de M\u00e9xico (M\u00e9xico), Cardenal Norberto Rivera, invit\u00f3 a los fieles a peregrinar a la Catedral Metropolitana, que este a\u00f1o celebra el jubileo por el Bicentenario de la culminaci\u00f3n de su construcci\u00f3n, y mostrar \u201cas\u00ed su comuni\u00f3n con la C\u00e1tedra y manifiesten su amor y devoci\u00f3n a Mar\u00eda Sant\u00edsima, asunta a los cielos, Se\u00f1ora de nuestra Catedral Metropolitana\u201d.<br \/>\n(&#8230;)<\/p>\n<p>El \u201cculto en verdad y esp\u00edritu\u201d que se rinde a Dios desde esta Catedral -indic\u00f3-, \u201cno puede quedar \u2013como tantos quisieran\u2013 en un acto cerrado, como un acto privado de la conciencia\u201d porque el  culto verdadero  \u201cnos debe llevar al compromiso y a la vivencia cotidiana de nuestra fe m\u00e1s all\u00e1 de los muros sagrados\u201d.<\/p>\n<p>El Cardenal record\u00f3 que la Catedral muestra a los fieles que son una \u201ccomunidad peregrina\u201d y por tanto los \u201canima a vivir los valores del Evangelio, mediante la construcci\u00f3n de la justicia y la paz, la promoci\u00f3n del bien com\u00fan, la tutela y la defensa de la vida, la promoci\u00f3n de la dignidad de la persona humana, porque en definitiva, todo lo que conviene al bienestar y la salvaci\u00f3n del hombre es el proyecto divino que vemos, escuchamos y experimentamos en Cristo, rostro humano de Dios, rostro divino del hombre\u201d.<\/p>\n<p>En la carta, difundida por el Sistema Informativo de la Arquidi\u00f3cesis de M\u00e9xico (SIAME), el Purpurado tambi\u00e9n destac\u00f3 que como \u201cmemoria viva\u201d del legado del pueblo que peregrina, \u201cla Catedral en su arte, posee toda una pedagog\u00eda de fe, en la que viene expresada de forma bella y sublime la piedad de los fieles de tantas generaciones. Por ello, m\u00e1s que ser un patrimonio hist\u00f3rico-cultural, es sobre todo un patrimonio catequ\u00e9tico-evangelizador, un patrimonio de amor y de fe que alienta nuestra esperanza\u201d.<\/p>\n<p>\u201cDe ello resulta claro que el patrimonio cultural de la Iglesia no es un tesoro que se colecciona, carente de identidad y cerrado en s\u00ed mismo; no es una acumulaci\u00f3n fr\u00edvola de ornamentaci\u00f3n vanidosa, o peor a\u00fan, una manifestaci\u00f3n de poder y gloria mundanos; al contrario, es un \u2018patrimonio vivo\u2019 de generaciones de creyentes que han contribuido al embellecimiento del culto divino, es la fe del pueblo, expresada en la sensibilidad art\u00edstica que ha enriqueciendo a la cultura con la luminosidad del Evangelio y ha hecho presente el esplendor de la verdad, que es Jesucristo mismo\u201d, indic\u00f3.<\/p>\n<p>Finalmente, el Arzobispo encomend\u00f3 a la Virgen Mar\u00eda, patrona de la Catedral, las actividades conmemorativas que se iniciar\u00e1n el 15 de agosto \u201cpara que en la comuni\u00f3n del amor conservemos este legado de la \u2018memoria viva\u2019 de la fe de nuestro pueblo\u201d.<\/p>\n","protected":false},"excerpt":{"rendered":"<p>M\u00c9XICO D.F., 09 Ago. 13 \/ 04:29 am (ACI\/EWTN Noticias).- El Arzobispo de M\u00e9xico (M\u00e9xico), Cardenal Norberto Rivera, invit\u00f3 a los fieles a peregrinar a la Catedral Metropolitana, que este a\u00f1o celebra el jubileo por el Bicentenario de la culminaci\u00f3n de su construcci\u00f3n, y mostrar \u201cas\u00ed su comuni\u00f3n con la C\u00e1tedra y manifiesten su amor [&hellip;]<\/p>\n","protected":false},"author":2,"featured_media":1561,"comment_status":"open","ping_status":"open","sticky":false,"template":"","format":"standard","meta":{"spay_email":"","jetpack_publicize_message":"","jetpack_is_tweetstorm":false},"categories":[25,13,57],"tags":[],"aioseo_notices":[],"jetpack_featured_media_url":"http:\/\/catolicasmexico.com\/blog\/wp-content\/uploads\/2013\/08\/20130809-095325.jpg","jetpack_publicize_connections":[],"jetpack_shortlink":"https:\/\/wp.me\/p3B5XH-pc","jetpack-related-posts":[{"id":1449,"url":"http:\/\/catolicasmexico.com\/blog\/catedral-en-santiago-de-chile-es-atacada-por-abortistas-monsenor-ezzati-pide-perdon-a-dios\/","url_meta":{"origin":1562,"position":0},"title":"Catedral en Santiago de Chile es atacada por abortistas, Monse\u00f1or Ezzati pide perd\u00f3n a Dios.","date":"29 julio 2013","format":false,"excerpt":"Art\u00edculo editado y comentario de www.catolicasmexico.com Otro ataque infame a la Santa Iglesia, perpetrado por un grupo de abortistas, que mediante la violencia, amenazas, blasfemias, destrucci\u00f3n y odio tratan de hacer pasar ley del aborto en Chile. SANTIAGO, 26 Jul. 13 \/ 06:39 pm (ACI).- El Arzobispo de Santiago (Chile),\u2026","rel":"","context":"En \u00abAborto\u00bb","img":{"alt_text":"","src":"","width":0,"height":0},"classes":[]},{"id":2579,"url":"http:\/\/catolicasmexico.com\/blog\/la-relacion-entre-la-violencia-desmedida-y-los-abortos-en-mexico\/","url_meta":{"origin":1562,"position":1},"title":"La relaci\u00f3n entre la violencia desmedida y los abortos en M\u00e9xico","date":"13 febrero 2014","format":false,"excerpt":"Art\u00edculo Alejandra Mu\u00f1oz. El pasado 26 de enero, los Cardenales Noberto Rivera Carrera de la Arquidi\u00f3cesis del Distrito Federal y Monse\u00f1or Juan Sandoval I\u00f1iguez Arzobispo em\u00e9rito de Guadalajara oficializaron una Misa en la Catedral Metropolitana de la Ciudad de M\u00e9xico. Despu\u00e9s de la Misa, se dio una conferencia para presentar\u2026","rel":"","context":"En \u00abAborto\u00bb","img":{"alt_text":"","src":"","width":0,"height":0},"classes":[]},{"id":791,"url":"http:\/\/catolicasmexico.com\/blog\/horror-en-la-catedral-de-nantes-se-censuran-imagenes-de-profanacion-y-reacciona-ayrault\/","url_meta":{"origin":1562,"position":2},"title":"Horror en la catedral de Nantes: Se censuran im\u00e1genes de profanaci\u00f3n Y reacciona Ayrault.","date":"10 junio 2013","format":false,"excerpt":"Noticia de Religi\u00f3n en libertad.com Francia padece una brutal campa\u00f1a de odio religioso que conduce cada semana a la profanaci\u00f3n de varias iglesias (puede hacerse un seguimiento a trav\u00e9s de la p\u00e1gina del Observatorio de la Cristianofobia). La \u00faltima y m\u00e1s importante, la hist\u00f3rica catedral de Nantes, que en la\u2026","rel":"","context":"En \u00abFe\u00bb","img":{"alt_text":"","src":"","width":0,"height":0},"classes":[]},{"id":3041,"url":"http:\/\/catolicasmexico.com\/blog\/hoy-celebramos-a-san-juan-de-san-facundosan-basil-san-cyrano-san-nabor-y-san-nazario\/","url_meta":{"origin":1562,"position":3},"title":"Hoy celebramos a San Juan de San Facundo,San Basil, San Cyrano, San Nabor y San Nazario.","date":"12 junio 2014","format":false,"excerpt":"Missel Qvotidien et Vesperal traducci\u00f3n y edici\u00f3n libre www.catolicasmexico.com informaci\u00f3n suplementaria fuente pregunta santoral. Confesor. Fiesta de tercera clase-Blanco. Naci\u00f3 en 1430 en Sn. facundo, Espa\u00f1a. Can\u00f3nigo de la catedral de Burgos, entra a la orden de los Ermitas de Sn Agustin. Es un hombre remarcable por su devoci\u00f3n al\u2026","rel":"","context":"En \u00abFe\u00bb","img":{"alt_text":"","src":"https:\/\/i2.wp.com\/catolicasmexico.com\/blog\/wp-content\/uploads\/2014\/06\/20140612-142616.jpg?resize=350%2C200","width":350,"height":200},"classes":[]},{"id":2178,"url":"http:\/\/catolicasmexico.com\/blog\/quien-dice-que-el-diablo-no-existelas-feministas-pro-aborto-agreden-sexualmente-a-los-hombres-en-oracion-que-defendian-la-catedral\/","url_meta":{"origin":1562,"position":4},"title":"\u00bfQui\u00e9n dice que el diablo no existe?Las Feministas Pro-aborto agreden sexualmente a los hombres en oraci\u00f3n que defend\u00edan la catedral.","date":"5 diciembre 2013","format":false,"excerpt":"\u00a0 Del sitio www.cqv.qc.ca por Sof\u00eda V\u00e1zquez-Mellado, traducido por www.catolicasmexico.com Buenos Aires, 02 de diciembre de 2013 (LifeSiteNews.com) - extremadamente impactantes las secuencias del video filmado en la ciudad de San Juan en Argentina, que muestra una multitud de feministas, durante una reciente manifestaci\u00f3n , atacando y agrediendo sexualmente a\u2026","rel":"","context":"En \u00abAborto\u00bb","img":{"alt_text":"","src":"https:\/\/i2.wp.com\/catolicasmexico.com\/blog\/wp-content\/uploads\/2013\/12\/20131205-201311.jpg?resize=350%2C200","width":350,"height":200},"classes":[]},{"id":3149,"url":"http:\/\/catolicasmexico.com\/blog\/nuestra-senora-de-la-luz\/","url_meta":{"origin":1562,"position":5},"title":"Nuestra Se\u00f1ora de La Luz.","date":"1 julio 2014","format":false,"excerpt":"Oraci\u00f3n a Nuestra Se\u00f1ora de la Luz Madre y se\u00f1ora, t\u00fa eres luz que disipas la sombra del enga\u00f1o; t\u00fa eres la dulzura que deleita al coraz\u00f3n y eres la poderosa madre en quien espero y conf\u00edo. Aleja de mi todo peligro; gu\u00e1rdame, se\u00f1ora, y en estos ocho d\u00edas rec\u00edbeme\u2026","rel":"","context":"En \u00abSantoral\u00bb","img":{"alt_text":"","src":"","width":0,"height":0},"classes":[]}],"jetpack_likes_enabled":false,"jetpack_sharing_enabled":true,"_links":{"self":[{"href":"http:\/\/catolicasmexico.com\/blog\/wp-json\/wp\/v2\/posts\/1562"}],"collection":[{"href":"http:\/\/catolicasmexico.com\/blog\/wp-json\/wp\/v2\/posts"}],"about":[{"href":"http:\/\/catolicasmexico.com\/blog\/wp-json\/wp\/v2\/types\/post"}],"author":[{"embeddable":true,"href":"http:\/\/catolicasmexico.com\/blog\/wp-json\/wp\/v2\/users\/2"}],"replies":[{"embeddable":true,"href":"http:\/\/catolicasmexico.com\/blog\/wp-json\/wp\/v2\/comments?post=1562"}],"version-history":[{"count":2,"href":"http:\/\/catolicasmexico.com\/blog\/wp-json\/wp\/v2\/posts\/1562\/revisions"}],"predecessor-version":[{"id":4624,"href":"http:\/\/catolicasmexico.com\/blog\/wp-json\/wp\/v2\/posts\/1562\/revisions\/4624"}],"wp:featuredmedia":[{"embeddable":true,"href":"http:\/\/catolicasmexico.com\/blog\/wp-json\/wp\/v2\/media\/1561"}],"wp:attachment":[{"href":"http:\/\/catolicasmexico.com\/blog\/wp-json\/wp\/v2\/media?parent=1562"}],"wp:term":[{"taxonomy":"category","embeddable":true,"href":"http:\/\/catolicasmexico.com\/blog\/wp-json\/wp\/v2\/categories?post=1562"},{"taxonomy":"post_tag","embeddable":true,"href":"http:\/\/catolicasmexico.com\/blog\/wp-json\/wp\/v2\/tags?post=1562"}],"curies":[{"name":"wp","href":"https:\/\/api.w.org\/{rel}","templated":true}]}}