{"id":1559,"date":"2013-08-09T08:33:14","date_gmt":"2013-08-09T13:33:14","guid":{"rendered":"http:\/\/catolicasmexico.com\/blog\/?p=1559"},"modified":"2013-08-09T08:33:14","modified_gmt":"2013-08-09T13:33:14","slug":"pro-vidas-convocan-marcha-en-rechazo-al-aborto-en-bolivia","status":"publish","type":"post","link":"http:\/\/catolicasmexico.com\/blog\/pro-vidas-convocan-marcha-en-rechazo-al-aborto-en-bolivia\/","title":{"rendered":"Pro-vidas convocan marcha en rechazo al aborto en Bolivia"},"content":{"rendered":"<p><a href=\"http:\/\/catolicasmexico.com\/blog\/wp-content\/uploads\/2013\/08\/20130809-093601.jpg\"><img src=\"http:\/\/catolicasmexico.com\/blog\/wp-content\/uploads\/2013\/08\/20130809-093601.jpg\" alt=\"20130809-093601.jpg\" class=\"alignnone size-full\"  \/> <\/a><\/p>\n<p> Unidos en oraci\u00f3n por la causa de la vida.<\/p>\n<p>LA PAZ, 08 Ago. 13 \/ 11:17 pm (ACI\/EWTN Noticias).- La Plataforma por La Vida, que re\u00fane a varias entidades y personalidades de Santa Cruz (Bolivia), convoc\u00f3 para el 22 de agosto a una marcha en rechazo a la posible despenalizaci\u00f3n del aborto en el pa\u00eds a trav\u00e9s del Tribunal Constitucional.<br \/>\n(&#8230;)<\/p>\n<p>La  presidenta del Comit\u00e9 C\u00edvico Femenino de la capital cruce\u00f1a, Mary Olivia Vincenti, pidi\u00f3 ayer a las autoridades competentes reconsiderar el tratamiento del  mencionado proyecto que intenta vulnerar la vida de un ser humano que  a criterio de la dirigente comienza desde el momento de la fecundaci\u00f3n.<\/p>\n<p>\u201cLa vida es lo principal, no se puede vulnerar, menos quitar a una persona el derecho a la vida, por lo tanto no estamos de acuerdo con la despenalizaci\u00f3n del aborto. Consideremos y pedimos al Tribunal reconsiderar el tratamiento de este tema, que m\u00e1s all\u00e1 de un planteamiento se juega con la vida de la madre y de un hijo\u201d, manifest\u00f3 Vicenti en declaraciones a la prensa.<\/p>\n<p>La movilizaci\u00f3n convocada para el 22 de agosto, dijo que partir\u00e1 de la plazuela del Estudiante a las 17:00 y llegar\u00e1 hasta la plaza 24 de Septiembre.<\/p>\n<p>Por otra parte, inform\u00f3 que hasta el momento m\u00e1s de 100 mil personas se sumaron a la campa\u00f1a \u201cpor la vida\u201d rubricando sus firmas en los libros que se instalaron en diferentes puntos de la ciudad. Los libros ser\u00e1n enviados al Tribunal Constitucional con el objetivo de frenar su an\u00e1lisis del recurso, dijo.<\/p>\n<p>(&#8230;)<br \/>\nEl responsable de Comunicaci\u00f3n del Arzobispado de Santa Cruz, Edwin Baz\u00e1n, destac\u00f3 la adhesi\u00f3n de la ciudadan\u00eda y otras iglesias a la campa\u00f1a.<\/p>\n","protected":false},"excerpt":{"rendered":"<p>Unidos en oraci\u00f3n por la causa de la vida. LA PAZ, 08 Ago. 13 \/ 11:17 pm (ACI\/EWTN Noticias).- La Plataforma por La Vida, que re\u00fane a varias entidades y personalidades de Santa Cruz (Bolivia), convoc\u00f3 para el 22 de agosto a una marcha en rechazo a la posible despenalizaci\u00f3n del aborto en el pa\u00eds [&hellip;]<\/p>\n","protected":false},"author":2,"featured_media":1558,"comment_status":"open","ping_status":"open","sticky":false,"template":"","format":"standard","meta":{"spay_email":"","jetpack_publicize_message":"","jetpack_is_tweetstorm":false},"categories":[9,70,14,26],"tags":[],"aioseo_notices":[],"jetpack_featured_media_url":"http:\/\/catolicasmexico.com\/blog\/wp-content\/uploads\/2013\/08\/20130809-093601.jpg","jetpack_publicize_connections":[],"jetpack_shortlink":"https:\/\/wp.me\/p3B5XH-p9","jetpack-related-posts":[{"id":2610,"url":"http:\/\/catolicasmexico.com\/blog\/el-tribunal-constitucional-rechaza-la-despenalizacion-del-aborto-en-bolivia\/","url_meta":{"origin":1559,"position":0},"title":"El Tribunal Constitucional rechaza la despenalizaci\u00f3n del aborto en Bolivia.","date":"17 febrero 2014","format":false,"excerpt":"BOLIVIA.-(AGENCIALAVOZ) El Tribunal Constitucional de Bolivia rechaz\u00f3 de facto la despenalizaci\u00f3n del aborto en este pa\u00eds, al ratificar en una sentencia la constitucionalidad del respeto a la vida desde la concepci\u00f3n, informaron hoy fuentes judiciales. En su dictamen, adelantado este jueves a la prensa pero que no se har\u00e1 p\u00fablico\u2026","rel":"","context":"En \u00abAborto\u00bb","img":{"alt_text":"","src":"https:\/\/i1.wp.com\/catolicasmexico.com\/blog\/wp-content\/uploads\/2014\/02\/20140217-140011.jpg?resize=350%2C200","width":350,"height":200},"classes":[]},{"id":1693,"url":"http:\/\/catolicasmexico.com\/blog\/bolivia-podria-despenalizar-el-aborto-los-pro-vida-y-pro-familias-salen-a-las-calles-en-forma-masiva\/","url_meta":{"origin":1559,"position":1},"title":"Bolivia podr\u00eda despenalizar el aborto los pro-vida y pro-familias salen a las calles en forma masiva","date":"26 agosto 2013","format":false,"excerpt":"Noticia de AGENCIALA VOZ. Edici\u00f3n www.catolicasmexico.com LA PAZ, BOLIVIA .- (AGENCIALAVOZ) Miles de personas se manifestaron el jueves en cuatro regiones de Bolivia en contra del aborto despu\u00e9s que una legisladora present\u00f3 un proyecto para su despenalizaci\u00f3n. La protesta, denominada \"En defensa de la vida\", uni\u00f3 a personas en los\u2026","rel":"","context":"En \u00abAborto\u00bb","img":{"alt_text":"","src":"https:\/\/i0.wp.com\/catolicasmexico.com\/blog\/wp-content\/uploads\/2013\/08\/20130826-121724.jpg?resize=350%2C200","width":350,"height":200},"classes":[]},{"id":2839,"url":"http:\/\/catolicasmexico.com\/blog\/marcha-por-la-vida-en-colombia-este-17-de-mayo\/","url_meta":{"origin":1559,"position":2},"title":"Marcha por la vida en Colombia este 17 de mayo.","date":"21 abril 2014","format":false,"excerpt":"Colombia: Anuncian Marcha por la Vida a ocho a\u00f1os de despenalizaci\u00f3n del aborto BOGOT\u00c1, 21 Abr. 14 \/ 03:40 am (ACI\/EWTN Noticias).- Las organizaciones defensoras de la vida en Colombia anunciaron para el 17 de mayo la realizaci\u00f3n de la 8 Marcha por la Vida, conmemorando los 8 a\u00f1os de\u2026","rel":"","context":"En \u00abAborto\u00bb","img":{"alt_text":"","src":"https:\/\/i1.wp.com\/catolicasmexico.com\/blog\/wp-content\/uploads\/2014\/04\/20140421-120317.jpg?resize=350%2C200","width":350,"height":200},"classes":[]},{"id":2416,"url":"http:\/\/catolicasmexico.com\/blog\/los-provida-40-000-los-abortistas-200-exito-mediatico-espanol-de-la-marcha-por-la-vida-en-paris-rel\/","url_meta":{"origin":1559,"position":3},"title":"Los provida, 40.000; los abortistas, 200: \u00e9xito medi\u00e1tico espa\u00f1ol de la Marcha por la Vida en Par\u00eds - ReL","date":"20 enero 2014","format":false,"excerpt":"Articulo de religi\u00f3n en libertad. La Marcha por la Vida del domingo 19 de enero en Par\u00eds (la explicamos con detalle aqu\u00ed) fue la m\u00e1s numerosa desde que se volvieron a convocar estos actos en 2005, con unos 40.000 manifestantes que salieron de la plaza Denfert-Rochereau (la polic\u00eda, despu\u00e9s de\u2026","rel":"","context":"En \u00abAborto\u00bb","img":{"alt_text":"","src":"https:\/\/i0.wp.com\/catolicasmexico.com\/blog\/wp-content\/uploads\/2014\/01\/20140120-1858201.jpg?resize=350%2C200","width":350,"height":200},"classes":[]},{"id":241,"url":"http:\/\/catolicasmexico.com\/blog\/marcha-por-la-vida-en-la-colina-parlamentaria-en-ottawa\/","url_meta":{"origin":1559,"position":4},"title":"Marcha por la vida en la Colina Parlamentaria en Canad\u00e1","date":"10 mayo 2013","format":false,"excerpt":"Ayer se llevo a cabo la marcha por la vida en la Colina Parlamentaria en Ottawa, Canad\u00e1. Se calcula que 25,000 personas se presentaron para defender la vida del no nacido, \u00a021 diputados y dos senadores, participaron en el evento, \u00a0as\u00ed como los Caballeros de Colon, e innumerables, familias y\u2026","rel":"","context":"En \u00abAborto\u00bb","img":{"alt_text":"","src":"https:\/\/i0.wp.com\/catolicasmexico.com\/blog\/wp-content\/uploads\/2013\/05\/image-10-150x150.jpeg?resize=350%2C200","width":350,"height":200},"classes":[]},{"id":2765,"url":"http:\/\/catolicasmexico.com\/blog\/no-al-aborto-mas-de-500-organizaciones-en-marcha-por-la-vida-la-mujer-y-la-maternidad\/","url_meta":{"origin":1559,"position":5},"title":"No al aborto: M\u00e1s de 500 organizaciones en Marcha por la Vida, la Mujer y la Maternidad","date":"21 marzo 2014","format":false,"excerpt":"MADRID, 21 Mar. 14 \/ 11:44 am (ACI\/Europa Press).- La Marcha por la Vida, la Mujer y la Maternidad, convocada por las m\u00e1s de 500 asociaciones y entidades que integran la Plataforma S\u00ed a la Vida, discurrir\u00e1 el pr\u00f3ximo domingo, D\u00eda Internacional de la Vida, desde Cibeles hasta la Puerta\u2026","rel":"","context":"En \u00abEspa\u00f1a\u00bb","img":{"alt_text":"","src":"https:\/\/i0.wp.com\/catolicasmexico.com\/blog\/wp-content\/uploads\/2014\/03\/20140321-232052.jpg?resize=350%2C200","width":350,"height":200},"classes":[]}],"jetpack_likes_enabled":false,"jetpack_sharing_enabled":true,"_links":{"self":[{"href":"http:\/\/catolicasmexico.com\/blog\/wp-json\/wp\/v2\/posts\/1559"}],"collection":[{"href":"http:\/\/catolicasmexico.com\/blog\/wp-json\/wp\/v2\/posts"}],"about":[{"href":"http:\/\/catolicasmexico.com\/blog\/wp-json\/wp\/v2\/types\/post"}],"author":[{"embeddable":true,"href":"http:\/\/catolicasmexico.com\/blog\/wp-json\/wp\/v2\/users\/2"}],"replies":[{"embeddable":true,"href":"http:\/\/catolicasmexico.com\/blog\/wp-json\/wp\/v2\/comments?post=1559"}],"version-history":[{"count":1,"href":"http:\/\/catolicasmexico.com\/blog\/wp-json\/wp\/v2\/posts\/1559\/revisions"}],"predecessor-version":[{"id":1560,"href":"http:\/\/catolicasmexico.com\/blog\/wp-json\/wp\/v2\/posts\/1559\/revisions\/1560"}],"wp:featuredmedia":[{"embeddable":true,"href":"http:\/\/catolicasmexico.com\/blog\/wp-json\/wp\/v2\/media\/1558"}],"wp:attachment":[{"href":"http:\/\/catolicasmexico.com\/blog\/wp-json\/wp\/v2\/media?parent=1559"}],"wp:term":[{"taxonomy":"category","embeddable":true,"href":"http:\/\/catolicasmexico.com\/blog\/wp-json\/wp\/v2\/categories?post=1559"},{"taxonomy":"post_tag","embeddable":true,"href":"http:\/\/catolicasmexico.com\/blog\/wp-json\/wp\/v2\/tags?post=1559"}],"curies":[{"name":"wp","href":"https:\/\/api.w.org\/{rel}","templated":true}]}}