{"id":150,"date":"2013-05-07T12:53:32","date_gmt":"2013-05-07T17:53:32","guid":{"rendered":"http:\/\/catolicasmexico.com\/blog\/?p=150"},"modified":"2014-09-19T13:24:33","modified_gmt":"2014-09-19T18:24:33","slug":"blood-money-dinero-de-sangre","status":"publish","type":"post","link":"http:\/\/catolicasmexico.com\/blog\/blood-money-dinero-de-sangre\/","title":{"rendered":"Blood Money (Dinero de Sangre)"},"content":{"rendered":"<p><a href=\"http:\/\/catolicasmexico.com\/blog\/wp-content\/uploads\/2014\/09\/20140919-144032.jpg\"><img src=\"http:\/\/catolicasmexico.com\/blog\/wp-content\/uploads\/2014\/09\/20140919-144032.jpg\" alt=\"20140919-144032.jpg\" class=\"alignnone size-full\"  \/> <\/a><\/p>\n<p>Documental que expone la verdad que se esconde detr\u00e1s de la Industria del aborto muestra las estrategias que llevan a cabo para conseguir el mayor n\u00famero de abortos sin importarles las mujeres y las familias enteras destrozadas por una industria cuyo objetivo \u00fanico es el dinero.<\/p>\n<p><object width=\"560\" height=\"315\" classid=\"clsid:d27cdb6e-ae6d-11cf-96b8-444553540000\" codebase=\"http:\/\/download.macromedia.com\/pub\/shockwave\/cabs\/flash\/swflash.cab#version=6,0,40,0\"><param name=\"allowFullScreen\" value=\"true\" \/><param name=\"allowscriptaccess\" value=\"always\" \/><param name=\"src\" value=\"http:\/\/www.youtube.com\/v\/egYzNVmhv-U?hl=en_GB&amp;version=3&amp;rel=0\" \/><param name=\"allowfullscreen\" value=\"true\" \/><\/object><\/p>\n","protected":false},"excerpt":{"rendered":"<p>Documental que expone la verdad que se esconde detr\u00e1s de la Industria del aborto muestra las estrategias que llevan a cabo para conseguir el mayor n\u00famero de abortos sin importarles las mujeres y las familias enteras destrozadas por una industria cuyo objetivo \u00fanico es el dinero.<\/p>\n","protected":false},"author":2,"featured_media":3418,"comment_status":"open","ping_status":"open","sticky":false,"template":"","format":"standard","meta":{"spay_email":"","jetpack_publicize_message":"","jetpack_is_tweetstorm":false},"categories":[9,16,17,20,14],"tags":[],"aioseo_notices":[],"jetpack_featured_media_url":"http:\/\/catolicasmexico.com\/blog\/wp-content\/uploads\/2014\/09\/20140919-144032.jpg","jetpack_publicize_connections":[],"jetpack_shortlink":"https:\/\/wp.me\/p3B5XH-2q","jetpack-related-posts":[{"id":4407,"url":"http:\/\/catolicasmexico.com\/blog\/miley-cyrus-fue-contratada-para-financiar-la-industria-del-aborto\/","url_meta":{"origin":150,"position":0},"title":"Miley Cyrus fue contratada para financiar la industria del aborto.","date":"6 junio 2016","format":false,"excerpt":"Miley Cyrus, ex-icone de Walt Disney que se convirti\u00f3 en cantante con tintes pornogr\u00e1ficos, considera que Planned Parenthood no recibe suficientes fondos por los aborto y la venta de \u00f3rganos de ni\u00f1os abortados.Por lo tanto ha puesto en marcha una campa\u00f1a de publicidad para recaudar fondos para el centro de\u2026","rel":"","context":"En \u00abAborto\u00bb","img":{"alt_text":"","src":"https:\/\/i2.wp.com\/catolicasmexico.com\/blog\/wp-content\/uploads\/2016\/06\/IMG_0681.jpg?resize=350%2C200","width":350,"height":200},"classes":[]},{"id":4091,"url":"http:\/\/catolicasmexico.com\/blog\/una-decision-mayor-esta-por-ser-tomada-por-la-suprema-corte\/","url_meta":{"origin":150,"position":1},"title":"Una decisi\u00f3n mayor est\u00e1 por ser tomada por la Suprema Corte","date":"20 noviembre 2015","format":false,"excerpt":"\u00a0 \u00a0 \u00a0 \u00a0 \u00a0 \u00a0 \u00a0 \u00a0 \u00a0 \u00a0 Original:\u00a0Church Militant\u00a0Traducci\u00f3n libre para catolicasmexico.com WASHINGTON (Elizabeth Slattery) - A finales de junio, la Suprema Corte deliberar\u00e1 sobre uno de los casos m\u00e1s importantes relativos a la legislaci\u00f3n del aborto de los \u00faltimos a\u00f1os. Hoy, los magistrados anunciaron que decidir\u00e1n\u2026","rel":"","context":"En \u00abAborto\u00bb","img":{"alt_text":"","src":"https:\/\/i2.wp.com\/catolicasmexico.com\/blog\/wp-content\/uploads\/2015\/11\/2015-11-16-niles-a.jpg?resize=350%2C200","width":350,"height":200},"classes":[]},{"id":1128,"url":"http:\/\/catolicasmexico.com\/blog\/simplemente-sientate-en-el-inodoro-si-viene-el-bebe-dice-una-trabajadora-de-una-clinica-de-aborto-a-una-mama-embarazada-de-27-semanas\/","url_meta":{"origin":150,"position":2},"title":"\"Simplemente si\u00e9ntate en el inodoro\" si viene el beb\u00e9, dice una trabajadora de una cl\u00ednica de aborto a una mam\u00e1 embarazada de 27 semanas","date":"9 julio 2013","format":false,"excerpt":"John Jalsevac de LifeSiteNews. Traduccion y edici\u00f3n libre Alejandro P. de www.catolicasmexico.com Lunes, 01 de julio de 2013 6:48 ALBUQUERQUE, Nuevo M\u00e9xico, 30 de junio de 2013 (LifeSiteNews.com) Esto puede ser visto en el \u00faltimo video lanzado por el grupo Live Action: Una trabajadora de un notorio centro de aborto\u2026","rel":"","context":"En \u00abAborto\u00bb","img":{"alt_text":"","src":"","width":0,"height":0},"classes":[]},{"id":2520,"url":"http:\/\/catolicasmexico.com\/blog\/el-aborto-es-sagrado-corearon-a-la-entrada-de-la-misa\/","url_meta":{"origin":150,"position":3},"title":"\u00abEl aborto es sagrado\u00bb, corearon a la entrada de la misa","date":"4 febrero 2014","format":false,"excerpt":"Del sitio Religi\u00f3n en Libertad. Editado por Alejandro P. para catolicasmexico.com Cinco activistas del\u00a0movimiento abortista Femen, con los pechos desnudos, han abordado al grito de \"el aborto es sagrado\" al cardenal Antonio Mar\u00eda Rouco, arzobispo de Madrid y presidente de los obispos espa\u00f1oles, cuando \u00e9l se dispon\u00eda a entrar en\u2026","rel":"","context":"En \u00abAborto\u00bb","img":{"alt_text":"","src":"https:\/\/i2.wp.com\/catolicasmexico.com\/blog\/wp-content\/uploads\/2014\/02\/femen_tetas_rouco.jpg?resize=350%2C200","width":350,"height":200},"classes":[]},{"id":3869,"url":"http:\/\/catolicasmexico.com\/blog\/una-mujer-pide-1-millon-de-dolares-o-abortara-a-su-bebe-de-7-semanas\/","url_meta":{"origin":150,"position":4},"title":"Una mujer pide 1 mill\u00f3n de d\u00f3lares, o abortar\u00e1 a su beb\u00e9 de 7 semanas","date":"14 julio 2015","format":false,"excerpt":"Por Susan LiveActionNews Michelle - traducido por Alejandro P. De CM Su aborto supuestamente est\u00e1 previsto para el 10 de julio de 2015, una madre an\u00f3nima pide \u00a01 mill\u00f3n de d\u00f3lares de los pro-vida para no matar a su hijo con un aborto. La mujer, que dice \"que har\u00e1 todo\u2026","rel":"","context":"En \u00abAborto\u00bb","img":{"alt_text":"","src":"https:\/\/i1.wp.com\/catolicasmexico.com\/blog\/wp-content\/uploads\/2015\/07\/unnamed.jpg?resize=350%2C200","width":350,"height":200},"classes":[]},{"id":4966,"url":"http:\/\/catolicasmexico.com\/blog\/estan-relacionados-la-anticoncepcion-y-el-aborto-los-hechos-hablan\/","url_meta":{"origin":150,"position":5},"title":"\u00bfEst\u00e1n relacionados la anticoncepci\u00f3n y el aborto?... los hechos hablan","date":"28 julio 2021","format":false,"excerpt":"Foto :\u00a0bisonov\/AdobeStock Publicado por Augustin Hamilton el 27\/07\/2021 18:17 Por Anne Marie Williams (LiveActionNews) - Traducido por Campagne Qu\u00e9bec-Vie - Foto: bisonov \/ AdobeStock . traducci\u00f3n libre CM Molly Jong-Fast, autora y periodista, escribi\u00f3 un art\u00edculo en Vogue: \u201cEl movimiento contra la anticoncepci\u00f3n es el nuevo movimiento contra el aborto\u201d;\u2026","rel":"","context":"En \u00abAborto\u00bb","img":{"alt_text":"","src":"https:\/\/i1.wp.com\/catolicasmexico.com\/blog\/wp-content\/uploads\/2021\/07\/Pilules-contraception-bisonov.jpg?resize=350%2C200","width":350,"height":200},"classes":[]}],"jetpack_likes_enabled":false,"jetpack_sharing_enabled":true,"_links":{"self":[{"href":"http:\/\/catolicasmexico.com\/blog\/wp-json\/wp\/v2\/posts\/150"}],"collection":[{"href":"http:\/\/catolicasmexico.com\/blog\/wp-json\/wp\/v2\/posts"}],"about":[{"href":"http:\/\/catolicasmexico.com\/blog\/wp-json\/wp\/v2\/types\/post"}],"author":[{"embeddable":true,"href":"http:\/\/catolicasmexico.com\/blog\/wp-json\/wp\/v2\/users\/2"}],"replies":[{"embeddable":true,"href":"http:\/\/catolicasmexico.com\/blog\/wp-json\/wp\/v2\/comments?post=150"}],"version-history":[{"count":7,"href":"http:\/\/catolicasmexico.com\/blog\/wp-json\/wp\/v2\/posts\/150\/revisions"}],"predecessor-version":[{"id":3419,"href":"http:\/\/catolicasmexico.com\/blog\/wp-json\/wp\/v2\/posts\/150\/revisions\/3419"}],"wp:featuredmedia":[{"embeddable":true,"href":"http:\/\/catolicasmexico.com\/blog\/wp-json\/wp\/v2\/media\/3418"}],"wp:attachment":[{"href":"http:\/\/catolicasmexico.com\/blog\/wp-json\/wp\/v2\/media?parent=150"}],"wp:term":[{"taxonomy":"category","embeddable":true,"href":"http:\/\/catolicasmexico.com\/blog\/wp-json\/wp\/v2\/categories?post=150"},{"taxonomy":"post_tag","embeddable":true,"href":"http:\/\/catolicasmexico.com\/blog\/wp-json\/wp\/v2\/tags?post=150"}],"curies":[{"name":"wp","href":"https:\/\/api.w.org\/{rel}","templated":true}]}}