{"id":1455,"date":"2013-07-29T14:59:12","date_gmt":"2013-07-29T19:59:12","guid":{"rendered":"http:\/\/catolicasmexico.com\/blog\/?p=1455"},"modified":"2013-07-29T14:59:13","modified_gmt":"2013-07-29T19:59:13","slug":"en-irlanda-los-senadores-no-quiere-saber-como-se-hace-un-aborto","status":"publish","type":"post","link":"http:\/\/catolicasmexico.com\/blog\/en-irlanda-los-senadores-no-quiere-saber-como-se-hace-un-aborto\/","title":{"rendered":"En Irlanda los senadores no quiere saber como se hace un aborto&#8230;"},"content":{"rendered":"<p><a href=\"http:\/\/catolicasmexico.com\/blog\/wp-content\/uploads\/2013\/07\/20130729-155107.jpg\"><img src=\"http:\/\/catolicasmexico.com\/blog\/wp-content\/uploads\/2013\/07\/20130729-155107.jpg\" alt=\"20130729-155107.jpg\" class=\"alignnone size-full\"  \/> <\/a><\/p>\n<p>Del blog de www.cqv.cq.ca original del blog de Jeanne Smits.<br \/>\nTraducci\u00f3n y edici\u00f3n libre Alejandro P. de www.catolicasmexico.com<\/p>\n<p>Jim Walsh, senador irland\u00e9s del partido Fianna F\u00e1il ,que form\u00f3 parte de aquellos que lucharon contra la aprobaci\u00f3n de la ley de aborto  en Irlanda, hace una semana fue atacado fuertemente por describir en detalle la realizaci\u00f3n de un aborto en el segundo trimestre &#8211; previsto por la ley si la salud de la madre est\u00e1 amenazada incluso por una idea de suicidio.  El senador record\u00f3 que esto puede hacerse por el desmembramiento del ni\u00f1o: \u00abel doctor revisa el paso de los brazos, las piernas, el cerebro ..  El senador habl\u00f3 par el Irish Times, neg\u00e1ndose a retractarse en cualquier forma. He Aqu\u00ed parte de la carta abierta. &#8211;<br \/>\n(&#8230;)<\/p>\n<p>La gran mayor\u00eda de los comentarios de los medios de comunicaci\u00f3n simplemente transmiti\u00f3 lo que el gobierno presenta como una ley sobre el aborto \u00abmuy restrictiva\u00bb y elimina toda opini\u00f3n contraria, se\u00f1al\u00e1ndola como t\u00e1ctica de intimidaci\u00f3n.<br \/>\nPocos en los medios de comunicaci\u00f3n, considera que la nueva ley lleva con el tiempo, al aborto accesible en todo momento.<br \/>\nAlgunos comentaristas y parlamentarios pueden creer sinceramente que la ley est\u00e1 estrictamente limitada a las intervenciones para salvar las vidas de las mujeres embarazadas. Sin embargo, en el fondo , muchos deben saber que la realidad ser\u00e1 muy diferente.<\/p>\n<p>Yo sab\u00eda que mi discurso provocar\u00eda cr\u00edticas pero decid\u00ed hacer esto porque el debate ha sido dominado por medias verdades y ficciones reconfortantes. Una de estas ficciones es que la ley es \u00abrestrictiva\u00bb. Aquellos que  no nacen no tienen ni voz ni voto, por lo tanto, estos que tienen una \u00e9tica pro-vida no  pueden pedir en palabras la protecci\u00f3n de su condici\u00f3n inocente y vulnerable, entonces su causa es eliminada, para verg\u00fcenza de la humanidad.<\/p>\n<p>El Aborto sobre pedido.<\/p>\n<p> Basta una mirada a los tribunales del mundo, desde  California hasta Nueva Zelanda demuestra que las leyes casi id\u00e9nticas a la presentada por el gobierno irland\u00e9s, han llevado al acceso  del aborto sobre pedido.<\/p>\n<p>Por esta raz\u00f3n el partido laborista hizo campa\u00f1a intensamente, durante 21 a\u00f1os.(&#8230;)<\/p>\n<p>No voy a presentar ninguna excusa por recurrir a las descripciones del aborto, mientras que el debate se realizaba ante el Senado. (&#8230;) el hecho es que buscaba saber qu\u00e9 m\u00e9todos de aborto se utilizar\u00e1n en el contexto de la nueva ley.<\/p>\n<p>Las respuestas dadas por el Ministro de salud  no me dieron tranquilidad. Sin ninguna excusa, fue incapaz de confirmar los tipos de procedimientos de aborto que se utilizar\u00e1n.  Solo sabemos esto: la ley que permite las interrupciones de embarazo no salvan una vida,  ponen fin a la esta (&#8230;)<\/p>\n<p>\u00bfSi mis descripciones fueron horribles y \u00abrepugnantes\u00bb en palabras no son nada en comparaci\u00f3n con el procedimiento en s\u00ed, que estamos listos para legalizar?<\/p>\n<p>Ten\u00eda como objetivo, no a\u00f1adir la desgarradora experiencia de mujeres que han pasado por este procedimiento. Conoc\u00ed a grupos de mujeres como \u00abWomen Hurt\u00bb (\u00ablas mujeres sufren\u00bb) que han suplicado a los miembros de la Oreichtas (Asamblea) para que se hable de las consecuencias devastadoras del aborto y para ayudar a poner fin a la espiral del silencio que esconde la brutalidad, ocultando lo que sufri\u00f3 un ni\u00f1o inocente.<\/p>\n<p>(&#8230;)<\/p>\n<p>Mientras el gobierno se prepara para legalizar el aborto disfrazado de intervenci\u00f3n m\u00e9dica, creo que ha llegado el momento para describir la realidad de lo que se propone.<\/p>\n","protected":false},"excerpt":{"rendered":"<p>Del blog de www.cqv.cq.ca original del blog de Jeanne Smits. Traducci\u00f3n y edici\u00f3n libre Alejandro P. de www.catolicasmexico.com Jim Walsh, senador irland\u00e9s del partido Fianna F\u00e1il ,que form\u00f3 parte de aquellos que lucharon contra la aprobaci\u00f3n de la ley de aborto en Irlanda, hace una semana fue atacado fuertemente por describir en detalle la realizaci\u00f3n [&hellip;]<\/p>\n","protected":false},"author":2,"featured_media":1454,"comment_status":"open","ping_status":"open","sticky":false,"template":"","format":"standard","meta":{"spay_email":"","jetpack_publicize_message":"","jetpack_is_tweetstorm":false},"categories":[9,70],"tags":[],"aioseo_notices":[],"jetpack_featured_media_url":"http:\/\/catolicasmexico.com\/blog\/wp-content\/uploads\/2013\/07\/20130729-155107.jpg","jetpack_publicize_connections":[],"jetpack_shortlink":"https:\/\/wp.me\/p3B5XH-nt","jetpack-related-posts":[{"id":3351,"url":"http:\/\/catolicasmexico.com\/blog\/irlanda-el-partido-laborista-aboga-por-mas-aborto-mientras-un-bebe-prematuro-se-aferra-a-la-vida\/","url_meta":{"origin":1455,"position":0},"title":"Irlanda: el Partido Laborista aboga por m\u00e1s aborto mientras un beb\u00e9 prematuro se aferra a la vida","date":"22 agosto 2014","format":false,"excerpt":"art\u00edculo de lifesnews traducci\u00f3n y edici\u00f3n libre Sr. Mart\u00edn Pacheco.La campa\u00f1a \u201cPro Life\u201d (Pr\u00f3vida) critic\u00f3 fuertemente las declaraciones hechas por TDs (diputados) del Partido Laborista, en las cuales abogan por un acceso m\u00e1s amplio al aborto y por la eliminaci\u00f3n del Art\u00edculo 40.3.3 de la Constituci\u00f3n. Estas ocurrieron a ra\u00edz\u2026","rel":"","context":"En \u00abAborto\u00bb","img":{"alt_text":"","src":"","width":0,"height":0},"classes":[]},{"id":2614,"url":"http:\/\/catolicasmexico.com\/blog\/el-aborto-no-es-derecho-de-la-mujer-precisa-ministro-gallardon\/","url_meta":{"origin":1455,"position":1},"title":"El Aborto no es derecho de la mujer, precisa Ministro Gallard\u00f3n","date":"19 febrero 2014","format":false,"excerpt":"MADRID, 19 Feb. 14 \/ 08:02 am (ACI\/Europa Press).- El ministro de Justicia, Alberto Ruiz Gallard\u00f3n, ha dado la raz\u00f3n al senador de la Entesa, Carlos Mart\u00ed, y ha asegurado en el Sendado, durante la sesi\u00f3n de control al Gobierno, que, efectivamente, su reforma no reconoce el aborto como un\u2026","rel":"","context":"En \u00abAborto\u00bb","img":{"alt_text":"","src":"https:\/\/i2.wp.com\/catolicasmexico.com\/blog\/wp-content\/uploads\/2014\/02\/20140219-120041.jpg?resize=350%2C200","width":350,"height":200},"classes":[]},{"id":1283,"url":"http:\/\/catolicasmexico.com\/blog\/el-gobernador-de-texas-no-teme-que-la-ley-que-restringe-el-aborto-sea-declarada-inconstitucional\/","url_meta":{"origin":1455,"position":2},"title":"El gobernador de Texas no teme que la ley que restringe el aborto sea declarada inconstitucional","date":"15 julio 2013","format":false,"excerpt":"EN CASO CONTRARIO, \u00abNO LA HUBI\u00c9RAMOS APROBADO\u00bb El gobernador de Texas no teme que la ley que restringe el aborto sea declarada inconstitucional El gobernador de Texas, Rick Perry, dijo el s\u00e1bado que la ley sobre el aborto que espera por su firma es constitucional y podr\u00e1 hacer frente a\u2026","rel":"","context":"En \u00abAborto\u00bb","img":{"alt_text":"","src":"","width":0,"height":0},"classes":[]},{"id":1169,"url":"http:\/\/catolicasmexico.com\/blog\/4-diputados-que-votaron-contra-el-proyecto-de-ley-para-legalizar-el-aborto-en-irlanda-han-sido-expulsados-de-su-partido\/","url_meta":{"origin":1455,"position":3},"title":"4 Diputados que votaron contra el proyecto de ley para legalizar el aborto en Irlanda han sido expulsados de su partido","date":"10 julio 2013","format":false,"excerpt":"Del blog de www.cqv.qc.ca original del blog de Jeanne Smits. Traducci\u00f3n y edici\u00f3n libre www.catolicasmexico.com Tras la primera votaci\u00f3n que fue favorable (138 votos contra 24 en la c\u00e1mara baja) a la ley, que pone fin a la prohibici\u00f3n del aborto en Irlanda - en 24 horas - cuatro miembros\u2026","rel":"","context":"En \u00abAborto\u00bb","img":{"alt_text":"","src":"","width":0,"height":0},"classes":[]},{"id":235,"url":"http:\/\/catolicasmexico.com\/blog\/la-polemica-esta-servida-una-mujer-crucificada-protagoniza-una-campana-socialista-contra-la-reforma-de-la-ley-del-aborto\/","url_meta":{"origin":1455,"position":4},"title":"La pol\u00e9mica est\u00e1 servida: una mujer crucificada protagoniza una campa\u00f1a socialista contra la reforma de la ley del aborto","date":"10 mayo 2013","format":false,"excerpt":"Diariocr\u00edtico\/Agencias\u00a010\/05\/2013 Xuventudes Socialistas de Galicia (XSG) ha presentado este viernes una campa\u00f1a --que se realizar\u00e1 a trav\u00e9s de las redes sociales-- contra la reforma de la Ley de Salud Sexual y Reproductiva e Interrupci\u00f3n Voluntaria del Embarazo--, que \"es una bofetada de Gallard\u00f3n a los derechos de todas las mujeres\"\u2026","rel":"","context":"En \u00abAborto\u00bb","img":{"alt_text":"","src":"https:\/\/i0.wp.com\/catolicasmexico.com\/blog\/wp-content\/uploads\/2013\/05\/237717.jpg?resize=350%2C200","width":350,"height":200},"classes":[]},{"id":798,"url":"http:\/\/catolicasmexico.com\/blog\/irlanda-numero-record-asiste-a-la-vigilia-nacional-contra-el-aborto\/","url_meta":{"origin":1455,"position":5},"title":"Irlanda: N\u00famero r\u00e9cord asiste a la vigilia nacional contra el aborto","date":"11 junio 2013","format":false,"excerpt":"Traducci\u00f3n y redacci\u00f3n libre Alejandro P. de www.catolicasmexico.com por Steven Ertelt | Dublin, Ireland | LifeNews.com Un n\u00famero r\u00e9cord de personas asistieron a la vigilia nacional por la vida en Dubl\u00edn, Irlanda para mostrar que hay un gran contingente que se opone a plan de aborto del gobierno. La vigilia\u2026","rel":"","context":"En \u00abAborto\u00bb","img":{"alt_text":"","src":"https:\/\/i2.wp.com\/catolicasmexico.com\/blog\/wp-content\/uploads\/2015\/07\/ireland24.jpg?resize=350%2C200","width":350,"height":200},"classes":[]}],"jetpack_likes_enabled":false,"jetpack_sharing_enabled":true,"_links":{"self":[{"href":"http:\/\/catolicasmexico.com\/blog\/wp-json\/wp\/v2\/posts\/1455"}],"collection":[{"href":"http:\/\/catolicasmexico.com\/blog\/wp-json\/wp\/v2\/posts"}],"about":[{"href":"http:\/\/catolicasmexico.com\/blog\/wp-json\/wp\/v2\/types\/post"}],"author":[{"embeddable":true,"href":"http:\/\/catolicasmexico.com\/blog\/wp-json\/wp\/v2\/users\/2"}],"replies":[{"embeddable":true,"href":"http:\/\/catolicasmexico.com\/blog\/wp-json\/wp\/v2\/comments?post=1455"}],"version-history":[{"count":1,"href":"http:\/\/catolicasmexico.com\/blog\/wp-json\/wp\/v2\/posts\/1455\/revisions"}],"predecessor-version":[{"id":1456,"href":"http:\/\/catolicasmexico.com\/blog\/wp-json\/wp\/v2\/posts\/1455\/revisions\/1456"}],"wp:featuredmedia":[{"embeddable":true,"href":"http:\/\/catolicasmexico.com\/blog\/wp-json\/wp\/v2\/media\/1454"}],"wp:attachment":[{"href":"http:\/\/catolicasmexico.com\/blog\/wp-json\/wp\/v2\/media?parent=1455"}],"wp:term":[{"taxonomy":"category","embeddable":true,"href":"http:\/\/catolicasmexico.com\/blog\/wp-json\/wp\/v2\/categories?post=1455"},{"taxonomy":"post_tag","embeddable":true,"href":"http:\/\/catolicasmexico.com\/blog\/wp-json\/wp\/v2\/tags?post=1455"}],"curies":[{"name":"wp","href":"https:\/\/api.w.org\/{rel}","templated":true}]}}