{"id":1451,"date":"2013-07-30T09:35:05","date_gmt":"2013-07-30T14:35:05","guid":{"rendered":"http:\/\/catolicasmexico.com\/blog\/?p=1451"},"modified":"2013-07-30T09:35:05","modified_gmt":"2013-07-30T14:35:05","slug":"mi-cuerpo-mi-eleccion-que-pasa-con-la-eleccion-de-tener-una-familia-grande","status":"publish","type":"post","link":"http:\/\/catolicasmexico.com\/blog\/mi-cuerpo-mi-eleccion-que-pasa-con-la-eleccion-de-tener-una-familia-grande\/","title":{"rendered":"Mi cuerpo mi elecci\u00f3n &#8216;: \u00bfQu\u00e9 pasa con la elecci\u00f3n de tener una familia grande?"},"content":{"rendered":"<p><a href=\"http:\/\/catolicasmexico.com\/blog\/wp-content\/uploads\/2013\/07\/20130730-103808.jpg\"><img src=\"http:\/\/catolicasmexico.com\/blog\/wp-content\/uploads\/2013\/07\/20130730-103808.jpg\" alt=\"20130730-103808.jpg\" class=\"alignnone size-full\"  \/> <\/a><\/p>\n<p>Por Rachel Cox<br \/>\nMartes, 30 de julio de 2013<br \/>\nTraducci\u00f3n y edici\u00f3n libre Alejandro P. de www.catolicasmexico.com<\/p>\n<p>23 De julio, 2013 (SecularProlife). Vi hace poco un art\u00edculo en Yahoo Noticias sobre el nacimiento del tercer hijo de Josh y de Anna Duggar. Para aquellos que no lo saben, los Duggars son famosos por el tama\u00f1o  de su familia. Josh Duggar es uno de los 19 hijos de Jim Bob y Michelle Duggar. Josh, su hijo mayor, se cas\u00f3 con Ana hace unos a\u00f1os y la pareja ya est\u00e1 a su tercer hijo, preparando el camino para otra gran familia.<\/p>\n<p>(&#8230;) Sin embargo, me sorprendi\u00f3 cu\u00e1ntos comentarios horribles hab\u00edan escrito al final del art\u00edculo denunciando la elecci\u00f3n de los Duggars de tener familias grandes.. (&#8230;); fue muy dif\u00edcil encontrar alg\u00fan comentario positivo . Esto es solo una muestra de lo que dijo la gente en la secci\u00f3n de comentarios:<\/p>\n<p>\u00abPor favor dejen de informar sobre estos fen\u00f3menos. Necesitan asesor\u00eda y las ni\u00f1as necesitan futuros reales en vez de la esclavitud de la reproducci\u00f3n\u00bb.<\/p>\n<p>\u00abREPUGNANTE. Estas personas son REPUGNANTES. son co***es profesionales, escondidos bajo el pretexto de la religi\u00f3n (que es incluso m\u00e1s REPUGNANTE). \u00bb<\/p>\n<p>\u00abEst\u00e1n tan saturados con sus creencias religiosas, que creen que es normal tener tantos ni\u00f1os&#8230;idiotas. Son adictos a tener beb\u00e9s como alcoh\u00f3lico es adicto al alcohol&#8230; no hay diferencia.\u00bb<\/p>\n<p>\u00abEstas personas son despreciables ydeber\u00edan ser ejecutadas por cr\u00edmenes contra la humanidad\u00bb.<\/p>\n<p>\u00abEstas personas necesitan ser esterilizados y castrados.\u00bb<\/p>\n<p>\u00abLa reproducci\u00f3n como ratas contin\u00faa&#8230;\u00bb<\/p>\n<p>Apenas pod\u00eda creer lo que estaba leyendo. Algunos de los comentadores pensaron que a la se\u00f1ora Duggar le hab\u00edan lavado  el cerebro (o que la han \u00abesclavizado\u00bb como una persona escribi\u00f3) para tener tantos hijos.<br \/>\nLa realidad es que todav\u00eda hay mujeres que no desean tener carreras y simplemente quieren quedarse en casa y criar una familia. Si eso es lo que una mujer quiere hacer, ya sea por motivos religiosos o simplemente porque ella ama a los ni\u00f1os, \u00abes su elecci\u00f3n\u00bb y ella debe ser capaz de ejercer esa opci\u00f3n sin ser agredida verbalmente y degradada. Basado en los sentimientos que se presentan en la secci\u00f3n de discusi\u00f3n del art\u00edculo, el lema de \u00abes mi cuerpo, mi elecci\u00f3n\u00bb parece que s\u00f3lo se aplica cuando una mujer quiere abortar. Cuando una mujer decide tener m\u00e1s hijos que la mayor\u00eda, (&#8230;)se convierte en un \u00abmonstruo repugnante\u00bb y debe dejar de tener hijos.<\/p>\n<p>\u00bfAdem\u00e1s de ser obviamente hip\u00f3critas, estas personas tambi\u00e9n no ven cuan flagrantemente sexista es su l\u00f3gica? B\u00e1sicamente dicen que las mujeres son como animales y desagradables por el hecho de ejercen de todo el potencial de sus capacidades reproductivas (&#8230;)<\/p>\n<p>\u00bfQu\u00e9 es lo que sucedi\u00f3? \u00bfPor qu\u00e9 han los Duggars y otros como ellos han sido vilipendiados tan dr\u00e1sticamente hasta el punto de ser contemplados como animales y que les deseen la muerte? Mi respuesta es simple: la proliferaci\u00f3n del aborto. Desde los a\u00f1os 70,la industria del aborto ha implantado en nuestra cultura la idea que no s\u00f3lo est\u00e1 bien limitar a sus hijos mat\u00e1ndolos antes del nacimiento, sino que es algo que esperan. Han predicado que la \u00fanica manera que las mujeres pueden ser verdaderamente libres es si pueden tener abortos. Han promocionado el aborto como una herramienta integral de planificaci\u00f3n familiar que debe ser hab\u00eda utilizado bajo pedido. La filosof\u00eda feminista est\u00e1ndar (que tambi\u00e9n es compartida por la industria del aborto) es que las mujeres no deben \u00abvolverse f\u00e1bricas de beb\u00e9s.\u00bb Todos hemos sido sometidos a esta ret\u00f3rica por tanto tiempo que ahora mucha gente siente que es anormal, o incluso criminal, el tener una familia m\u00e1s grande que el promedio.<br \/>\n(&#8230;)<\/p>\n","protected":false},"excerpt":{"rendered":"<p>Por Rachel Cox Martes, 30 de julio de 2013 Traducci\u00f3n y edici\u00f3n libre Alejandro P. de www.catolicasmexico.com 23 De julio, 2013 (SecularProlife). Vi hace poco un art\u00edculo en Yahoo Noticias sobre el nacimiento del tercer hijo de Josh y de Anna Duggar. Para aquellos que no lo saben, los Duggars son famosos por el tama\u00f1o [&hellip;]<\/p>\n","protected":false},"author":5,"featured_media":1457,"comment_status":"open","ping_status":"open","sticky":false,"template":"","format":"standard","meta":{"spay_email":"","jetpack_publicize_message":"","jetpack_is_tweetstorm":false},"categories":[9,72,27,15],"tags":[718,87,85,86],"aioseo_notices":[],"jetpack_featured_media_url":"http:\/\/catolicasmexico.com\/blog\/wp-content\/uploads\/2013\/07\/20130730-103808.jpg","jetpack_publicize_connections":[],"jetpack_shortlink":"https:\/\/wp.me\/p3B5XH-np","jetpack-related-posts":[{"id":4249,"url":"http:\/\/catolicasmexico.com\/blog\/dos-anos-despues-del-nacimiento-de-su-nino-aborto-a-su-hermano-por-nacer\/","url_meta":{"origin":1451,"position":0},"title":"Dos a\u00f1os despu\u00e9s del nacimiento de su ni\u00f1o, abort\u00f3 a su hermano por nacer","date":"18 febrero 2016","format":false,"excerpt":"\u00a0 Original de lifenews.com traduccion libre para catolicasmexico.com Hoy en d\u00eda, millones de ni\u00f1os en Am\u00e9rica tienen hermanos o hermanas que nunca conocer\u00e1n a causa del aborto. \u00a0 El hijo de la promotora del aborto Liz Jones es uno de ellos. El blog de Tumblr \"Pregnant, Parenting & Pro-Choice\" (Embarazada,\u2026","rel":"","context":"En \u00abAborto\u00bb","img":{"alt_text":"","src":"https:\/\/i2.wp.com\/catolicasmexico.com\/blog\/wp-content\/uploads\/2016\/02\/lizjones.png?resize=350%2C200","width":350,"height":200},"classes":[]},{"id":1233,"url":"http:\/\/catolicasmexico.com\/blog\/historia-de-una-violacion-y-un-embarazo\/","url_meta":{"origin":1451,"position":1},"title":"Historia de una violaci\u00f3n y un embarazo.","date":"11 julio 2013","format":false,"excerpt":"Del blog de www.cqv.cq.ca del blog mamanpourlavie.com 19 mayo 2010 Traducci\u00f3n y edici\u00f3n libre www.catolicasmexico.com A los 18 a\u00f1os, yo era un estudiante en la Universidad cuando fui v\u00edctima de una violaci\u00f3n. Esto fue la peor experiencia de mi vida. Fui golpeada y violada por dos hombres en un callej\u00f3n\u2026","rel":"","context":"En \u00abAborto\u00bb","img":{"alt_text":"","src":"","width":0,"height":0},"classes":[]},{"id":3786,"url":"http:\/\/catolicasmexico.com\/blog\/su-marido-queria-un-nino-entonces-ella-aborto-18-veces-antes-de-tener-un-varon\/","url_meta":{"origin":1451,"position":2},"title":"Su marido quer\u00eda un ni\u00f1o, entonces ella abort\u00f3 18 veces antes de tener un var\u00f3n","date":"4 junio 2015","format":false,"excerpt":"El aborto selectivo es un problema internacional \u2014 y el fen\u00f3meno es m\u00e1s frecuente en el sudeste asi\u00e1tico. En naciones como China e India, las ni\u00f1as son abortadas rutinariamente porque las costumbres culturales a favorecen a los varones. Vietnam, por desgracia, no es una excepci\u00f3n. \u00a0 Y es all\u00ed donde\u2026","rel":"","context":"En \u00abAborto\u00bb","img":{"alt_text":"","src":"https:\/\/i1.wp.com\/catolicasmexico.com\/blog\/wp-content\/uploads\/2015\/06\/vietnam.jpg?resize=350%2C200","width":350,"height":200},"classes":[]},{"id":1345,"url":"http:\/\/catolicasmexico.com\/blog\/libertad-de-eleccion-grupos-radicales-piden-un-aborto-forzado-para-la-victima-de-violacion-de-11-anos-en-chile\/","url_meta":{"origin":1451,"position":3},"title":"'Libertad de elecci\u00f3n'?: Grupos radicales piden un aborto forzado para la v\u00edctima de violaci\u00f3n de 11 a\u00f1os en Chile","date":"22 julio 2013","format":false,"excerpt":"Por Jill Stanek. Traducci\u00f3n y edici\u00f3n libre Alejandro P. de www.catolicasmexico.com Lunes, 15 de julio de 2013 16:32 EST Si el aborto fuera legal en Chile, la ni\u00f1a de 11 a\u00f1os conocida como \"Bel\u00e9n\" estar\u00eda posiblemente todav\u00eda sufriendo las agresiones sexuales del novio de su madre, el cual tiene 31\u2026","rel":"","context":"En \u00abAborto\u00bb","img":{"alt_text":"","src":"","width":0,"height":0},"classes":[]},{"id":4755,"url":"http:\/\/catolicasmexico.com\/blog\/vive-gracias-a-sus-padres\/","url_meta":{"origin":1451,"position":4},"title":"Vive gracias a sus padres.","date":"16 agosto 2017","format":false,"excerpt":"Par Nancy Flanders (Live Action News ) traducido por Campagne Qu\u00e9bec-Vie. Estos padres rechazaron el aborto de su hijo a pesar de las presiones intensas del personal m\u00e9dico. La madre se le rompi\u00f3 la fuente prematuramente cuando ten\u00eda 20 semanas de embarazo raz\u00f3n por la cual los m\u00e9dicos le sugirieron\u2026","rel":"","context":"En \u00abAborto\u00bb","img":{"alt_text":"","src":"https:\/\/i1.wp.com\/catolicasmexico.com\/blog\/wp-content\/uploads\/2017\/08\/38849c75-f114-4c5c-8f0b-d98660c38fd2.jpg?resize=350%2C200","width":350,"height":200},"classes":[]},{"id":3592,"url":"http:\/\/catolicasmexico.com\/blog\/una-valiente-madre-rechazo-el-tratamiento-para-su-cancer-por-salvar-la-vida-de-su-hijo\/","url_meta":{"origin":1451,"position":5},"title":"Una valiente madre rechaz\u00f3 el tratamiento para su  c\u00e1ncer por salvar la vida de su hijo .","date":"5 enero 2015","format":false,"excerpt":"Art\u00edculo de Medias-presse-info traducci\u00f3n y edici\u00f3n y libre cat\u00f3licas M\u00e9xico.com Kathy Taylor hab\u00eda dado a luz a un hijo en septiembre. La historia hab\u00eda conmovido Am\u00e9rica. La joven ha sacrificado su vida por su hijo. La madre de 33 a\u00f1os de edad acaba de Fallecer. Kathy Taylor viv\u00eda en Utah.\u2026","rel":"","context":"En \u00abAborto\u00bb","img":{"alt_text":"","src":"https:\/\/i1.wp.com\/catolicasmexico.com\/blog\/wp-content\/uploads\/2015\/01\/IMG_0160.jpg?resize=350%2C200","width":350,"height":200},"classes":[]}],"jetpack_likes_enabled":false,"jetpack_sharing_enabled":true,"_links":{"self":[{"href":"http:\/\/catolicasmexico.com\/blog\/wp-json\/wp\/v2\/posts\/1451"}],"collection":[{"href":"http:\/\/catolicasmexico.com\/blog\/wp-json\/wp\/v2\/posts"}],"about":[{"href":"http:\/\/catolicasmexico.com\/blog\/wp-json\/wp\/v2\/types\/post"}],"author":[{"embeddable":true,"href":"http:\/\/catolicasmexico.com\/blog\/wp-json\/wp\/v2\/users\/5"}],"replies":[{"embeddable":true,"href":"http:\/\/catolicasmexico.com\/blog\/wp-json\/wp\/v2\/comments?post=1451"}],"version-history":[{"count":2,"href":"http:\/\/catolicasmexico.com\/blog\/wp-json\/wp\/v2\/posts\/1451\/revisions"}],"predecessor-version":[{"id":1458,"href":"http:\/\/catolicasmexico.com\/blog\/wp-json\/wp\/v2\/posts\/1451\/revisions\/1458"}],"wp:featuredmedia":[{"embeddable":true,"href":"http:\/\/catolicasmexico.com\/blog\/wp-json\/wp\/v2\/media\/1457"}],"wp:attachment":[{"href":"http:\/\/catolicasmexico.com\/blog\/wp-json\/wp\/v2\/media?parent=1451"}],"wp:term":[{"taxonomy":"category","embeddable":true,"href":"http:\/\/catolicasmexico.com\/blog\/wp-json\/wp\/v2\/categories?post=1451"},{"taxonomy":"post_tag","embeddable":true,"href":"http:\/\/catolicasmexico.com\/blog\/wp-json\/wp\/v2\/tags?post=1451"}],"curies":[{"name":"wp","href":"https:\/\/api.w.org\/{rel}","templated":true}]}}