{"id":1449,"date":"2013-07-29T10:55:48","date_gmt":"2013-07-29T15:55:48","guid":{"rendered":"http:\/\/catolicasmexico.com\/blog\/?p=1449"},"modified":"2013-07-29T10:55:48","modified_gmt":"2013-07-29T15:55:48","slug":"catedral-en-santiago-de-chile-es-atacada-por-abortistas-monsenor-ezzati-pide-perdon-a-dios","status":"publish","type":"post","link":"http:\/\/catolicasmexico.com\/blog\/catedral-en-santiago-de-chile-es-atacada-por-abortistas-monsenor-ezzati-pide-perdon-a-dios\/","title":{"rendered":"Catedral en Santiago de Chile es atacada por abortistas, Monse\u00f1or Ezzati pide perd\u00f3n a Dios."},"content":{"rendered":"<p><a href=\"http:\/\/catolicasmexico.com\/blog\/wp-content\/uploads\/2013\/07\/20130729-1150263.jpg\"><img src=\"http:\/\/catolicasmexico.com\/blog\/wp-content\/uploads\/2013\/07\/20130729-1150263.jpg\" alt=\"20130729-115026.jpg\" class=\"alignnone size-full\"  \/> <\/a><\/p>\n<p>Art\u00edculo editado y comentario de www.catolicasmexico.com<br \/>\nOtro ataque infame a la Santa Iglesia, perpetrado por un grupo de abortistas, que mediante la violencia, amenazas, blasfemias, destrucci\u00f3n y odio tratan de hacer pasar ley del aborto en Chile.<br \/>\nSANTIAGO, 26 Jul. 13 \/ 06:39 pm (ACI).- El Arzobispo de Santiago (Chile), Mons. Ricardo Ezzati, pidi\u00f3 este viernes a Dios que perdone a los abortistas que el jueves profanaron la Catedral e inform\u00f3 que el templo permanecer\u00e1 cerrado hasta el 31 de julio, d\u00eda en que tendr\u00e1 lugar el acto de desagravio.<\/p>\n<p>El jueves en la noche unos 300 abortistas irrumpieron en la Catedral cuando se celebraba la fiesta del ap\u00f3stol Santiago y, lanzando gritos y consignas blasfemas, destruyeron todo lo que encontraron a su paso, entre bancas, im\u00e1genes religiosas e incluso altares laterales. No llegaron al altar debido a que los fieles se lo impidieron.<\/p>\n<p>\u201cInvito a todos los fieles cat\u00f3licos a invocar humildemente el perd\u00f3n de Dios por las ofensas de esos fan\u00e1ticos. Una vez m\u00e1s, la violencia es la raz\u00f3n de quienes no saben usar la raz\u00f3n. Con Jes\u00fas en la Cruz pedimos: \u2018Padre, perd\u00f3nalos, porque no saben lo que hacen\u2019\u201d, expres\u00f3 Mons. Ezzati.<br \/>\n(&#8230;)<\/p>\n<p>En su carta, Mons. Ezzati tambi\u00e9n decret\u00f3 que en las Misas del s\u00e1bado y domingo \u201cse ore por la Iglesia, por la cordura y la paz de todos los chilenos y, de manera especial, para que se destierre de entre nosotros toda intolerancia, odio y violencia\u201d.<\/p>\n<p>\u201cNo puedo callar mi desconcierto y desaz\u00f3n frente a quienes tienen la grave responsabilidad y obligaci\u00f3n de garantizar la libertad y la seguridad de todas las personas. La Catedral Metropolitana es un lugar abierto al p\u00fablico, declarado Monumento Nacional, donde cada d\u00eda acuden centenares de ciudadanos, que en estos \u00faltimos tiempos se han visto amenazados por la instalaci\u00f3n de bombas y por otras agresiones. Esperamos a futuro gozar del resguardo preventivo al cual tenemos derecho\u201d, finaliz\u00f3.<\/p>\n","protected":false},"excerpt":{"rendered":"<p>Art\u00edculo editado y comentario de www.catolicasmexico.com Otro ataque infame a la Santa Iglesia, perpetrado por un grupo de abortistas, que mediante la violencia, amenazas, blasfemias, destrucci\u00f3n y odio tratan de hacer pasar ley del aborto en Chile. SANTIAGO, 26 Jul. 13 \/ 06:39 pm (ACI).- El Arzobispo de Santiago (Chile), Mons. Ricardo Ezzati, pidi\u00f3 este [&hellip;]<\/p>\n","protected":false},"author":2,"featured_media":1448,"comment_status":"open","ping_status":"open","sticky":false,"template":"","format":"standard","meta":{"spay_email":"","jetpack_publicize_message":"","jetpack_is_tweetstorm":false},"categories":[9,25,13],"tags":[],"aioseo_notices":[],"jetpack_featured_media_url":"http:\/\/catolicasmexico.com\/blog\/wp-content\/uploads\/2013\/07\/20130729-1150263.jpg","jetpack_publicize_connections":[],"jetpack_shortlink":"https:\/\/wp.me\/p3B5XH-nn","jetpack-related-posts":[{"id":896,"url":"http:\/\/catolicasmexico.com\/blog\/repudian-asedio-de-promotores-del-aborto-a-catedral-de-santiago-de-compostela-promovido-por-el-psoe\/","url_meta":{"origin":1449,"position":0},"title":"Repudian asedio de promotores del aborto a Catedral de Santiago de Compostela promovido por el PSOE","date":"18 junio 2013","format":false,"excerpt":"REDACCI\u00d3N CENTRAL, 17 Jun. 13 \/ 12:42 pm (ACI\/EWTN Noticias).- Miguel Vidal, portavoz de la plataforma M\u00e1s Libres, que defiende la libertad religiosa y de expresi\u00f3n en Europa, critic\u00f3 el \"totalitarismo\" expuesto por los grupos que asediaron el 16 de junio la Catedral de Santiago de Compostela (Espa\u00f1a) defendiendo el\u2026","rel":"","context":"En \u00abEspa\u00f1a\u00bb","img":{"alt_text":"","src":"","width":0,"height":0},"classes":[]},{"id":2721,"url":"http:\/\/catolicasmexico.com\/blog\/espana-promotores-del-aborto-apoyados-por-el-psoe-alientan-a-quemar-conferencia-episcopal\/","url_meta":{"origin":1449,"position":1},"title":"Espa\u00f1a: Promotores del aborto apoyados por el PSOE alientan a quemar Conferencia Episcopal","date":"13 marzo 2014","format":false,"excerpt":"Captura de pantalla del blog Contando Estrellas MADRID, 12 Mar. 14 \/ 09:02 pm (ACI\/EWTN Noticias).- El blog Contando Estrellas denunci\u00f3 que en una marcha realizada el 9 de marzo, en Santiago de Compostela (Espa\u00f1a), la Plataforma Gallega por el Derecho al Aborto, que cuenta con el ex gobernante Partido\u2026","rel":"","context":"En \u00abAborto\u00bb","img":{"alt_text":"","src":"https:\/\/i0.wp.com\/catolicasmexico.com\/blog\/wp-content\/uploads\/2014\/03\/20140313-131335.jpg?resize=350%2C200","width":350,"height":200},"classes":[]},{"id":2416,"url":"http:\/\/catolicasmexico.com\/blog\/los-provida-40-000-los-abortistas-200-exito-mediatico-espanol-de-la-marcha-por-la-vida-en-paris-rel\/","url_meta":{"origin":1449,"position":2},"title":"Los provida, 40.000; los abortistas, 200: \u00e9xito medi\u00e1tico espa\u00f1ol de la Marcha por la Vida en Par\u00eds - ReL","date":"20 enero 2014","format":false,"excerpt":"Articulo de religi\u00f3n en libertad. La Marcha por la Vida del domingo 19 de enero en Par\u00eds (la explicamos con detalle aqu\u00ed) fue la m\u00e1s numerosa desde que se volvieron a convocar estos actos en 2005, con unos 40.000 manifestantes que salieron de la plaza Denfert-Rochereau (la polic\u00eda, despu\u00e9s de\u2026","rel":"","context":"En \u00abAborto\u00bb","img":{"alt_text":"","src":"https:\/\/i0.wp.com\/catolicasmexico.com\/blog\/wp-content\/uploads\/2014\/01\/20140120-1858201.jpg?resize=350%2C200","width":350,"height":200},"classes":[]},{"id":2552,"url":"http:\/\/catolicasmexico.com\/blog\/el-buen-pastor\/","url_meta":{"origin":1449,"position":3},"title":"El buen pastor","date":"7 febrero 2014","format":false,"excerpt":"Dios, Padre Nuestro, te alabamos y te damos gracias por el amor inmenso e incondicional con el que cada uno de nosotros fue creado. Ese mismo amor incondicional hizo que San Pablo, \u00e9l que persegu\u00eda a tu pueblo, se convirtiera en uno de los los m\u00e1s grandes ap\u00f3stoles de Jes\u00fas,\u2026","rel":"","context":"En \u00abOraciones\u00bb","img":{"alt_text":"El buen pastor","src":"https:\/\/i2.wp.com\/catolicasmexico.com\/blog\/wp-content\/uploads\/2013\/04\/image1.jpeg?resize=350%2C200","width":350,"height":200},"classes":[]},{"id":1367,"url":"http:\/\/catolicasmexico.com\/blog\/abortistas-en-venganza-habrian-puesto-bomba-que-deja-grave-a-un-albanil\/","url_meta":{"origin":1449,"position":4},"title":"Abortistas en venganza habr\u00edan puesto bomba que deja grave a  un alba\u00f1il","date":"23 julio 2013","format":false,"excerpt":"LIMA, 22 Jul. 13 \/ 06:15 pm del sitio ACI\/EWTN Noticias Edici\u00f3n www.catolicasmexico.com Leonardo Valderrama, un alba\u00f1il de 60 a\u00f1os, se debate entre la vida y la muerte luego de perder las dos piernas por el estallido de un explosivo a escasos metros de la puerta de su casa, que\u2026","rel":"","context":"En \u00abAborto\u00bb","img":{"alt_text":"","src":"","width":0,"height":0},"classes":[]},{"id":2781,"url":"http:\/\/catolicasmexico.com\/blog\/ayaviri-peru-se-marcha-por-la-vida\/","url_meta":{"origin":1449,"position":5},"title":"Ayaviri Per\u00fa se marcha por la Vida.","date":"28 marzo 2014","format":false,"excerpt":"El P. Coquelet dijo para ACI Prensa que \u201csalimos en procesi\u00f3n con nuestros cantos y oraciones para dar gracias a Dios por el gran regalo que es nuestra vida y tambi\u00e9n para pedir por los ni\u00f1os que han sido asesinados en los vientres de sus madres, para que Dios perdone\u2026","rel":"","context":"En \u00abAborto\u00bb","img":{"alt_text":"","src":"https:\/\/i2.wp.com\/catolicasmexico.com\/blog\/wp-content\/uploads\/2014\/03\/20140328-1435141.jpg?resize=350%2C200","width":350,"height":200},"classes":[]}],"jetpack_likes_enabled":false,"jetpack_sharing_enabled":true,"_links":{"self":[{"href":"http:\/\/catolicasmexico.com\/blog\/wp-json\/wp\/v2\/posts\/1449"}],"collection":[{"href":"http:\/\/catolicasmexico.com\/blog\/wp-json\/wp\/v2\/posts"}],"about":[{"href":"http:\/\/catolicasmexico.com\/blog\/wp-json\/wp\/v2\/types\/post"}],"author":[{"embeddable":true,"href":"http:\/\/catolicasmexico.com\/blog\/wp-json\/wp\/v2\/users\/2"}],"replies":[{"embeddable":true,"href":"http:\/\/catolicasmexico.com\/blog\/wp-json\/wp\/v2\/comments?post=1449"}],"version-history":[{"count":1,"href":"http:\/\/catolicasmexico.com\/blog\/wp-json\/wp\/v2\/posts\/1449\/revisions"}],"predecessor-version":[{"id":1450,"href":"http:\/\/catolicasmexico.com\/blog\/wp-json\/wp\/v2\/posts\/1449\/revisions\/1450"}],"wp:featuredmedia":[{"embeddable":true,"href":"http:\/\/catolicasmexico.com\/blog\/wp-json\/wp\/v2\/media\/1448"}],"wp:attachment":[{"href":"http:\/\/catolicasmexico.com\/blog\/wp-json\/wp\/v2\/media?parent=1449"}],"wp:term":[{"taxonomy":"category","embeddable":true,"href":"http:\/\/catolicasmexico.com\/blog\/wp-json\/wp\/v2\/categories?post=1449"},{"taxonomy":"post_tag","embeddable":true,"href":"http:\/\/catolicasmexico.com\/blog\/wp-json\/wp\/v2\/tags?post=1449"}],"curies":[{"name":"wp","href":"https:\/\/api.w.org\/{rel}","templated":true}]}}