{"id":1372,"date":"2013-07-24T08:39:11","date_gmt":"2013-07-24T13:39:11","guid":{"rendered":"http:\/\/catolicasmexico.com\/blog\/?p=1372"},"modified":"2013-07-24T08:39:11","modified_gmt":"2013-07-24T13:39:11","slug":"los-peruanos-no-votaran-por-los-candidatos-que-apoyen-aborto-y-matrimonio-gay","status":"publish","type":"post","link":"http:\/\/catolicasmexico.com\/blog\/los-peruanos-no-votaran-por-los-candidatos-que-apoyen-aborto-y-matrimonio-gay\/","title":{"rendered":"Los Peruanos no votar\u00e1n por  los candidatos que apoyen aborto y \u201cmatrimonio\u201d gay"},"content":{"rendered":"<p><a href=\"http:\/\/catolicasmexico.com\/blog\/wp-content\/uploads\/2013\/07\/20130724-094157.jpg\"><img src=\"http:\/\/catolicasmexico.com\/blog\/wp-content\/uploads\/2013\/07\/20130724-094157.jpg\" alt=\"20130724-094157.jpg\" class=\"alignnone size-full\"  \/> <\/a><\/p>\n<p>Este reportaje, de ACI prensa, muestra que el  pueblo peruano est\u00e1 en contra del aborto,el matrimonio gay y la legalizaci\u00f3n de la droga. Adem\u00e1s nos muestra los objetivos del grupo seudocat\u00f3lico CDD la divisi\u00f3n, la confusi\u00f3n entre los cat\u00f3licos y la promoci\u00f3n de la promiscuidad y del aborto.<br \/>\nLIMA, 23 Jul. 13 \/ 02:42 pm (ACI\/EWTN Noticias).- Una encuesta realizada por Ipsos-Per\u00fa revel\u00f3 que una importante mayor\u00eda de peruanos negar\u00edan su voto a candidatos presidenciales que apoyen el aborto y el mal llamado \u201cmatrimonio\u201d homosexual.<\/p>\n<p>El estudio, realizado para el diario peruano El Comercio, revel\u00f3 que el 87 por ciento de peruanos rechazar\u00eda a un candidato a la presidencia del pa\u00eds que apoye el aborto, mientras que solamente un 9 por ciento dijo que s\u00ed votar\u00eda por este.<\/p>\n<p>Adem\u00e1s, el 76 por ciento de los encuestados asegur\u00f3 que no votar\u00edan por un candidato que \u201capoye el matrimonio civil entre homosexuales\u201d, contra el 20 por ciento que s\u00ed le otorgar\u00eda su voto.<\/p>\n<p>La encuesta de Ipsos-Per\u00fa evidenci\u00f3 tambi\u00e9n el mayoritario rechazo a las drogas, pues el 92 por ciento de peruanos negar\u00edan su voto a un candidato que promueva la legalizaci\u00f3n de la marihuana.<\/p>\n<p>Estas cifras desmienten claramente la informaci\u00f3n vertida por la ONG abortista Cat\u00f3licas por el Derecho a Decidir (CDD) en Per\u00fa, que asegur\u00f3 recientemente que el 53.2 por ciento de peruanos avala el aborto como una decisi\u00f3n de la mujer.<\/p>\n<p>Seg\u00fan el enga\u00f1oso estudio de CDD existir\u00edan \u201cdemandas y necesidades de la poblaci\u00f3n sobre el respeto y garant\u00eda de los derechos sexuales y derechos reproductivos\u201d, t\u00e9rminos ambiguos que usan para esconder la promoci\u00f3n del aborto.<\/p>\n<p>Los miembros del Comit\u00e9 Organizador de la Marcha por la Vida Lima 2013, que congreg\u00f3 a m\u00e1s de 100 mil personas en defensa de la vida y contra el aborto en marzo de este a\u00f1o, aseguraron que el resultado de esta encuesta \u201ces un mensaje inequ\u00edvoco para nuestra clase pol\u00edtica\u201d.<\/p>\n<p>\u201cEl pueblo peruano es mayoritariamente respetuoso de la vida y rechaza las iniciativas abortistas organizadas por entidades que reciben fondos internacionales\u201d, se\u00f1alaron.<\/p>\n<p>Los organizadores de la Marcha por la Vida aseguraron que \u201clas autoridades de los 3 poderes del Estado no pueden ignorar esta realidad pues pondr\u00edan en riesgo su legitimidad. Y nosotros estaremos atentos para record\u00e1rselo\u201d.<\/p>\n<p>La encuesta fue realizada entre el 17 y 19 de julio de 2013, y participaron 1600 entrevistados, entre hombres y mujeres.<\/p>\n<p>El estudio tiene un nivel de confianza del 95 por ciento.<\/p>\n","protected":false},"excerpt":{"rendered":"<p>Este reportaje, de ACI prensa, muestra que el pueblo peruano est\u00e1 en contra del aborto,el matrimonio gay y la legalizaci\u00f3n de la droga. Adem\u00e1s nos muestra los objetivos del grupo seudocat\u00f3lico CDD la divisi\u00f3n, la confusi\u00f3n entre los cat\u00f3licos y la promoci\u00f3n de la promiscuidad y del aborto. LIMA, 23 Jul. 13 \/ 02:42 pm [&hellip;]<\/p>\n","protected":false},"author":2,"featured_media":1371,"comment_status":"open","ping_status":"open","sticky":false,"template":"","format":"standard","meta":{"spay_email":"","jetpack_publicize_message":"","jetpack_is_tweetstorm":false},"categories":[9,11,52],"tags":[],"aioseo_notices":[],"jetpack_featured_media_url":"http:\/\/catolicasmexico.com\/blog\/wp-content\/uploads\/2013\/07\/20130724-094157.jpg","jetpack_publicize_connections":[],"jetpack_shortlink":"https:\/\/wp.me\/p3B5XH-m8","jetpack-related-posts":[{"id":406,"url":"http:\/\/catolicasmexico.com\/blog\/gobierno-peruano-hara-plan-de-derechos-humanos-sin-ideologia-gay\/","url_meta":{"origin":1372,"position":0},"title":"Gobierno peruano har\u00e1 plan de derechos humanos sin ideolog\u00eda gay","date":"20 mayo 2013","format":false,"excerpt":"LIMA, 17 May. 13 \/ 12:40 pm (ACI).- El gobierno peruano, a trav\u00e9s del Ministerio de Justicia, se comprometi\u00f3 ante el Congreso de la Rep\u00fablica a desarrollar el Plan Nacional de Derechos Humanos en el plazo de un mes, dejando de lado lineamientos que promov\u00edan la ideolog\u00eda gay y el\u2026","rel":"","context":"En \u00abHomosexualidad\u00bb","img":{"alt_text":"","src":"https:\/\/i0.wp.com\/catolicasmexico.com\/blog\/wp-content\/uploads\/2013\/05\/image-31.jpeg?resize=350%2C200","width":350,"height":200},"classes":[]},{"id":468,"url":"http:\/\/catolicasmexico.com\/blog\/peru-expertos-desmienten-argumentos-de-promotores-del-aborto-en-congreso\/","url_meta":{"origin":1372,"position":1},"title":"Per\u00fa: Expertos desmienten argumentos de promotores del aborto en Congreso","date":"24 mayo 2013","format":false,"excerpt":"En el marco de una mesa de trabajo sobre modificaciones al C\u00f3digo de la Ni\u00f1ez y Adolescencia en el Congreso de Per\u00fa, dieciocho expertos en defensa de la vida rebatieron los argumentos del lobby promotor del aborto, que pretend\u00eda introducir la anticoncepci\u00f3n y el aborto en la norma, usando t\u00e9rminos\u2026","rel":"","context":"En \u00abAborto\u00bb","img":{"alt_text":"","src":"https:\/\/i0.wp.com\/catolicasmexico.com\/blog\/wp-content\/uploads\/2013\/05\/image-61.jpeg?resize=350%2C200","width":350,"height":200},"classes":[]},{"id":2827,"url":"http:\/\/catolicasmexico.com\/blog\/peru-lider-del-lobby-gay-revela-que-matrimonio-es-primer-paso-de-agenda-homosexual\/","url_meta":{"origin":1372,"position":2},"title":"Per\u00fa: L\u00edder del lobby gay revela que \u201cmatrimonio\u201d es primer paso de agenda homosexual","date":"14 abril 2014","format":false,"excerpt":"Captura de pantalla de Facebook de Jorge Alberto Ch\u00e1vez Reyes. Fuente: Parejas Reales El director del Diario de Lima Gay y ex presidente del movimiento homosexual de Lima (mhol), Jorge Alberto Ch\u00e1vez Reyes, revel\u00f3 a trav\u00e9s de su cuenta en la red social Facebook que la campa\u00f1a por la aprobaci\u00f3n\u2026","rel":"","context":"En \u00abFamilia\u00bb","img":{"alt_text":"","src":"https:\/\/i2.wp.com\/catolicasmexico.com\/blog\/wp-content\/uploads\/2014\/04\/20140414-171031.jpg?resize=350%2C200","width":350,"height":200},"classes":[]},{"id":796,"url":"http:\/\/catolicasmexico.com\/blog\/presidente-de-guatemala-ratifica-rechazo-a-aborto-y-apoyo-a-familia-natural\/","url_meta":{"origin":1372,"position":3},"title":"Presidente de Guatemala ratifica rechazo a aborto y apoyo a familia natural","date":"11 junio 2013","format":false,"excerpt":"REDACCI\u00d3N CENTRAL, Comentario de www.catolicasmexico.com . Felicitamos al Sr.Presidente por el valor que tiene al defender los valores familiares. Haber resistido a los ataques y a las presiones de grupos financiados por extranjeros, es un acto heroico, que no muchos gobiernos, realizan. \u00a1Que Dios lo bendiga y le otorgu\u00e9 las\u2026","rel":"","context":"En \u00abAborto\u00bb","img":{"alt_text":"","src":"","width":0,"height":0},"classes":[]},{"id":743,"url":"http:\/\/catolicasmexico.com\/blog\/contra-el-aborto-y-el-lobby-gay-miles-marchan-por-la-vida-y-la-familia-en-brasil\/","url_meta":{"origin":1372,"position":4},"title":"Contra el aborto y el lobby gay Miles marchan por la vida y la familia en Brasil","date":"6 junio 2013","format":false,"excerpt":"BRASILIA, 05 Jun. 13 \/ 03:51 pm (ACI).- El 4 de junio miles de brasile\u00f1os participaron en una marcha de protesta en la capital del pa\u00eds, Brasilia, contra proyectos de ley que proponen la legalizaci\u00f3n del aborto en el pa\u00eds, as\u00ed como contra una reciente decisi\u00f3n judicial que autoriz\u00f3 el\u2026","rel":"","context":"En \u00abAborto\u00bb","img":{"alt_text":"","src":"","width":0,"height":0},"classes":[]},{"id":2004,"url":"http:\/\/catolicasmexico.com\/blog\/pro-familias-y-pro-vida-de-peru-organizan-caminata-masiva-de-oracion-y-ayuno-por-chile-y-mexico\/","url_meta":{"origin":1372,"position":5},"title":"Pro familias y pro-vida de Per\u00fa : organizan caminata masiva de oraci\u00f3n y ayuno por Chile y M\u00e9xico","date":"3 noviembre 2013","format":false,"excerpt":"Todo el mundo esta al corriente de que en M\u00e9xico est\u00e1 por aprobarse esta ley, salvo los propios mexicanos, tenemos que unirnos y luchar por nuestro pa\u00eds, pues son nuestros hijos los que ser\u00e1n afectados con tan abominable y abyecta ley. ESPA\u00d1A.-(AGENCIALAVOZ) El pastor Jos\u00e9 Linares Cer\u00f3n Presidente de Ciprofam\u2026","rel":"","context":"En \u00abAborto\u00bb","img":{"alt_text":"","src":"","width":0,"height":0},"classes":[]}],"jetpack_likes_enabled":false,"jetpack_sharing_enabled":true,"_links":{"self":[{"href":"http:\/\/catolicasmexico.com\/blog\/wp-json\/wp\/v2\/posts\/1372"}],"collection":[{"href":"http:\/\/catolicasmexico.com\/blog\/wp-json\/wp\/v2\/posts"}],"about":[{"href":"http:\/\/catolicasmexico.com\/blog\/wp-json\/wp\/v2\/types\/post"}],"author":[{"embeddable":true,"href":"http:\/\/catolicasmexico.com\/blog\/wp-json\/wp\/v2\/users\/2"}],"replies":[{"embeddable":true,"href":"http:\/\/catolicasmexico.com\/blog\/wp-json\/wp\/v2\/comments?post=1372"}],"version-history":[{"count":1,"href":"http:\/\/catolicasmexico.com\/blog\/wp-json\/wp\/v2\/posts\/1372\/revisions"}],"predecessor-version":[{"id":1373,"href":"http:\/\/catolicasmexico.com\/blog\/wp-json\/wp\/v2\/posts\/1372\/revisions\/1373"}],"wp:featuredmedia":[{"embeddable":true,"href":"http:\/\/catolicasmexico.com\/blog\/wp-json\/wp\/v2\/media\/1371"}],"wp:attachment":[{"href":"http:\/\/catolicasmexico.com\/blog\/wp-json\/wp\/v2\/media?parent=1372"}],"wp:term":[{"taxonomy":"category","embeddable":true,"href":"http:\/\/catolicasmexico.com\/blog\/wp-json\/wp\/v2\/categories?post=1372"},{"taxonomy":"post_tag","embeddable":true,"href":"http:\/\/catolicasmexico.com\/blog\/wp-json\/wp\/v2\/tags?post=1372"}],"curies":[{"name":"wp","href":"https:\/\/api.w.org\/{rel}","templated":true}]}}