{"id":1367,"date":"2013-07-23T10:38:59","date_gmt":"2013-07-23T15:38:59","guid":{"rendered":"http:\/\/catolicasmexico.com\/blog\/?p=1367"},"modified":"2013-07-23T11:30:01","modified_gmt":"2013-07-23T16:30:01","slug":"abortistas-en-venganza-habrian-puesto-bomba-que-deja-grave-a-un-albanil","status":"publish","type":"post","link":"http:\/\/catolicasmexico.com\/blog\/abortistas-en-venganza-habrian-puesto-bomba-que-deja-grave-a-un-albanil\/","title":{"rendered":"Abortistas en venganza habr\u00edan puesto bomba que deja grave a  un alba\u00f1il"},"content":{"rendered":"<p><a href=\"http:\/\/catolicasmexico.com\/blog\/wp-content\/uploads\/2013\/07\/20130723-114207.jpg\"><img src=\"http:\/\/catolicasmexico.com\/blog\/wp-content\/uploads\/2013\/07\/20130723-114207.jpg\" alt=\"20130723-114207.jpg\" class=\"alignnone size-full\"  \/> <\/a><\/p>\n<p>LIMA, 22 Jul. 13 \/ 06:15 pm  del sitio ACI\/EWTN Noticias<br \/>\nEdici\u00f3n www.catolicasmexico.com<br \/>\nLeonardo Valderrama, un alba\u00f1il de 60 a\u00f1os, se debate entre la vida y la muerte luego de perder las dos piernas por el estallido de un explosivo a escasos metros de la puerta de su casa, que habr\u00eda sido dejado por un grupo de abortistas en venganza porque la familia denunci\u00f3 el centro donde realizan esta pr\u00e1ctica ilegal.<\/p>\n<p>Seg\u00fan inform\u00f3 este lunes el diario El Comercio, el hecho ocurri\u00f3 en el distrito de Villa Mar\u00eda del Triunfo, ubicado en el sur de Lima, a las 8:30am, que adem\u00e1s le dej\u00f3 los brazos fracturados. (..)<\/p>\n<p>El alba\u00f1il fue trasladado de urgencia al hospital Mar\u00eda Auxiliadora, donde se debate entre la vida y la muerte.<\/p>\n<p>Agentes de la comisar\u00eda de Villa Mar\u00eda del Triunfo y personal del UDEX acudieron hasta el lugar. Seg\u00fan el diario, en un primer momento, hab\u00eda la sospecha de que la explosi\u00f3n se debi\u00f3 a una fuga de gas en una de las tuber\u00edas por donde transcurre el gas natural. Esta hip\u00f3tesis fue descartada.<\/p>\n<p>Sin embargo, los familiares de Valderrama acusan a sus vecinos de haber colocado el explosivo frente a su vivienda. \u201cYa est\u00e1bamos amenazados. Lo hicieron en venganza porque nosotros los denunciamos por tener un centro donde practicaban el aborto\u201d, dijo Laura Valle, sobrina de alba\u00f1il.<\/p>\n","protected":false},"excerpt":{"rendered":"<p>LIMA, 22 Jul. 13 \/ 06:15 pm del sitio ACI\/EWTN Noticias Edici\u00f3n www.catolicasmexico.com Leonardo Valderrama, un alba\u00f1il de 60 a\u00f1os, se debate entre la vida y la muerte luego de perder las dos piernas por el estallido de un explosivo a escasos metros de la puerta de su casa, que habr\u00eda sido dejado por un [&hellip;]<\/p>\n","protected":false},"author":2,"featured_media":1366,"comment_status":"open","ping_status":"open","sticky":false,"template":"","format":"standard","meta":{"spay_email":"","jetpack_publicize_message":"","jetpack_is_tweetstorm":false},"categories":[9,52],"tags":[],"aioseo_notices":[],"jetpack_featured_media_url":"http:\/\/catolicasmexico.com\/blog\/wp-content\/uploads\/2013\/07\/20130723-114207.jpg","jetpack_publicize_connections":[],"jetpack_shortlink":"https:\/\/wp.me\/p3B5XH-m3","jetpack-related-posts":[{"id":907,"url":"http:\/\/catolicasmexico.com\/blog\/triunfo-pro-vida-congreso-peruano-rechaza-reparto-de-anticonceptivos-a-menores\/","url_meta":{"origin":1367,"position":0},"title":"Triunfo pro-vida: Congreso peruano rechaza reparto de anticonceptivos a menores","date":"19 junio 2013","format":false,"excerpt":"LIMA, 18 Jun. 13 \/ 01:45 pm (ACI).- La Comisi\u00f3n de la Mujer del Congreso de Per\u00fa rechaz\u00f3 ayer las presiones de organizaciones abortistas que buscaban que se inserte en el art\u00edculo 27 del C\u00f3digo del Ni\u00f1o y del Adolescente la entrega sin consentimiento paterno de anticonceptivos a menores desde\u2026","rel":"","context":"En \u00abContracepci\u00f3n\u00bb","img":{"alt_text":"","src":"","width":0,"height":0},"classes":[]},{"id":291,"url":"http:\/\/catolicasmexico.com\/blog\/el-escenario-de-los-abortos-en-mexico-desde-2007-con-la-ley-han-aumentado-casi-un-75-las-estadisticas-de-la-secretaria-de-salud-del-distrito-federal-muestran-que-en-2008-se-produjeron-13-404-interru\/","url_meta":{"origin":1367,"position":1},"title":"El escenario de los abortos en M\u00e9xico desde 2007: con la ley, han aumentado casi un 75% Las estad\u00edsticas de la Secretar\u00eda de Salud del Distrito Federal muestran que en 2008 se produjeron 13.404 interrupciones del embarazo y en 2012 fueron 23.250. Se desvanecen los argumentos abortistas de que en 2006 hab\u00eda entre medio mill\u00f3n y un mill\u00f3n de abortos ilegales","date":"13 mayo 2013","format":false,"excerpt":"ForumLibertas.com Los argumentos de los defensores de la cultura de la muerte con respecto al aborto se basan, entre otras cosas, en que la legalizaci\u00f3n de la interrupci\u00f3n del embarazo acaba con los abortos ilegales y, para justificar sus tesis, inflan las cifras de estos \u00faltimos hasta extremos fuera de\u2026","rel":"","context":"En \u00abAborto\u00bb","img":{"alt_text":"","src":"https:\/\/i1.wp.com\/catolicasmexico.com\/blog\/wp-content\/uploads\/2013\/05\/evolucion-aborto-Mexico.jpg?resize=350%2C200","width":350,"height":200},"classes":[]},{"id":688,"url":"http:\/\/catolicasmexico.com\/blog\/derecho-a-vivir-critica-las-mentiras-del-lobby-del-aborto-en-caso-beatriz\/","url_meta":{"origin":1367,"position":2},"title":"Derecho a Vivir critica las mentiras del lobby del aborto en caso \u201cBeatriz\u201d","date":"3 junio 2013","format":false,"excerpt":"Noticia de ETWN. \u201cBeatriz\u201d nunca quiso aborto: La estafa del lobby de la muerte. Derecho a Vivir critica las mentiras del lobby del aborto en caso \u201cBeatriz\u201d El fallo emitido por la Sala de lo Constitucional de la Corte Suprema de Justicia (CSJ) de El Salvador el 29 de mayo,\u2026","rel":"","context":"En \u00abAborto\u00bb","img":{"alt_text":"","src":"","width":0,"height":0},"classes":[]},{"id":1449,"url":"http:\/\/catolicasmexico.com\/blog\/catedral-en-santiago-de-chile-es-atacada-por-abortistas-monsenor-ezzati-pide-perdon-a-dios\/","url_meta":{"origin":1367,"position":3},"title":"Catedral en Santiago de Chile es atacada por abortistas, Monse\u00f1or Ezzati pide perd\u00f3n a Dios.","date":"29 julio 2013","format":false,"excerpt":"Art\u00edculo editado y comentario de www.catolicasmexico.com Otro ataque infame a la Santa Iglesia, perpetrado por un grupo de abortistas, que mediante la violencia, amenazas, blasfemias, destrucci\u00f3n y odio tratan de hacer pasar ley del aborto en Chile. SANTIAGO, 26 Jul. 13 \/ 06:39 pm (ACI).- El Arzobispo de Santiago (Chile),\u2026","rel":"","context":"En \u00abAborto\u00bb","img":{"alt_text":"","src":"","width":0,"height":0},"classes":[]},{"id":2576,"url":"http:\/\/catolicasmexico.com\/blog\/las-10-frases-de-medicos-abortistas-que-revelan-la-cruda-realidad-del-aborto\/","url_meta":{"origin":1367,"position":4},"title":"Las 10 frases de m\u00e9dicos abortistas que revelan la cruda realidad del aborto","date":"12 febrero 2014","format":false,"excerpt":"Articulo de Lifenewsaction.org Post. Alejandra Mu\u00f1oz LiveActionNews.org recopil\u00f3 una triste antolog\u00eda de frases que m\u00e9dicos abortistas o t\u00e9cnicos de la industria (nombre y apellido incluidos) han usado al referirse a su profesi\u00f3n de asesinos de ni\u00f1os en el vientre de las mam\u00e1s. Lo han hecho en congresos, publicaciones, memorias, etc.,\u2026","rel":"","context":"En \u00abAborto\u00bb","img":{"alt_text":"","src":"","width":0,"height":0},"classes":[]},{"id":2416,"url":"http:\/\/catolicasmexico.com\/blog\/los-provida-40-000-los-abortistas-200-exito-mediatico-espanol-de-la-marcha-por-la-vida-en-paris-rel\/","url_meta":{"origin":1367,"position":5},"title":"Los provida, 40.000; los abortistas, 200: \u00e9xito medi\u00e1tico espa\u00f1ol de la Marcha por la Vida en Par\u00eds - ReL","date":"20 enero 2014","format":false,"excerpt":"Articulo de religi\u00f3n en libertad. La Marcha por la Vida del domingo 19 de enero en Par\u00eds (la explicamos con detalle aqu\u00ed) fue la m\u00e1s numerosa desde que se volvieron a convocar estos actos en 2005, con unos 40.000 manifestantes que salieron de la plaza Denfert-Rochereau (la polic\u00eda, despu\u00e9s de\u2026","rel":"","context":"En \u00abAborto\u00bb","img":{"alt_text":"","src":"https:\/\/i0.wp.com\/catolicasmexico.com\/blog\/wp-content\/uploads\/2014\/01\/20140120-1858201.jpg?resize=350%2C200","width":350,"height":200},"classes":[]}],"jetpack_likes_enabled":false,"jetpack_sharing_enabled":true,"_links":{"self":[{"href":"http:\/\/catolicasmexico.com\/blog\/wp-json\/wp\/v2\/posts\/1367"}],"collection":[{"href":"http:\/\/catolicasmexico.com\/blog\/wp-json\/wp\/v2\/posts"}],"about":[{"href":"http:\/\/catolicasmexico.com\/blog\/wp-json\/wp\/v2\/types\/post"}],"author":[{"embeddable":true,"href":"http:\/\/catolicasmexico.com\/blog\/wp-json\/wp\/v2\/users\/2"}],"replies":[{"embeddable":true,"href":"http:\/\/catolicasmexico.com\/blog\/wp-json\/wp\/v2\/comments?post=1367"}],"version-history":[{"count":2,"href":"http:\/\/catolicasmexico.com\/blog\/wp-json\/wp\/v2\/posts\/1367\/revisions"}],"predecessor-version":[{"id":1369,"href":"http:\/\/catolicasmexico.com\/blog\/wp-json\/wp\/v2\/posts\/1367\/revisions\/1369"}],"wp:featuredmedia":[{"embeddable":true,"href":"http:\/\/catolicasmexico.com\/blog\/wp-json\/wp\/v2\/media\/1366"}],"wp:attachment":[{"href":"http:\/\/catolicasmexico.com\/blog\/wp-json\/wp\/v2\/media?parent=1367"}],"wp:term":[{"taxonomy":"category","embeddable":true,"href":"http:\/\/catolicasmexico.com\/blog\/wp-json\/wp\/v2\/categories?post=1367"},{"taxonomy":"post_tag","embeddable":true,"href":"http:\/\/catolicasmexico.com\/blog\/wp-json\/wp\/v2\/tags?post=1367"}],"curies":[{"name":"wp","href":"https:\/\/api.w.org\/{rel}","templated":true}]}}