{"id":1360,"date":"2013-07-23T05:26:44","date_gmt":"2013-07-23T10:26:44","guid":{"rendered":"http:\/\/catolicasmexico.com\/blog\/?p=1360"},"modified":"2013-07-23T05:26:45","modified_gmt":"2013-07-23T10:26:45","slug":"una-adicion-sobre-los-transexuales-en-el-codigo-civil-de-la-isla-del-principe-eduardo","status":"publish","type":"post","link":"http:\/\/catolicasmexico.com\/blog\/una-adicion-sobre-los-transexuales-en-el-codigo-civil-de-la-isla-del-principe-eduardo\/","title":{"rendered":"Una adici\u00f3n sobre los transexuales en el c\u00f3digo civil de la isla del pr\u00edncipe Eduardo."},"content":{"rendered":"<p><a href=\"http:\/\/catolicasmexico.com\/blog\/wp-content\/uploads\/2013\/07\/20130723-062157.jpg\"><img src=\"http:\/\/catolicasmexico.com\/blog\/wp-content\/uploads\/2013\/07\/20130723-062157.jpg\" alt=\"20130723-062157.jpg\" class=\"alignnone size-full\"  \/> <\/a><\/p>\n<p>Del blog de www.cqv.cq.ca original del sitio de Radio-Canada du 22 juillet 2013<br \/>\nTraducci\u00f3n y edici\u00f3n libre wwww.catolicasmexico.com<\/p>\n<p>El derecho a la expresi\u00f3n de la identidad de g\u00e9nero podr\u00eda incluirse espec\u00edficamente en el c\u00f3digo de los derechos humanos de  la isla del Prince Eduardo desde este oto\u00f1o.<\/p>\n<p>Las personas transg\u00e9nero ya disfrutan de protecci\u00f3n,  en la ley actual existen ya leyes contra la discriminaci\u00f3n basada en el sexo.<\/p>\n<p>Pero incluyendo el t\u00e9rmino \u00abtransg\u00e9nero\u00bb en la redacci\u00f3n de la ley, la Comisi\u00f3n de derechos humanos cree que las personas transg\u00e9nero estar\u00e1n m\u00e1s inclinadas a quejarse cuando se sientan agraviados.<\/p>\n<p>(&#8230;)<\/p>\n<p>Algunas provincias, incluyendo Nueva Escocia, ya han incluido el derecho a la expresi\u00f3n de la identidad de g\u00e9nero en su c\u00f3digo de los derechos humanos.<\/p>\n<p> Editorial www.cqv.qc.ca<br \/>\nEste desorden en las leyes, se est\u00e1 promoviendo en todas partes a trav\u00e9s de Canad\u00e1 para \u00abproteger de la discriminaci\u00f3n&#8217;, en la vida cotidiana, de  dichas las expresiones sexuales que nadie quiere mostrar  a sus hijos.  Esto es una forma de persecuci\u00f3n y violencia sin precedentes contra las familias y los ni\u00f1os. La lucha contra la &#8216;discriminaci\u00f3n&#8217; es actualmente la forma m\u00e1s retorcida y violenta de intimidaci\u00f3n contra las personas que desean proteger  a sus familias de tales espect\u00e1culos.<\/p>\n","protected":false},"excerpt":{"rendered":"<p>Del blog de www.cqv.cq.ca original del sitio de Radio-Canada du 22 juillet 2013 Traducci\u00f3n y edici\u00f3n libre wwww.catolicasmexico.com El derecho a la expresi\u00f3n de la identidad de g\u00e9nero podr\u00eda incluirse espec\u00edficamente en el c\u00f3digo de los derechos humanos de la isla del Prince Eduardo desde este oto\u00f1o. Las personas transg\u00e9nero ya disfrutan de protecci\u00f3n, en [&hellip;]<\/p>\n","protected":false},"author":2,"featured_media":1359,"comment_status":"open","ping_status":"open","sticky":false,"template":"","format":"standard","meta":{"spay_email":"","jetpack_publicize_message":"","jetpack_is_tweetstorm":false},"categories":[84,12,70,21],"tags":[],"aioseo_notices":[],"jetpack_featured_media_url":"http:\/\/catolicasmexico.com\/blog\/wp-content\/uploads\/2013\/07\/20130723-062157.jpg","jetpack_publicize_connections":[],"jetpack_shortlink":"https:\/\/wp.me\/p3B5XH-lW","jetpack-related-posts":[{"id":1618,"url":"http:\/\/catolicasmexico.com\/blog\/california-alumnos-de-secundaria-podran-escoger-el-bano-segun-su-identidad-sexual\/","url_meta":{"origin":1360,"position":0},"title":"California: alumnos de secundaria podr\u00e1n escoger el ba\u00f1o seg\u00fan su identidad sexual.","date":"15 agosto 2013","format":false,"excerpt":"Informaci\u00f3n del Journal de Montr\u00e9al del 12 de agosto de 2013. Traducci\u00f3n y edici\u00f3n libre www.catolicasmexio.comLOS ANGELES - Los. alumnos de escuelas secundarias podr\u00e1n usar el ba\u00f1o de su elecci\u00f3n basado en su identidad sexual y no el sexo que aparece en sus documentos de identificaci\u00f3n,esto, bajo una nueva ley\u2026","rel":"","context":"En \u00abEducaci\u00f3n\u00bb","img":{"alt_text":"","src":"","width":0,"height":0},"classes":[]},{"id":3111,"url":"http:\/\/catolicasmexico.com\/blog\/nueva-ley-del-d-f-quita-a-padres-de-familia-su-potestad-de-educar-comision-mexicana-de-derechos-humanos-a-c\/","url_meta":{"origin":1360,"position":1},"title":"NUEVA LEY DEL D.F. QUITA A PADRES DE FAMILIA SU POTESTAD DE EDUCAR: Comisi\u00f3n Mexicana de Derechos Humanos, A.C.","date":"24 junio 2014","format":false,"excerpt":"Presentamos el escrito que reproduce el portal CITIZENGO en el que se piden firmas para solicitar el veto a esta ley. El sitio para firmar dicha solicitud es el siguiente (haz click): http:\/\/www.citizengo.org\/es\/8642-vetar-ley-y-jovenes-del-distrito-federal COMUNICADO DE LA CMDH: LA CMDH DENUNCIA QUE -CON ESA LEY- DESDE LOS 12 A\u00d1OS, EN LA\u2026","rel":"","context":"En \u00abEducaci\u00f3n\u00bb","img":{"alt_text":"","src":"","width":0,"height":0},"classes":[]},{"id":1164,"url":"http:\/\/catolicasmexico.com\/blog\/peru-resiste-a-las-presiones-del-lobby-lgtb\/","url_meta":{"origin":1360,"position":2},"title":"Per\u00fa resiste a las presiones del lobby LGTB.","date":"9 julio 2013","format":false,"excerpt":"Del blog de www.cqv.qc.ca del blog de Jeanne Smits. Traducci\u00f3n y edici\u00f3n libre www.catolicasmexico.com La propuesta de incluir una causa agravante al delito de discriminaci\u00f3n debido a la \"orientaci\u00f3n sexual\" y la \"identidad de g\u00e9nero\" en el Congreso de Per\u00fa fue rechazada este 4 de julio. Cabe se\u00f1alar que Per\u00fa\u2026","rel":"","context":"En \u00abLegislaci\u00f3n\u00bb","img":{"alt_text":"","src":"","width":0,"height":0},"classes":[]},{"id":2798,"url":"http:\/\/catolicasmexico.com\/blog\/en-australia-los-jueces-dictaminan-ni-hombre-ni-mujer-la-creacion-del-tercer-sexo\/","url_meta":{"origin":1360,"position":3},"title":"En Australia los jueces dictaminan :Ni hombre ni mujer: la creaci\u00f3n del tercer sexo","date":"3 abril 2014","format":false,"excerpt":"Fuente clarin.com 02\/04\/14 - 11:41 La Alta Corte de Australia decidi\u00f3 hoy que una persona puede ser reconocida por el Estado Civil como perteneciente a un \"g\u00e9nero neutro\", ni masculino ni femenino, convirtiendo a este pa\u00eds en uno de los pocos que reconocen un tercer sexo. La principal jurisdicci\u00f3n australiana\u2026","rel":"","context":"En \u00abHomosexualidad\u00bb","img":{"alt_text":"","src":"https:\/\/i0.wp.com\/catolicasmexico.com\/blog\/wp-content\/uploads\/2014\/04\/20140403-125520.jpg?resize=350%2C200","width":350,"height":200},"classes":[]},{"id":2479,"url":"http:\/\/catolicasmexico.com\/blog\/detengamos-el-informe-lunacek\/","url_meta":{"origin":1360,"position":4},"title":"\u00a1Detengamos el informe Lunacek!","date":"28 enero 2014","format":false,"excerpt":"El grupo de Hazteoir.org nos envi\u00f3 esta petici\u00f3n que pusimos en nuestro muro de Facebook. Les pedimos que firmen y que detengamos as\u00ed la mordaza que quieren imponer los lobbys gays. La pr\u00f3xima semana, se votar\u00e1 en el Parlamento Europeo el Informe Lunacek (as\u00ed llamado por su promotora, la eurodiputada\u2026","rel":"","context":"En \u00abEspa\u00f1a\u00bb","img":{"alt_text":"","src":"https:\/\/i2.wp.com\/catolicasmexico.com\/blog\/wp-content\/uploads\/2014\/01\/20140128-1317121.jpg?resize=350%2C200","width":350,"height":200},"classes":[]},{"id":2030,"url":"http:\/\/catolicasmexico.com\/blog\/paises-declaran-la-no-existencia-del-derecho-al-aborto-o-a-la-homosexualidad\/","url_meta":{"origin":1360,"position":5},"title":"Pa\u00edses declaran la no existencia del derecho al aborto o a la homosexualidad","date":"6 noviembre 2013","format":false,"excerpt":"Art\u00edculo de ForumVida. Rusia, Etiop\u00eda, Polonia y otros tomaron los micr\u00f3fonos en una reuni\u00f3n (transmitida en vivo v\u00eda Internet desde la sede de la ONU) para dejar claro que el aborto y la homosexualidad no son derechos humanos internacionales. Los diplom\u00e1ticos criticaron especialmente a la oficina de derechos humanos de\u2026","rel":"","context":"En \u00abAborto\u00bb","img":{"alt_text":"","src":"https:\/\/i1.wp.com\/catolicasmexico.com\/blog\/wp-content\/uploads\/2013\/11\/20131106-180029.jpg?resize=350%2C200","width":350,"height":200},"classes":[]}],"jetpack_likes_enabled":false,"jetpack_sharing_enabled":true,"_links":{"self":[{"href":"http:\/\/catolicasmexico.com\/blog\/wp-json\/wp\/v2\/posts\/1360"}],"collection":[{"href":"http:\/\/catolicasmexico.com\/blog\/wp-json\/wp\/v2\/posts"}],"about":[{"href":"http:\/\/catolicasmexico.com\/blog\/wp-json\/wp\/v2\/types\/post"}],"author":[{"embeddable":true,"href":"http:\/\/catolicasmexico.com\/blog\/wp-json\/wp\/v2\/users\/2"}],"replies":[{"embeddable":true,"href":"http:\/\/catolicasmexico.com\/blog\/wp-json\/wp\/v2\/comments?post=1360"}],"version-history":[{"count":1,"href":"http:\/\/catolicasmexico.com\/blog\/wp-json\/wp\/v2\/posts\/1360\/revisions"}],"predecessor-version":[{"id":1361,"href":"http:\/\/catolicasmexico.com\/blog\/wp-json\/wp\/v2\/posts\/1360\/revisions\/1361"}],"wp:featuredmedia":[{"embeddable":true,"href":"http:\/\/catolicasmexico.com\/blog\/wp-json\/wp\/v2\/media\/1359"}],"wp:attachment":[{"href":"http:\/\/catolicasmexico.com\/blog\/wp-json\/wp\/v2\/media?parent=1360"}],"wp:term":[{"taxonomy":"category","embeddable":true,"href":"http:\/\/catolicasmexico.com\/blog\/wp-json\/wp\/v2\/categories?post=1360"},{"taxonomy":"post_tag","embeddable":true,"href":"http:\/\/catolicasmexico.com\/blog\/wp-json\/wp\/v2\/tags?post=1360"}],"curies":[{"name":"wp","href":"https:\/\/api.w.org\/{rel}","templated":true}]}}