{"id":136,"date":"2013-05-04T21:07:31","date_gmt":"2013-05-05T02:07:31","guid":{"rendered":"http:\/\/catolicasmexico.com\/blog\/?p=136"},"modified":"2013-05-04T21:13:49","modified_gmt":"2013-05-05T02:13:49","slug":"el-nuevo-cura-de-ars-de-la-marsella-agnostica-multiplica-los-fieles-en-un-barrio-islamico","status":"publish","type":"post","link":"http:\/\/catolicasmexico.com\/blog\/el-nuevo-cura-de-ars-de-la-marsella-agnostica-multiplica-los-fieles-en-un-barrio-islamico\/","title":{"rendered":"El nuevo Cura de Ars de la Marsella Agn\u00f3stica, multiplica los fieles en un barrio isl\u00e1mico."},"content":{"rendered":"<div><\/div>\n<div><a href=\"http:\/\/catolicasmexico.com\/blog\/wp-content\/uploads\/2013\/05\/image-1.jpeg\"><img data-attachment-id=\"137\" data-permalink=\"http:\/\/catolicasmexico.com\/blog\/el-nuevo-cura-de-ars-de-la-marsella-agnostica-multiplica-los-fieles-en-un-barrio-islamico\/image-1-2\/\" data-orig-file=\"http:\/\/catolicasmexico.com\/blog\/wp-content\/uploads\/2013\/05\/image-1.jpeg\" data-orig-size=\"275,183\" data-comments-opened=\"1\" data-image-meta=\"{&quot;aperture&quot;:&quot;0&quot;,&quot;credit&quot;:&quot;&quot;,&quot;camera&quot;:&quot;&quot;,&quot;caption&quot;:&quot;&quot;,&quot;created_timestamp&quot;:&quot;0&quot;,&quot;copyright&quot;:&quot;&quot;,&quot;focal_length&quot;:&quot;0&quot;,&quot;iso&quot;:&quot;0&quot;,&quot;shutter_speed&quot;:&quot;0&quot;,&quot;title&quot;:&quot;&quot;,&quot;orientation&quot;:&quot;0&quot;}\" data-image-title=\"image (1)\" data-image-description=\"\" data-medium-file=\"http:\/\/catolicasmexico.com\/blog\/wp-content\/uploads\/2013\/05\/image-1.jpeg\" data-large-file=\"http:\/\/catolicasmexico.com\/blog\/wp-content\/uploads\/2013\/05\/image-1.jpeg\" class=\"alignnone size-full wp-image-137\" title=\"image (1)\" src=\"http:\/\/catolicasmexico.com\/blog\/wp-content\/uploads\/2013\/05\/image-1.jpeg\" alt=\"\" width=\"275\" height=\"183\" srcset=\"http:\/\/catolicasmexico.com\/blog\/wp-content\/uploads\/2013\/05\/image-1.jpeg 275w, http:\/\/catolicasmexico.com\/blog\/wp-content\/uploads\/2013\/05\/image-1-150x150.jpeg 150w\" sizes=\"100vw\" \/> <\/a><\/div>\n<div><\/div>\n<div><\/div>\n<div>ARTICULO DE RELIGION EN\u00a0<a href=\"http:\/\/libertad.com\/\" target=\"_blank\">LIBERTAD.COM<\/a><\/div>\n<div>\u201cTraer tantas almas para Dios como sea posible\u201d. El padre Michel Marie Zanotti Sorkine se ha tomado esta frase muy a pecho y se ha convertido en su principal objetivo como sacerdote.<\/div>\n<div><\/div>\n<div>\n<p>As\u00ed lo est\u00e1 haciendo tras\u00a0<strong>haber transformado una iglesia que iba a ser clausurada y demolida\u00a0<\/strong>en la parroquia con m\u00e1s vida de Marsella. Su m\u00e9rito es aun mayor cuando el templo est\u00e1 situado en un barrio con una enorme presencia de musulmanes en una ciudad donde\u00a0<strong>menos del 1% de la poblaci\u00f3n es cat\u00f3lica practicante.<\/strong><\/p>\n<p><span>Hab\u00eda sido m\u00fasico de \u00e9xito.<br \/>\n<\/span>La clave para este sacerdote que previamente hab\u00eda sido\u00a0<strong>m\u00fasico de \u00e9xito en multitud de cabarets de Par\u00eds\u00a0<\/strong>y Montecarlo es la \u201cpresencia\u201d, hacer presente a Dios en el mundo de hoy.\u00a0<strong>Las puertas de su iglesia est\u00e1n todo el d\u00eda de par en par\u00a0<\/strong>y viste de sotana porque \u201ctodos, cristianos o no, tienen derecho a ver un sacerdote fuera de la iglesia\u201d.<\/p>\n<p><span>De 50 feligreses en Misa a 700<br \/>\n<\/span>Su balance es abrumador. Cuando lleg\u00f3 en 2004 a la parroquia de San Vicente de Pa\u00fal del centro de Marsella\u00a0<strong>la iglesia permanec\u00eda cerrada durante la semana\u00a0<\/strong>y la \u00fanica misa dominical se celebraba en la cripta a la que apenas acud\u00edan 50 personas.<\/p>\n<p>Como \u00e9l mismo cuenta lo primero que hizo fue abrir el templo todos los d\u00edas y celebrar en el altar mayor.\u00a0<strong>Ahora la iglesia permanece abierta casi todo el d\u00eda<\/strong>\u00a0y hacen falta sillas adicionales para albergar a los fieles. M\u00e1s de 700 todos los domingos, m\u00e1s incluso en las grandes fiestas.\u00a0<strong>Casi 200 adultos se han bautizado desde que lleg\u00f3<\/strong>, 34 en esta \u00faltima Pascua. Se ha convertido un fen\u00f3meno de masas\u00a0<strong>no s\u00f3lo en Marsella sino en toda Francia<\/strong>, con reportajes de medios de todo el pa\u00eds atra\u00eddos por la cantidad de conversiones.<\/p>\n<p><span>El nuevo cura de Ars en la Marsella agn\u00f3stica<br \/>\n<\/span>Una de las iniciativas principales del padre Zanotti Sorkine para\u00a0<strong>revitalizar la fe de la parroquia\u00a0<\/strong>y conseguir tal afluencia de gente de toda edad y condici\u00f3n social\u00a0<strong>es la confesi\u00f3n<\/strong>. Antes de la apertura del templo a las 8 de la ma\u00f1ana ya hay gente esperando en la puerta para poder acudir a este sacramento o para\u00a0<strong>pedir consejo a este sacerdote franc\u00e9s<\/strong>.<\/p>\n<p>Tal y como cuentan sus feligreses,\u00a0<strong>el padre Michel Marie est\u00e1 buena parte del d\u00eda en el confesionario<\/strong>, muchas veces hasta pasadas las once de la noche. Y si no est\u00e1 ah\u00ed siempre se le encuentra vagando por sus pasillos o en la sacrist\u00eda sabiendo la necesidad de que\u00a0<strong>los sacerdotes est\u00e9n siempre visibles y cercanos para salir en auxilio de todo aquel que lo necesite<\/strong>.<\/p>\n<p><span>La iglesia siempre abierta<br \/>\n<\/span>Otra de sus se\u00f1as de identidad m\u00e1s caracter\u00edsticas es la de tener el templo permanentemente abierto. Esto le ha generado cr\u00edticas de sacerdotes de su di\u00f3cesis pero \u00e9l afirma que\u00a0<strong>la misi\u00f3n de la parroquia es \u201cpermitir y facilitar el encuentro del hombre con Dios<\/strong>\u201d y el cura no puede ser un impedimento para esto.<\/p>\n<p><span>El templo debe favorecer el nexo con Dios<br \/>\n<\/span>En una entrevista en televisi\u00f3n afirmaba convencido que \u201csi hoy en d\u00eda la iglesia no est\u00e1 abierta es que de cierta manera no tenemos nada que proponer, que todo lo que ofrecemos se acab\u00f3. Mientras que en este caso la iglesia est\u00e1 abierta todo el d\u00eda, hay gente que viene, pr\u00e1cticamente nunca hemos tenido robos, hay gente que ora y le garantizo que esta iglesia se transforma en\u00a0<strong>un instrumento extraordinario que favorece el encuentro entre el alma y Dios<\/strong>\u201d.<\/p>\n<p><span>Era la \u00faltima oportunidad para salvar la parroquia<br \/>\n<\/span>El obispo le mand\u00f3 a esta parroquia como \u00faltima oportunidad para salvarla y le hizo caso de manera literal cuando le dijo que abriera las puertas. \u201cHay cinco puertas siempre abiertas y as\u00ed todo\u00a0<strong>el mundo puede ver la belleza de la casa de Dios<\/strong>\u201d. 90.000 coches y miles de viandantes y turistas se encuentran con la iglesia abierta y con los sacerdotes a la vista. Este es su m\u00e9todo:\u00a0<strong>la presencia de Dios y su gente en el mundo secularizado.<br \/>\n<span><br \/>\n<\/span><\/strong><span>La importancia de la liturgia y de la limpieza<br \/>\n<\/span>Y aqu\u00ed llega otro punto clave para este sacerdote. Nada m\u00e1s llegar y con la ayuda de un grupo de laicos\u00a0<strong>renov\u00f3 la parroquia, la limpi\u00f3 y la dej\u00f3 resplandeciente<\/strong>. Para \u00e9l este es otro motivo de por qu\u00e9 la gente opta por volver a la iglesia. \u201c<strong>C\u00f3mo quiere que se crea que Cristo vive en un lugar si todo no est\u00e1 impecable<\/strong>, es imposible\u201d.<\/p>\n<p>Por ello, los manteles del altar y del Sagrario tienen un blanco inmaculado. \u201cEs el detalle el que hace la diferencia. Con el trabajo bien hecho nos damos cuenta del amor que manifestamos a los seres y a las cosas\u201d. De manera tajante asegura que \u201ccreo que cuando se penetra en una iglesia donde todo no est\u00e1 impecable es imposible creer en la Presencia gloriosa de Jes\u00fas\u201d.<\/p>\n<p>La liturgia se torna en el punto central de su ministerio y mucha gente ha sido atra\u00edda a esta iglesia por la riqueza de la Eucarist\u00eda. \u201c<strong>Esta es la belleza que conduce a Dios\u201d,<\/strong>afirma.<\/p>\n<p>Las misas est\u00e1n siempre repletas y en ellas hay procesiones solemnes, incienso, c\u00e1nticos cuidados\u2026 Todo hecho al detalle. \u201cLe doy un trato especial a la celebraci\u00f3n de la Misa para<strong>mostrar el significado del sacrificio eucar\u00edstico<\/strong>\u00a0y la realidad de la Presencia\u201d. \u201cLa vida espiritual no se concibe sin la adoraci\u00f3n del Sant\u00edsimo Sacramento y sin un ardiente amor a Mar\u00eda\u201d por lo que introdujo la adoraci\u00f3n y el rezo diario del Rosario dirigido por estudiantes y j\u00f3venes.<\/p>\n<p>Sus sermones son tambi\u00e9n de lo m\u00e1s esperado e incluso sus feligreses los cuelgan en internet.\u00a0<strong>En ellos llama siempre a la conversi\u00f3n, por la salvaci\u00f3n del hombre<\/strong>. En su opini\u00f3n, la falta de este mensaje en la Iglesia de hoy \u201ces quiz\u00e1s una de las principales causas de la indiferencia religiosa que vivimos en el mundo contempor\u00e1neo\u201d. Ante todo claridad en el mensaje evang\u00e9lico. Por eso\u00a0<strong>advierte de la frase tan manida de que \u201ctodos vamos a ir al cielo<\/strong>\u201d. Esta es para \u00e9l \u201cotra canci\u00f3n que puede enga\u00f1arnos\u201d debido a que hay que luchar, empezando por el sacerdote, para llegar al Para\u00edso.<\/p>\n<p><span>El cura de la sotana<br \/>\n<\/span>Si hay algo que distingue a este alto sacerdote en un barrio de mayor\u00eda musulmana es su sotana, que siempre lleva puesta, y el rosario entre las manos. Para \u00e9l es primordial\u00a0<strong>que el cura pueda ser distinguido entre la gente.<\/strong>\u00a0\u201cTodos los hombres, empezando por uno que cruza el umbral de la iglesia, tiene el derecho de reunirse con un sacerdote.\u00a0<strong>El servicio que ofrecemos es tan esencial para la salvaci\u00f3n\u00a0<\/strong>que nuestra visi\u00f3n debe hacerse tangible y eficaz para permitir esta reuni\u00f3n\u201d.<\/p>\n<p>De este modo, para el padre Michel el sacerdote lo es 24 horas al d\u00eda. \u201cEl servicio debe ser permanente. \u00bfQu\u00e9 pensar\u00eda usted de un marido que en su camino a su oficina por la ma\u00f1ana se quitara su alianza?\u201d.<\/p>\n<p>En este aspecto es muy insistente: \u201cen cuanto a aquellos que\u00a0<strong>dicen que el habito crea una distancia es que no conocen el coraz\u00f3n de los pobres\u00a0<\/strong>para los cuales lo que se ve dice m\u00e1s de lo que se dice\u201d.<\/p>\n<p>Por \u00faltimo recuerda un detalle importante.\u00a0<strong>Los reg\u00edmenes comunistas lo primero que hac\u00edan era eliminar el habito eclesi\u00e1stico<\/strong>\u00a0sabiendo de la importancia de la comunicaci\u00f3n de la fe. \u201cEsto merece la atenci\u00f3n de la Iglesia de Francia\u201d, afirma.<\/p>\n<p>Sin embargo, su misi\u00f3n no la desarrolla \u00fanicamente en el interior del templo sino que es un personaje conocido en todo el barrio, tambi\u00e9n por los musulmanes.\u00a0<strong>Desayuna en los caf\u00e9s del barrio, all\u00ed habla y se re\u00fane con los fieles y con gente no practicante<\/strong>. \u00c9l lo llama, su peque\u00f1a capilla. As\u00ed ha conseguido ya que muchos vecinos sean ahora asiduos de la parroquia y han convertido a esta iglesia de San Vicente de Pa\u00fal en una parroquia totalmente resucitada.<\/p>\n<p><span>Una vida peculiar: cantante de cabarets<br \/>\n<\/span>La vida del padre Michel Marie ha estado siempre en movimiento. Naci\u00f3 en 1959 y tiene or\u00edgenes rusos, italianos y corsos.\u00a0<strong>A los 13 a\u00f1os perdi\u00f3 a su madre y le caus\u00f3 una \u201cruptura devastadora<\/strong>\u201d lo que le hizo unirse a\u00fan m\u00e1s a la Virgen Mar\u00eda.<\/p>\n<p>Al tener un gran talento musical, apag\u00f3 la p\u00e9rdida de su madre con la m\u00fasica. En 1977 tras ser invitado a tocar en el caf\u00e9 Par\u00eds de Montecarlo se traslad\u00f3 a la capital donde\u00a0<strong>comenz\u00f3 su carrera de compositor y cantante en cabarets<\/strong>. Sin embargo, la llamada de Dios era m\u00e1s fuerte y en 1988 entr\u00f3 en la orden dominica por su devoci\u00f3n a Santo Domingo. Con ellos estuvo cuatro a\u00f1os cuando ante la fascinaci\u00f3n por San Maximiliano Kolbe se fue a la orden franciscana, donde tambi\u00e9n permaneci\u00f3 cuatro a\u00f1os.<\/p>\n<\/div>\n<div>Fue en 1999 cuando fue ordenado sacerdote para la di\u00f3cesis de Marsella con casi cuarenta a\u00f1os. Adem\u00e1s, de su m\u00fasica, dedicada ahora a Dios, tambi\u00e9n\u00a0<strong>es escritor de \u00e9xito<\/strong>, ha publicado ya seis libros y poeta.<\/div>\n","protected":false},"excerpt":{"rendered":"<p>ARTICULO DE RELIGION EN\u00a0LIBERTAD.COM \u201cTraer tantas almas para Dios como sea posible\u201d. El padre Michel Marie Zanotti Sorkine se ha tomado esta frase muy a pecho y se ha convertido en su principal objetivo como sacerdote. As\u00ed lo est\u00e1 haciendo tras\u00a0haber transformado una iglesia que iba a ser clausurada y demolida\u00a0en la parroquia con m\u00e1s [&hellip;]<\/p>\n","protected":false},"author":2,"featured_media":137,"comment_status":"open","ping_status":"open","sticky":false,"template":"","format":"standard","meta":{"spay_email":"","jetpack_publicize_message":"","jetpack_is_tweetstorm":false},"categories":[25],"tags":[],"aioseo_notices":[],"jetpack_featured_media_url":"http:\/\/catolicasmexico.com\/blog\/wp-content\/uploads\/2013\/05\/image-1.jpeg","jetpack_publicize_connections":[],"jetpack_shortlink":"https:\/\/wp.me\/p3B5XH-2c","jetpack-related-posts":[{"id":965,"url":"http:\/\/catolicasmexico.com\/blog\/pelosi-se-rie-de-la-carta-del-sacerdote-que-desafio-su-posicion-sobre-el-aborto-esta-actuando-histericamente\/","url_meta":{"origin":136,"position":0},"title":"Pelosi se r\u00ede de la carta del sacerdote que desafi\u00f3 su posici\u00f3n sobre el aborto: \"Est\u00e1 actuando hist\u00e9ricamente\"","date":"27 junio 2013","format":false,"excerpt":"Por John Jalsevac. Traducido y editado por Alejandro P. de www.catolicasmexico.com Martes, 25 de junio de 2013 15:51 25 De junio del 2013 (LifeSiteNews.com) - La ex presidente de la c\u00e1mara de representantes, Nancy Pelosi se ha re\u00eddo de una carta redactada por el fundador de Sacerdotes por la Vida,\u2026","rel":"","context":"En \u00abAborto\u00bb","img":{"alt_text":"","src":"https:\/\/i0.wp.com\/catolicasmexico.com\/blog\/wp-content\/uploads\/2013\/07\/Nacy-Pelosi-1024x1024.jpeg?resize=350%2C200","width":350,"height":200},"classes":[]},{"id":3830,"url":"http:\/\/catolicasmexico.com\/blog\/linchamiento-publico-a-un-sacerdote-por-ofrecer-ayuda-a-los-homosexuales\/","url_meta":{"origin":136,"position":1},"title":"Linchamiento p\u00fablico a un sacerdote por ofrecer ayuda a los homosexuales.","date":"30 junio 2015","format":false,"excerpt":"Art\u00edculo editado del Diario de Sevilla. El p\u00e1rroco de Bellavista ofrece ayuda para \"sanar\" la homosexualidad La portada de la web oficial del templo aconsejaba material, terapias y una gu\u00eda t\u00e9cnica. La entrada ha sido borrada y Santiago Gonz\u00e1lez pide perd\u00f3n y rechaza su autor\u00eda. \"La p\u00e1gina est\u00e1 administrada por\u2026","rel":"","context":"En \u00abataques contra la Iglesia Catolica\u00bb","img":{"alt_text":"","src":"https:\/\/i1.wp.com\/catolicasmexico.com\/blog\/wp-content\/uploads\/2015\/06\/20150630-135506.jpg?resize=350%2C200","width":350,"height":200},"classes":[]},{"id":2419,"url":"http:\/\/catolicasmexico.com\/blog\/el-culto-a-la-muerte-provoca-muchos-casos-de-posecion\/","url_meta":{"origin":136,"position":2},"title":"El culto a la muerte provoca muchos casos de poseci\u00f3n.","date":"21 enero 2014","format":false,"excerpt":"Art\u00edculo de Religi\u00f3n en libertad. Desde su ordenaci\u00f3n en 1991, Ernesto Mar\u00eda Caro, sacerdote de la di\u00f3cesis de Monterrey, no se hab\u00eda encontrado en confesi\u00f3n con un caso tan espantoso. Quien acudi\u00f3 a \u00e9l era un asesino del c\u00e1rtel de los Zetas, organizaci\u00f3n criminal mexicana que lleva quince a\u00f1os sembrando\u2026","rel":"","context":"En \u00abIglesia cat\u00f3lica\u00bb","img":{"alt_text":"","src":"https:\/\/i2.wp.com\/catolicasmexico.com\/blog\/wp-content\/uploads\/2014\/01\/20140121-121134.jpg?resize=350%2C200","width":350,"height":200},"classes":[]},{"id":2637,"url":"http:\/\/catolicasmexico.com\/blog\/director-de-aci-prensa-exige-a-actor-pro-aborto-que-de-nombre-de-supuesto-abusador-o-se-disculpe-por-mentir\/","url_meta":{"origin":136,"position":3},"title":"Director de ACI Prensa exige a actor pro aborto que d\u00e9 nombre de supuesto abusador o se disculpe por mentir","date":"26 febrero 2014","format":false,"excerpt":"LIMA, 26 Feb. 14 \/ 09:58 am (ACI).- El director de ACI Prensa, Alejandro Berm\u00fadez, exigi\u00f3 hoy al actor pro aborto Jason Day que denuncie con pruebas al sacerdote que supuestamente intent\u00f3 abusar de \u00e9l cuando ten\u00eda nueve a\u00f1os, o de otra forma que pida disculpas por haber mentido. En\u2026","rel":"","context":"En \u00abAborto\u00bb","img":{"alt_text":"","src":"https:\/\/i1.wp.com\/catolicasmexico.com\/blog\/wp-content\/uploads\/2014\/02\/20140226-111117.jpg?resize=350%2C200","width":350,"height":200},"classes":[]},{"id":130,"url":"http:\/\/catolicasmexico.com\/blog\/el-padre-kukulka-administraba-el-sacramento-en-una-pequena-habitacion-junto-a-la-sacristia-hasta-que-se-le-ocurrio-la-idea\/","url_meta":{"origin":136,"position":4},"title":"El padre Kukulka administraba el sacramento en una peque\u00f1a habitaci\u00f3n junto a la sacrist\u00eda hasta que se le ocurri\u00f3 la idea.","date":"4 mayo 2013","format":false,"excerpt":"Articulo del sitio religi\u00f3n en\u00a0libertad.com La historia es tan llamativa que hasta el\u00a0The Huffintgon Post\u00a0la recogi\u00f3 el pasado 29 de abril. Para este peri\u00f3dico\u00a0progre\u00a0es s\u00f3lo una curiosidad, pero en la parroquia de la Inmaculada Concepci\u00f3n de Mar\u00eda en Derby (Connecticut, Estados Unidos) le ven\u00a0m\u00e1s sustancia teol\u00f3gica\u00a0a lo sucedido.Hasta ahora el\u2026","rel":"","context":"En \u00abFe\u00bb","img":{"alt_text":"","src":"https:\/\/i1.wp.com\/catolicasmexico.com\/blog\/wp-content\/uploads\/2014\/01\/20140109-1331062.jpg?resize=350%2C200","width":350,"height":200},"classes":[]},{"id":631,"url":"http:\/\/catolicasmexico.com\/blog\/la-legalizacion-del-aborto-esta-detras-de-la-posesion-del-hombre-que-fue-exorcizado-por-el-papa-francisco-afirma-un-exorcista\/","url_meta":{"origin":136,"position":5},"title":"La legalizaci\u00f3n del aborto est\u00e1 detr\u00e1s de la posesi\u00f3n del hombre que fue exorcizado por el Papa Francisco, afirma un exorcista","date":"31 mayo 2013","format":false,"excerpt":"Por Hilary White, corresponsal en Roma. Noticia de\u00a0LifeSiteNews.com Traducci\u00f3n y Redacci\u00f3n libre . Alejandro P. de\u00a0www.catolicasmexico.com Roma, 30 de mayo del 2013 (LifeSiteNews.com) \u2013 Un video que muestra al Papa Francisco realizando un exorcismo improvisado se ha popularizado tanto en el mundo cat\u00f3lico como al exterior y \u00e9sta semana un\u2026","rel":"","context":"En \u00abAborto\u00bb","img":{"alt_text":"","src":"https:\/\/i2.wp.com\/catolicasmexico.com\/blog\/wp-content\/uploads\/2013\/05\/image-30.jpeg?resize=350%2C200","width":350,"height":200},"classes":[]}],"jetpack_likes_enabled":false,"jetpack_sharing_enabled":true,"_links":{"self":[{"href":"http:\/\/catolicasmexico.com\/blog\/wp-json\/wp\/v2\/posts\/136"}],"collection":[{"href":"http:\/\/catolicasmexico.com\/blog\/wp-json\/wp\/v2\/posts"}],"about":[{"href":"http:\/\/catolicasmexico.com\/blog\/wp-json\/wp\/v2\/types\/post"}],"author":[{"embeddable":true,"href":"http:\/\/catolicasmexico.com\/blog\/wp-json\/wp\/v2\/users\/2"}],"replies":[{"embeddable":true,"href":"http:\/\/catolicasmexico.com\/blog\/wp-json\/wp\/v2\/comments?post=136"}],"version-history":[{"count":3,"href":"http:\/\/catolicasmexico.com\/blog\/wp-json\/wp\/v2\/posts\/136\/revisions"}],"predecessor-version":[{"id":142,"href":"http:\/\/catolicasmexico.com\/blog\/wp-json\/wp\/v2\/posts\/136\/revisions\/142"}],"wp:featuredmedia":[{"embeddable":true,"href":"http:\/\/catolicasmexico.com\/blog\/wp-json\/wp\/v2\/media\/137"}],"wp:attachment":[{"href":"http:\/\/catolicasmexico.com\/blog\/wp-json\/wp\/v2\/media?parent=136"}],"wp:term":[{"taxonomy":"category","embeddable":true,"href":"http:\/\/catolicasmexico.com\/blog\/wp-json\/wp\/v2\/categories?post=136"},{"taxonomy":"post_tag","embeddable":true,"href":"http:\/\/catolicasmexico.com\/blog\/wp-json\/wp\/v2\/tags?post=136"}],"curies":[{"name":"wp","href":"https:\/\/api.w.org\/{rel}","templated":true}]}}