{"id":1352,"date":"2013-07-22T10:44:21","date_gmt":"2013-07-22T15:44:21","guid":{"rendered":"http:\/\/catolicasmexico.com\/blog\/?p=1352"},"modified":"2013-07-22T10:44:21","modified_gmt":"2013-07-22T15:44:21","slug":"un-nuevo-libro-que-denuncia-los-peligros-de-la-pildora-anticonceptiva","status":"publish","type":"post","link":"http:\/\/catolicasmexico.com\/blog\/un-nuevo-libro-que-denuncia-los-peligros-de-la-pildora-anticonceptiva\/","title":{"rendered":"Un nuevo libro que denuncia los peligros de la p\u00edldora anticonceptiva."},"content":{"rendered":"<p><a href=\"http:\/\/catolicasmexico.com\/blog\/wp-content\/uploads\/2013\/07\/20130722-1140573.jpg\"><img src=\"http:\/\/catolicasmexico.com\/blog\/wp-content\/uploads\/2013\/07\/20130722-1140573.jpg\" alt=\"20130722-114057.jpg\" class=\"alignnone size-full\"  \/> <\/a><\/p>\n<p>La pilule contraceptive, \u00e9ditions du Rocher<\/p>\n<p>Del blog www.qcv.qc.ca<br \/>\nTraducci\u00f3n y edici\u00f3n libre www.catolicasmexico.com<br \/>\n\u00bfSab\u00edas que las hormonas sint\u00e9ticas causantes del c\u00e1ncer de mama es lo que el asbesto al c\u00e1ncer de la pleura? En 1975, se descubrieron 7.000 nuevos casos de c\u00e1ncer de mama cada a\u00f1o en Francia , ahora en 2013, nos acercamos a 60 000 casos en mujeres cada vez m\u00e1s j\u00f3venes&#8230; C\u00e1nceres, accidente cardiovasculares, trombosis, depresi\u00f3n, p\u00e9rdida de la libido, autismo en los ni\u00f1os&#8230; existen muchos efectos secundarios y varias enfermedades.<br \/>\nLas mujeres tienen miedo y con raz\u00f3n. Muchas  quieren cambiar pero los m\u00e9dicos y laboratorios no las escuchan .Este colosal mercado no va a desaparecer por el caso de una muerte o por ser causa de alguna discapacidad&#8230; Sin embargo con este libro, las mujeres finalmente entender\u00e1n que la p\u00edldora no es un dulce  inofensivo. Entender\u00e1n como funcionan los anticonceptivos  hormonales y la terapia de reemplazo hormonal. Finalmente sabr\u00e1n por qu\u00e9 la mayor\u00eda de los m\u00e9dicos y las autoridades m\u00e9dicas no hablan de esto y el porque siguen recetando medicamentos que son  peligrosos. Finalmente, las mujeres podr\u00e1n elegir nuevas alternativas anticonceptivas a su disposici\u00f3n-(<\/p>\n","protected":false},"excerpt":{"rendered":"<p>La pilule contraceptive, \u00e9ditions du Rocher Del blog www.qcv.qc.ca Traducci\u00f3n y edici\u00f3n libre www.catolicasmexico.com \u00bfSab\u00edas que las hormonas sint\u00e9ticas causantes del c\u00e1ncer de mama es lo que el asbesto al c\u00e1ncer de la pleura? En 1975, se descubrieron 7.000 nuevos casos de c\u00e1ncer de mama cada a\u00f1o en Francia , ahora en 2013, nos acercamos [&hellip;]<\/p>\n","protected":false},"author":2,"featured_media":1351,"comment_status":"open","ping_status":"open","sticky":false,"template":"","format":"standard","meta":{"spay_email":"","jetpack_publicize_message":"","jetpack_is_tweetstorm":false},"categories":[16,78],"tags":[],"aioseo_notices":[],"jetpack_featured_media_url":"http:\/\/catolicasmexico.com\/blog\/wp-content\/uploads\/2013\/07\/20130722-1140573.jpg","jetpack_publicize_connections":[],"jetpack_shortlink":"https:\/\/wp.me\/p3B5XH-lO","jetpack-related-posts":[{"id":2320,"url":"http:\/\/catolicasmexico.com\/blog\/las-pildoras-anticonceptivas-y-los-abortos-aumentan-el-riesgo-de-desarrollar-cancer-de-mama\/","url_meta":{"origin":1352,"position":0},"title":"Las p\u00edldoras anticonceptivas y los abortos  aumentan el riesgo de desarrollar c\u00e1ncer de mama.","date":"7 enero 2014","format":false,"excerpt":"Del sitio www.cqv.cq.ca original del sitio www.LifeSiteNews traducci\u00f3n y edici\u00f3n libre www.catolicas mexico.com El 03 de enero de 2014 sitio LifeSiteNews: (Foto: MTSOfan en flickr.com licencia de creative commons) NUEVA DELHI 03 de enero de 2014 (LifeSiteNews.com) - un nuevo estudio realizado en la India ha demostrado que las mujeres\u2026","rel":"","context":"En \u00abAborto\u00bb","img":{"alt_text":"","src":"https:\/\/i0.wp.com\/catolicasmexico.com\/blog\/wp-content\/uploads\/2014\/01\/20140107-164725.jpg?resize=350%2C200","width":350,"height":200},"classes":[]},{"id":4900,"url":"http:\/\/catolicasmexico.com\/blog\/la-pastilla-anticonceptiva-causa-2-500-accidentes-y-20-muertes-por-ano-en-francia\/","url_meta":{"origin":1352,"position":1},"title":"La pastilla anticonceptiva causa 2.500 accidentes y 20 muertes por a\u00f1o en Francia","date":"30 enero 2020","format":false,"excerpt":"Publicaci\u00f3n del blog de Augustin Hamilton (Campagne Qu\u00e9bec Vie) Traducci\u00f3n libre CM Utilizado por 4.27 millones de mujeres (cifras de 2011), las p\u00edldoras anticonceptivas de todas las generaciones causan cada a\u00f1o \"en promedio\" 2,529 accidentes tromboemb\u00f3licos venosos (formaci\u00f3n de co\u00e1gulos en las venas) y \"veinte muertes prematuras\" de mujeres ,\u2026","rel":"","context":"En \u00abContracepci\u00f3n\u00bb","img":{"alt_text":"","src":"https:\/\/i0.wp.com\/catolicasmexico.com\/blog\/wp-content\/uploads\/2020\/01\/e416b624-ebf3-481c-8fe1-f9bdff4e3c8f-348-00000079a66667fa.jpg?resize=350%2C200","width":350,"height":200},"classes":[]},{"id":2439,"url":"http:\/\/catolicasmexico.com\/blog\/el-nuevo-delito-en-francia-obstaculizar-el-derecho-al-aborto\/","url_meta":{"origin":1352,"position":2},"title":"El nuevo delito en Francia : \"obstaculizar el derecho al aborto\"","date":"24 enero 2014","format":false,"excerpt":"Articulo de Religi\u00f3n en Libertad. Se debate en estos momentos en Francia la que se da en llamar, en uno de esos \u201cdivertidos\u201d juegos de palabras que tanto gustan al autodenominado progresismo europeo, la \u201cLey de igualdad hombre-mujer\u201d, en la que lo mismo cabe un roto que un descos\u00edo, con\u2026","rel":"","context":"En \u00abAborto\u00bb","img":{"alt_text":"","src":"https:\/\/i0.wp.com\/catolicasmexico.com\/blog\/wp-content\/uploads\/2014\/01\/20140124-132909.jpg?resize=350%2C200","width":350,"height":200},"classes":[]},{"id":1867,"url":"http:\/\/catolicasmexico.com\/blog\/el-gobierno-frances-propone-procesar-a-los-sitios-web-pro-vida-que-proporcionan-ambigua-informacion-acerca-del-aborto-el-gobierno\/","url_meta":{"origin":1352,"position":3},"title":"El gobierno franc\u00e9s propone: Procesar a los sitios web pro-vida que proporcionan \u201cambigua\u201d informaci\u00f3n acerca del aborto: El gobierno","date":"20 septiembre 2013","format":false,"excerpt":"Del sitio Lifesitenews. Traducci\u00f3n y edici\u00f3n libre Monica Y.A. De www.catolicasmexico.com (Pronto seremos perseguidos por defender el derecho a la vida...) Paris, Francia, 17 de septiembre de 2013 (LifeSiteNews.com) - El gobierno franc\u00e9s deber\u00eda crear un sitio web oficial para ofrecer a las mujeres informaci\u00f3n \"correcta\" sobre el aborto, y\u2026","rel":"","context":"En \u00abAborto\u00bb","img":{"alt_text":"","src":"","width":0,"height":0},"classes":[]},{"id":2982,"url":"http:\/\/catolicasmexico.com\/blog\/los-masones-se-quejan-de-la-interferencia-de-la-iglesia-catolica-en-reunion-urgente-este-28-de-mayo\/","url_meta":{"origin":1352,"position":4},"title":"Los masones se quejan de la interferencia de la iglesia cat\u00f3lica en reuni\u00f3n urgente este 28 de mayo.","date":"30 mayo 2014","format":false,"excerpt":"fuente www.medias-presse-traducci\u00f3n y edici\u00f3n libre www.catolicas mexico.com Este mi\u00e9rcoles, 28 de mayo, la logia del gran Oriente de Francia organiz\u00f3 su primer Foro de obediencias mas\u00f3nicas liberal de la Uni\u00f3n Europea. Veintiocho logias se reunieron en Par\u00eds. Los \"lobbys cat\u00f3licos\" en contra del humanismo mas\u00f3nico. Durante el debate, muchos miembros\u2026","rel":"","context":"En \u00abAborto\u00bb","img":{"alt_text":"","src":"","width":0,"height":0},"classes":[]},{"id":2067,"url":"http:\/\/catolicasmexico.com\/blog\/las-consecuencias-del-libro-casate-y-se-sumisa\/","url_meta":{"origin":1352,"position":5},"title":"Las consecuencias del libro \"C\u00e1sate y s\u00e9 sumisa\"","date":"14 noviembre 2013","format":false,"excerpt":"(Jos\u00e9 Castro Velarde y todo el equipo de Enraizados nos enviaron una petici\u00f3n para que pidamos a los representantes pol\u00edticos andaluces que rectifiquen y que defiendan la libertad de expresi\u00f3n y apoyen al Arzobispado de Granada \u00a1B\u00fascalo por internet!... \u201cC\u00e1sate y s\u00e9 sumisa\u201d es el t\u00edtulo del libro de la\u2026","rel":"","context":"En \u00abEducaci\u00f3n\u00bb","img":{"alt_text":"","src":"","width":0,"height":0},"classes":[]}],"jetpack_likes_enabled":false,"jetpack_sharing_enabled":true,"_links":{"self":[{"href":"http:\/\/catolicasmexico.com\/blog\/wp-json\/wp\/v2\/posts\/1352"}],"collection":[{"href":"http:\/\/catolicasmexico.com\/blog\/wp-json\/wp\/v2\/posts"}],"about":[{"href":"http:\/\/catolicasmexico.com\/blog\/wp-json\/wp\/v2\/types\/post"}],"author":[{"embeddable":true,"href":"http:\/\/catolicasmexico.com\/blog\/wp-json\/wp\/v2\/users\/2"}],"replies":[{"embeddable":true,"href":"http:\/\/catolicasmexico.com\/blog\/wp-json\/wp\/v2\/comments?post=1352"}],"version-history":[{"count":1,"href":"http:\/\/catolicasmexico.com\/blog\/wp-json\/wp\/v2\/posts\/1352\/revisions"}],"predecessor-version":[{"id":1353,"href":"http:\/\/catolicasmexico.com\/blog\/wp-json\/wp\/v2\/posts\/1352\/revisions\/1353"}],"wp:featuredmedia":[{"embeddable":true,"href":"http:\/\/catolicasmexico.com\/blog\/wp-json\/wp\/v2\/media\/1351"}],"wp:attachment":[{"href":"http:\/\/catolicasmexico.com\/blog\/wp-json\/wp\/v2\/media?parent=1352"}],"wp:term":[{"taxonomy":"category","embeddable":true,"href":"http:\/\/catolicasmexico.com\/blog\/wp-json\/wp\/v2\/categories?post=1352"},{"taxonomy":"post_tag","embeddable":true,"href":"http:\/\/catolicasmexico.com\/blog\/wp-json\/wp\/v2\/tags?post=1352"}],"curies":[{"name":"wp","href":"https:\/\/api.w.org\/{rel}","templated":true}]}}