{"id":1345,"date":"2013-07-22T15:47:29","date_gmt":"2013-07-22T20:47:29","guid":{"rendered":"http:\/\/catolicasmexico.com\/blog\/?p=1345"},"modified":"2013-07-22T15:47:29","modified_gmt":"2013-07-22T20:47:29","slug":"libertad-de-eleccion-grupos-radicales-piden-un-aborto-forzado-para-la-victima-de-violacion-de-11-anos-en-chile","status":"publish","type":"post","link":"http:\/\/catolicasmexico.com\/blog\/libertad-de-eleccion-grupos-radicales-piden-un-aborto-forzado-para-la-victima-de-violacion-de-11-anos-en-chile\/","title":{"rendered":"&#8216;Libertad de elecci\u00f3n&#8217;?: Grupos radicales piden un aborto forzado para la v\u00edctima de violaci\u00f3n de 11 a\u00f1os en Chile"},"content":{"rendered":"<p><a href=\"http:\/\/catolicasmexico.com\/blog\/wp-content\/uploads\/2013\/07\/20130722-164337.jpg\"><img src=\"http:\/\/catolicasmexico.com\/blog\/wp-content\/uploads\/2013\/07\/20130722-164337.jpg\" alt=\"20130722-164337.jpg\" class=\"alignnone size-full\"  \/> <\/a><\/p>\n<p>Por Jill Stanek.<br \/>\nTraducci\u00f3n y edici\u00f3n libre Alejandro P. de www.catolicasmexico.com<br \/>\nLunes, 15 de julio de 2013 16:32 EST<br \/>\nSi el aborto fuera legal en Chile, la ni\u00f1a de 11 a\u00f1os conocida como \u00abBel\u00e9n\u00bb estar\u00eda  posiblemente todav\u00eda sufriendo las agresiones sexuales del novio de su madre, el cual tiene 31 a\u00f1os.<br \/>\nEl embarazo de Bel\u00e9n fue descubierto recientemente (ahora con casi 15 semanas) cuando visitaba a su abuela, quien alert\u00f3 a las autoridades. La verdad finalmente sali\u00f3 a flote : el novio hab\u00eda estado violando a Bel\u00e9n desde que ten\u00eda siete a\u00f1os (algunos informes dicen  que nueve), amenazando con matarla, a ella y a su hermano si informaba a alguien.<br \/>\nLa madre de Bel\u00e9n \u00abconmocion\u00f3 a los chilenos&#8230; cuando defendi\u00f3 a su novio  diciendo que su relaci\u00f3n fue consensual,\u00bb seg\u00fan el art\u00edculo de Associated Press.<br \/>\nResulta que la madre de Bel\u00e9n hab\u00eda buscado un lugar donde el aborto fuera legal . Con la evidencia eliminada, el abuso sexual podr\u00eda haber seguido sin obst\u00e1culos, porque el aborto cubre la violaci\u00f3n e el incesto.<br \/>\nPero eso no ocurri\u00f3, ya que Chile es uno de los cinco pa\u00edses de Am\u00e9rica Latina que proh\u00edbe el aborto bajo cualquier circunstancia, incluyendo la violaci\u00f3n. El agresor fue capturado.(&#8230;)<\/p>\n<p>Al escuchar la historia de Bel\u00e9n, los fan\u00e1ticos del aborto se levantaron en pie de guerra, exigiendo que la chica recibiera un aborto. \u00a1 Qu\u00e9 gran oportunidad se present\u00f3 para derrocar un mandato religioso tan arcaico..!<\/p>\n<p>Pero Bel\u00e9n destroz\u00f3 su campa\u00f1a diciendo que quer\u00eda a su beb\u00e9. Con el rostro oscurecido, Bel\u00e9n fue entrevistada en  la televisi\u00f3n (ABC) diciendo:<br \/>\n\u00abSer\u00e1 como tener una mu\u00f1eca en mis brazos\u00bb, dijo, \u00abpero bueno, lo voy a amar mucho independientemente de lo que es, y sin importar que venga de ese hombre que me hizo da\u00f1o\u00bb.<br \/>\n\u00abEl Presidente Sebasti\u00e1n Pi\u00f1era, que es pro-vida atrajo la ira  de los proaborto al elogiar a Bel\u00e9n por su \u00abprofundidad y madurez\u00bb.  Es decir, mientras que las ni\u00f1as como Bel\u00e9n son al parecer lo suficientemente maduras para obtener abortos, no son lo suficientemente maduras para elegir la vida.Ese tipo de razonamiento es una locura&#8230;<\/p>\n<p>Pero los expertos dicen que su vida est\u00e1 en riesgo y que no es apta para tomar una decisi\u00f3n sobre su embarazo.<br \/>\n\u00abA esa edad la chica no tiene una capacidad de discernimiento,ni a los 14 a\u00f1os tendr\u00eda la capacidad mental y emocional para discernir esto,\u00bb dijo Giorgio Agostini, un psic\u00f3logo forense que ha trabajado en decenas de casos de abuso sexual infantil. (&#8230;)<\/p>\n<p>La ex presidenta Michelle Bachelet, favorita para las elecciones presidenciales del 17 de noviembre, favorece la legalizaci\u00f3n de aborto en casos de violaci\u00f3n o riesgos para la salud de la mujer o el ni\u00f1o. Afirm\u00f3:<br \/>\n\u00abElla es una chica que necesita ser protegida y por lo tanto, creo que un aborto terap\u00e9utico, en este caso,  ser\u00eda necesario, aunque ella no lo quiera ,\u00bbdijo a  una estaci\u00f3n local. (&#8230;)<\/p>\n<p>Chloe del blog Pro-aborto Feministing  se indign\u00f3 cuando Bel\u00e9n compar\u00f3 su beb\u00e9 a una mu\u00f1eca&#8230;<br \/>\nAs\u00ed es cuando los anti-elecci\u00f3n lo hacen a su manera. Las personas m\u00e1s vulnerables son da\u00f1adas una y otra vez, a veces, mueren,\u00bb (&#8230;)<\/p>\n","protected":false},"excerpt":{"rendered":"<p>Por Jill Stanek. Traducci\u00f3n y edici\u00f3n libre Alejandro P. de www.catolicasmexico.com Lunes, 15 de julio de 2013 16:32 EST Si el aborto fuera legal en Chile, la ni\u00f1a de 11 a\u00f1os conocida como \u00abBel\u00e9n\u00bb estar\u00eda posiblemente todav\u00eda sufriendo las agresiones sexuales del novio de su madre, el cual tiene 31 a\u00f1os. El embarazo de Bel\u00e9n [&hellip;]<\/p>\n","protected":false},"author":5,"featured_media":1357,"comment_status":"open","ping_status":"open","sticky":false,"template":"","format":"standard","meta":{"spay_email":"","jetpack_publicize_message":"","jetpack_is_tweetstorm":false},"categories":[9,27,15,20,70],"tags":[],"aioseo_notices":[],"jetpack_featured_media_url":"http:\/\/catolicasmexico.com\/blog\/wp-content\/uploads\/2013\/07\/20130722-164337.jpg","jetpack_publicize_connections":[],"jetpack_shortlink":"https:\/\/wp.me\/p3B5XH-lH","jetpack-related-posts":[{"id":370,"url":"http:\/\/catolicasmexico.com\/blog\/diario-denuncia-que-clinica-dator-practica-abortos-fuera-del-plazo-legal\/","url_meta":{"origin":1345,"position":0},"title":"Diario denuncia que Cl\u00ednica Dator practica abortos fuera del plazo legal","date":"17 mayo 2013","format":false,"excerpt":"MADRID, 16 May. 13 \/ 02:35 am (ACI\/EWTN Noticias).- El diario espa\u00f1ol La Raz\u00f3n denunci\u00f3 este 14 de mayo que la cl\u00ednica Dator realiza abortos fuera del plazo legal -pr\u00e1cticas que tambi\u00e9n ser\u00edan hechas en otros abortorios- e incluso solicita pagos de 1.100 euros por estas pr\u00e1cticas \u201cde urgencia\u201d. Desde\u2026","rel":"","context":"En \u00abAborto\u00bb","img":{"alt_text":"","src":"https:\/\/i0.wp.com\/catolicasmexico.com\/blog\/wp-content\/uploads\/2013\/05\/image-24.jpeg?resize=350%2C200","width":350,"height":200},"classes":[]},{"id":4409,"url":"http:\/\/catolicasmexico.com\/blog\/nace-un-bebe-milagrosamente-al-sobrevivir-a-un-aborto-a-las-7-semanas-de-gestacion\/","url_meta":{"origin":1345,"position":1},"title":"Nace un beb\u00e9 milagrosamente al sobrevivir a un aborto a las 7 semanas de gestaci\u00f3n.","date":"9 junio 2016","format":false,"excerpt":"Vicky Harper, de 24 a\u00f1os viv\u00eda una situaci\u00f3n financiera dif\u00edcil cuando descubri\u00f3 que estaba embarazada de su tercer hijo. Preocupada y asustada, decidi\u00f3 que era mejor abortar a su beb\u00e9.\u00a0 Su novio Kennan McIvor, de 19 a\u00f1os, le asegur\u00f3 que estaba dispuesto a cuidar de ella y el beb\u00e9, pero\u2026","rel":"","context":"En \u00abAborto\u00bb","img":{"alt_text":"","src":"https:\/\/i1.wp.com\/catolicasmexico.com\/blog\/wp-content\/uploads\/2016\/06\/IMG_0689.jpg?resize=350%2C200","width":350,"height":200},"classes":[]},{"id":695,"url":"http:\/\/catolicasmexico.com\/blog\/tuvo-cinco-abortos-pero-luego-encontro-a-jesus-y-ahora-es-un-lider-pro-vida\/","url_meta":{"origin":1345,"position":2},"title":"Tuvo cinco abortos, pero luego encontr\u00f3 a Jes\u00fas y ahora es un l\u00edder pro-vida","date":"4 junio 2013","format":false,"excerpt":"Noticia de liveActionNews.org Por Christina Martin. Traducci\u00f3n del ingl\u00e9s y edici\u00f3n Alejandro P. de www.catolicasmexico.com Lunes, 03 de junio de 2013 9:54 EST \u00a0 3 De junio del 2013 (LiveActionNews.org) - Iman Essiet no quer\u00eda ser otra estad\u00edstica. Sin embargo, esta hermosa mujer afroamericana qued\u00f3 embarazada cuando ten\u00eda s\u00f3lo 16\u2026","rel":"","context":"En \u00abAborto\u00bb","img":{"alt_text":"","src":"https:\/\/i2.wp.com\/catolicasmexico.com\/blog\/wp-content\/uploads\/2013\/06\/Iman2-240x240.jpg?resize=350%2C200","width":350,"height":200},"classes":[]},{"id":3649,"url":"http:\/\/catolicasmexico.com\/blog\/embarazada-a-los-17-aun-con-un-diagnostico-de-anencefalia-dijo-si-a-la-vida\/","url_meta":{"origin":1345,"position":3},"title":"Embarazada a los 17, aun con un diagn\u00f3stico de anencefalia, dijo s\u00ed a la vida","date":"12 marzo 2015","format":false,"excerpt":"Articulo original por Rebeca o ' Brien LifeSiteNews - traducido del sitio Campagne Quebec Vie para catolicasmexico.com \u00a0 MICAH ten\u00eda diecisiete a\u00f1os cuando descubri\u00f3 que estaba embarazada. Pero el aborto simplemente no era una opci\u00f3n para ella y su novio, Kyle. \u00a0 \"No est\u00e1bamos preparados en absoluto, pero ambos sentimos\u2026","rel":"","context":"En \u00abEmbarazo\u00bb","img":{"alt_text":"","src":"https:\/\/i0.wp.com\/catolicasmexico.com\/blog\/wp-content\/uploads\/2015\/03\/Ambra_333_500_55.jpg?resize=350%2C200","width":350,"height":200},"classes":[]},{"id":1233,"url":"http:\/\/catolicasmexico.com\/blog\/historia-de-una-violacion-y-un-embarazo\/","url_meta":{"origin":1345,"position":4},"title":"Historia de una violaci\u00f3n y un embarazo.","date":"11 julio 2013","format":false,"excerpt":"Del blog de www.cqv.cq.ca del blog mamanpourlavie.com 19 mayo 2010 Traducci\u00f3n y edici\u00f3n libre www.catolicasmexico.com A los 18 a\u00f1os, yo era un estudiante en la Universidad cuando fui v\u00edctima de una violaci\u00f3n. Esto fue la peor experiencia de mi vida. Fui golpeada y violada por dos hombres en un callej\u00f3n\u2026","rel":"","context":"En \u00abAborto\u00bb","img":{"alt_text":"","src":"","width":0,"height":0},"classes":[]},{"id":4614,"url":"http:\/\/catolicasmexico.com\/blog\/adolescente-que-pensaba-hace-un-aborto-cambia-de-opinion-gracias-al-apoyo-de-de-sus-padres\/","url_meta":{"origin":1345,"position":5},"title":"Adolescente que pensaba hace un aborto, cambia de opini\u00f3n gracias al apoyo de de sus padres.\u00a0","date":"21 julio 2017","format":false,"excerpt":"Art\u00edculo de Life action News (Campagne Qu\u00e9bec Vie) En 2013 mi vida cambi\u00f3 para siempre. Ten\u00eda 18 a\u00f1os y viv\u00eda una vida normal. Obtuve mi diploma de secundaria y viv\u00eda con mi familia. Ten\u00eda dos trabajos y un novio simp\u00e1tico. Una ma\u00f1ana me levant\u00e9 para ir al trabajo y sent\u00ed\u2026","rel":"","context":"En \u00abAborto\u00bb","img":{"alt_text":"","src":"https:\/\/i2.wp.com\/catolicasmexico.com\/blog\/wp-content\/uploads\/2017\/07\/mother-child-smiling-1.jpg?resize=350%2C200","width":350,"height":200},"classes":[]}],"jetpack_likes_enabled":false,"jetpack_sharing_enabled":true,"_links":{"self":[{"href":"http:\/\/catolicasmexico.com\/blog\/wp-json\/wp\/v2\/posts\/1345"}],"collection":[{"href":"http:\/\/catolicasmexico.com\/blog\/wp-json\/wp\/v2\/posts"}],"about":[{"href":"http:\/\/catolicasmexico.com\/blog\/wp-json\/wp\/v2\/types\/post"}],"author":[{"embeddable":true,"href":"http:\/\/catolicasmexico.com\/blog\/wp-json\/wp\/v2\/users\/5"}],"replies":[{"embeddable":true,"href":"http:\/\/catolicasmexico.com\/blog\/wp-json\/wp\/v2\/comments?post=1345"}],"version-history":[{"count":3,"href":"http:\/\/catolicasmexico.com\/blog\/wp-json\/wp\/v2\/posts\/1345\/revisions"}],"predecessor-version":[{"id":1358,"href":"http:\/\/catolicasmexico.com\/blog\/wp-json\/wp\/v2\/posts\/1345\/revisions\/1358"}],"wp:featuredmedia":[{"embeddable":true,"href":"http:\/\/catolicasmexico.com\/blog\/wp-json\/wp\/v2\/media\/1357"}],"wp:attachment":[{"href":"http:\/\/catolicasmexico.com\/blog\/wp-json\/wp\/v2\/media?parent=1345"}],"wp:term":[{"taxonomy":"category","embeddable":true,"href":"http:\/\/catolicasmexico.com\/blog\/wp-json\/wp\/v2\/categories?post=1345"},{"taxonomy":"post_tag","embeddable":true,"href":"http:\/\/catolicasmexico.com\/blog\/wp-json\/wp\/v2\/tags?post=1345"}],"curies":[{"name":"wp","href":"https:\/\/api.w.org\/{rel}","templated":true}]}}