{"id":1343,"date":"2013-07-19T11:37:51","date_gmt":"2013-07-19T16:37:51","guid":{"rendered":"http:\/\/catolicasmexico.com\/blog\/?p=1343"},"modified":"2017-07-21T23:48:34","modified_gmt":"2017-07-22T04:48:34","slug":"el-grupo-hommen-luchan-contra-el-matrimonio-gay-en-francia","status":"publish","type":"post","link":"http:\/\/catolicasmexico.com\/blog\/el-grupo-hommen-luchan-contra-el-matrimonio-gay-en-francia\/","title":{"rendered":"El grupo hommen luchan contra el matrimonio gay en Francia."},"content":{"rendered":"<p><a href=\"http:\/\/catolicasmexico.com\/blog\/wp-content\/uploads\/2013\/07\/20130719-1233332.jpg\"><img src=\"http:\/\/catolicasmexico.com\/blog\/wp-content\/uploads\/2013\/07\/20130719-1233332.jpg\" alt=\"20130719-123333.jpg\" class=\"alignnone size-full\"  \/> <\/a><\/p>\n<p>Del sitio www.cqv.qc.ca<br \/>\nTraducci\u00f3n y redacci\u00f3n libre www.catolicasmexico.com<\/p>\n<p>El grupo  Hommen  lucha por una causa noble.  Se muestran sin camisa para llamar la atenci\u00f3n de la gente, es as\u00ed que piden el derecho de los ni\u00f1os a tener un padre y una madre y su oposici\u00f3n al \u00abmatrimonio gay\u00bb. En la final de tenis en Rolland Garros, mostraban pancartas e interrumpieron el partido, antes de ser arrestados y  procesados.<br \/>\nDespu\u00e9s de 20 minutos de una audiencia t\u00e9cnica,  contra Armand, Ambrose, Louis y Julie los cargos contra ellos fueron retirados. el Tribunal sobre una cuesti\u00f3n de procedimiento. De hecho, el Tribunal anul\u00f3 el proceso de la custodia. \u00abA mi  cliente se les notific\u00f3 sus  derechos despu\u00e9s de las  3 h &#8211; 3 h 30, mientras que el procedimiento  del c\u00f3digo  penal especifica que esto debe hacerse inmediatamente,\u00bb explic\u00f3 El Lic. Fr\u00e9d\u00e9ric Pichon,  abogado de uno de los cuatro acusados. Esta decisi\u00f3n implica la anulaci\u00f3n del juicio. (&#8230;)<br \/>\nLos franceses est\u00e1n conscientes del combate  que se hace para la protecci\u00f3n de los ni\u00f1os. \u00a1Los franceses no abandonar\u00e1n nada\u00bb<\/p>\n","protected":false},"excerpt":{"rendered":"<p>Del sitio www.cqv.qc.ca Traducci\u00f3n y redacci\u00f3n libre www.catolicasmexico.com El grupo Hommen lucha por una causa noble. Se muestran sin camisa para llamar la atenci\u00f3n de la gente, es as\u00ed que piden el derecho de los ni\u00f1os a tener un padre y una madre y su oposici\u00f3n al \u00abmatrimonio gay\u00bb. En la final de tenis en [&hellip;]<\/p>\n","protected":false},"author":2,"featured_media":1342,"comment_status":"open","ping_status":"open","sticky":false,"template":"","format":"standard","meta":{"spay_email":"","jetpack_publicize_message":"","jetpack_is_tweetstorm":false},"categories":[32,12,19],"tags":[],"aioseo_notices":[],"jetpack_featured_media_url":"http:\/\/catolicasmexico.com\/blog\/wp-content\/uploads\/2013\/07\/20130719-1233332.jpg","jetpack_publicize_connections":[],"jetpack_shortlink":"https:\/\/wp.me\/p3B5XH-lF","jetpack-related-posts":[{"id":2807,"url":"http:\/\/catolicasmexico.com\/blog\/el-lobby-gay-hace-cesar-al-fundador-de-mozilla-firefox-dio-mil-dolares-en-defensa-del-matrimonio\/","url_meta":{"origin":1343,"position":0},"title":"El lobby gay hace cesar al fundador de Mozilla Firefox: dio mil d\u00f3lares en defensa del matrimonio.","date":"4 abril 2014","format":false,"excerpt":"Brendan Eich, co-fundador y nuevo CEO (director ejecutivo) de la Fundaci\u00f3n Mozilla, creadora del navegador Firefox, se vio obligado a renunciar tras la intensa campa\u00f1a que activistas homosexuales emprendieron en su contra. El motivo: haber colaborado con una iniciativa que buscaba proteger el matrimonio entre hombre y mujer. Eich, tambi\u00e9n\u2026","rel":"","context":"En \u00abHomosexualidad\u00bb","img":{"alt_text":"","src":"https:\/\/i1.wp.com\/catolicasmexico.com\/blog\/wp-content\/uploads\/2014\/04\/20140404-184001.jpg?resize=350%2C200","width":350,"height":200},"classes":[]},{"id":1623,"url":"http:\/\/catolicasmexico.com\/blog\/un-par-de-lesbianas-intentan-invocar-el-privilegio-conyugal-para-evitar-testificar-en-un-juicio-por-el-asesinato-perpetrado-por-una-de-las-amantes\/","url_meta":{"origin":1343,"position":1},"title":"Un par de lesbianas intentan invocar el  privilegio conyugal para evitar testificar en un juicio por el asesinato perpetrado por una de las amantes.","date":"20 agosto 2013","format":false,"excerpt":"Louisville, KY, 13 de agosto de 2013 - Una mujer de Kentucky cuya amante es homosexual fue acusada por el crimen de asesinato y se ha negado a declarar en el juicio, citando el privilegio conyugal, a pesar de que Kentucky no reconoce los \"matrimonios homosexuales\u201d y las dos s\u00f3lo\u2026","rel":"","context":"En \u00abEEUU\u00bb","img":{"alt_text":"","src":"","width":0,"height":0},"classes":[]},{"id":1531,"url":"http:\/\/catolicasmexico.com\/blog\/yo-todavia-no-consigo-lo-que-quiero-pareja-gay-demanda-a-la-iglesia-por-negarles-boda\/","url_meta":{"origin":1343,"position":2},"title":"Yo todav\u00eda no consigo lo que quiero\": Pareja gay demanda a la iglesia por negarles  \u201cboda\u201d.","date":"5 agosto 2013","format":false,"excerpt":"Londres, 02 de agosto 2013 LifeSiteNews.com Traducci\u00f3n y edici\u00f3n libre de Monica Y.A. de www.catolicasmexico.com Menos de dos semanas despu\u00e9s de la firma de la ley del \"matrimonio gay\" del gobierno de coalici\u00f3n,un hombre homosexual ha puesto en marcha una demanda contra la Iglesia de una parroquia de Inglaterra en\u2026","rel":"","context":"En \u00abFamilia\u00bb","img":{"alt_text":"","src":"","width":0,"height":0},"classes":[]},{"id":932,"url":"http:\/\/catolicasmexico.com\/blog\/prisionero-politico-en-francia-fue-detenido-por-su-oposicion-al-matrimonio-gay\/","url_meta":{"origin":1343,"position":3},"title":"Prisionero pol\u00edtico en Francia, fue detenido por su oposici\u00f3n al matrimonio gay.","date":"21 junio 2013","format":false,"excerpt":"Traducci\u00f3n y redacci\u00f3n libre de\u00a0www.catolicasmexico.com La carta de Gregory Boucher, Presidente del colectivo matrimonio , familia y los hijos de Francia , explica la situaci\u00f3n: (Nicol\u00e1s, un, joven no violento, golpeado por la polic\u00eda y metido a la c\u00e1rcel por defender la familia y los ni\u00f1os en Francia) En una\u2026","rel":"","context":"En \u00abFamilia\u00bb","img":{"alt_text":"","src":"https:\/\/i0.wp.com\/catolicasmexico.com\/blog\/wp-content\/uploads\/2013\/07\/flag-france-drapeau-bandera.jpg?resize=350%2C200","width":350,"height":200},"classes":[]},{"id":1372,"url":"http:\/\/catolicasmexico.com\/blog\/los-peruanos-no-votaran-por-los-candidatos-que-apoyen-aborto-y-matrimonio-gay\/","url_meta":{"origin":1343,"position":4},"title":"Los Peruanos no votar\u00e1n por  los candidatos que apoyen aborto y \u201cmatrimonio\u201d gay","date":"24 julio 2013","format":false,"excerpt":"Este reportaje, de ACI prensa, muestra que el pueblo peruano est\u00e1 en contra del aborto,el matrimonio gay y la legalizaci\u00f3n de la droga. Adem\u00e1s nos muestra los objetivos del grupo seudocat\u00f3lico CDD la divisi\u00f3n, la confusi\u00f3n entre los cat\u00f3licos y la promoci\u00f3n de la promiscuidad y del aborto. LIMA, 23\u2026","rel":"","context":"En \u00abAborto\u00bb","img":{"alt_text":"","src":"https:\/\/i2.wp.com\/catolicasmexico.com\/blog\/wp-content\/uploads\/2013\/07\/20130724-094157.jpg?resize=350%2C200","width":350,"height":200},"classes":[]},{"id":4220,"url":"http:\/\/catolicasmexico.com\/blog\/13000-dolares-de-multa-tras-haber-rechazado-la-celebracion-de-una-boda-homosexual-en-su-granja\/","url_meta":{"origin":1343,"position":5},"title":"13000 d\u00f3lares de multa tras haber rechazado la celebraci\u00f3n de una 'boda' homosexual en su granja","date":"1 febrero 2016","format":false,"excerpt":"\u00a0 \u00a0 \u00a0 \u00a0 \u00a0 \u00a0 \u00a0 \u00a0 Church Militant Original de\u00a0The Daily Signal Traducci\u00f3n libre para catolicasmexico.com \u00a0 NUEVA YORK (Kristiana Mork) - la Corte Suprema de Nueva York declar\u00f3 que una pareja cristiana viola una ley de derechos humanos tras negarse a albergar una boda de homosexuales en\u2026","rel":"","context":"En \u00abEEUU\u00bb","img":{"alt_text":"","src":"https:\/\/i2.wp.com\/catolicasmexico.com\/blog\/wp-content\/uploads\/2016\/01\/2016-01-25-niles-a.jpg?resize=350%2C200","width":350,"height":200},"classes":[]}],"jetpack_likes_enabled":false,"jetpack_sharing_enabled":true,"_links":{"self":[{"href":"http:\/\/catolicasmexico.com\/blog\/wp-json\/wp\/v2\/posts\/1343"}],"collection":[{"href":"http:\/\/catolicasmexico.com\/blog\/wp-json\/wp\/v2\/posts"}],"about":[{"href":"http:\/\/catolicasmexico.com\/blog\/wp-json\/wp\/v2\/types\/post"}],"author":[{"embeddable":true,"href":"http:\/\/catolicasmexico.com\/blog\/wp-json\/wp\/v2\/users\/2"}],"replies":[{"embeddable":true,"href":"http:\/\/catolicasmexico.com\/blog\/wp-json\/wp\/v2\/comments?post=1343"}],"version-history":[{"count":2,"href":"http:\/\/catolicasmexico.com\/blog\/wp-json\/wp\/v2\/posts\/1343\/revisions"}],"predecessor-version":[{"id":4625,"href":"http:\/\/catolicasmexico.com\/blog\/wp-json\/wp\/v2\/posts\/1343\/revisions\/4625"}],"wp:featuredmedia":[{"embeddable":true,"href":"http:\/\/catolicasmexico.com\/blog\/wp-json\/wp\/v2\/media\/1342"}],"wp:attachment":[{"href":"http:\/\/catolicasmexico.com\/blog\/wp-json\/wp\/v2\/media?parent=1343"}],"wp:term":[{"taxonomy":"category","embeddable":true,"href":"http:\/\/catolicasmexico.com\/blog\/wp-json\/wp\/v2\/categories?post=1343"},{"taxonomy":"post_tag","embeddable":true,"href":"http:\/\/catolicasmexico.com\/blog\/wp-json\/wp\/v2\/tags?post=1343"}],"curies":[{"name":"wp","href":"https:\/\/api.w.org\/{rel}","templated":true}]}}