{"id":1338,"date":"2013-07-19T10:54:04","date_gmt":"2013-07-19T15:54:04","guid":{"rendered":"http:\/\/catolicasmexico.com\/blog\/?p=1338"},"modified":"2013-07-19T10:54:04","modified_gmt":"2013-07-19T15:54:04","slug":"el-gobierno-socialista-frances-ofrece-50-000-embriones-congelados-a-las-industrias-farmaceuticas","status":"publish","type":"post","link":"http:\/\/catolicasmexico.com\/blog\/el-gobierno-socialista-frances-ofrece-50-000-embriones-congelados-a-las-industrias-farmaceuticas\/","title":{"rendered":"El gobierno  socialista franc\u00e9s ofrece 50.000 embriones  congelados a las industrias farmac\u00e9uticas"},"content":{"rendered":"<p><a href=\"http:\/\/catolicasmexico.com\/blog\/wp-content\/uploads\/2013\/07\/20130719-115204.jpg\"><img src=\"http:\/\/catolicasmexico.com\/blog\/wp-content\/uploads\/2013\/07\/20130719-115204.jpg\" alt=\"20130719-115204.jpg\" class=\"alignnone size-full\"  \/> <\/a><\/p>\n<p>Del blog www.cqv.qc.ca<br \/>\nTraducci\u00f3n y edici\u00f3n libre www.catolicasmexico.com<br \/>\nEl Parlamento franc\u00e9s aprob\u00f3 un proyecto de ley que permite la investigaci\u00f3n en embriones y c\u00e9lulas madres embrionarias, a pesar de la fuerte oposici\u00f3n de la derecha y de asociaciones religiosas  diversas. La legislaci\u00f3n  determina una prohibici\u00f3n en la investigaci\u00f3n sobre embriones pero con algunas derogaciones otorgadas por la Agencia de Biomedicina. El proyecto de ley presentado por la izquierda radical planea pasar de \u00bb un r\u00e9gimen que contiene m\u00faltiples derogaciones\u00bb   a \u00abun r\u00e9gimen de autorizaci\u00f3n con una legislaci\u00f3n\u00bb  para la investigaci\u00f3n sobre el embri\u00f3n.<\/p>\n<p>La Asamblea adopt\u00f3 por 314 votos contra 223 el texto que el Senado hab\u00eda votado el 5 de diciembre, por lo tanto se adoptar\u00e1 definitivamente. La oposici\u00f3n, ya hab\u00eda logrado el 28 de marzo suspender el estudio de esta legislaci\u00f3n propuesta retrasando los debates. El UMP ya ha anunciado que presentar\u00e1 una apelaci\u00f3n ante el Consejo constitucional.<br \/>\nC<br \/>\nEl grupo de izquierda, incluyendo elfrente izquierdo, vot\u00f3 a favor de esta propuesta, apoyada por Genevi\u00e8ve Fioraso, el Ministro de la educaci\u00f3n superior e investigaci\u00f3n. Roger-G\u00e9rard Schwartzenberg  Presidente del grupo de la izquierda radica dijo.\u00bbEs hora de abrir la investigaci\u00f3n en beneficio de los cient\u00edficos y especialmente para  los pacientes que esperan nuevas terapias,\u00bb<\/p>\n","protected":false},"excerpt":{"rendered":"<p>Del blog www.cqv.qc.ca Traducci\u00f3n y edici\u00f3n libre www.catolicasmexico.com El Parlamento franc\u00e9s aprob\u00f3 un proyecto de ley que permite la investigaci\u00f3n en embriones y c\u00e9lulas madres embrionarias, a pesar de la fuerte oposici\u00f3n de la derecha y de asociaciones religiosas diversas. La legislaci\u00f3n determina una prohibici\u00f3n en la investigaci\u00f3n sobre embriones pero con algunas derogaciones otorgadas [&hellip;]<\/p>\n","protected":false},"author":2,"featured_media":1337,"comment_status":"open","ping_status":"open","sticky":false,"template":"","format":"standard","meta":{"spay_email":"","jetpack_publicize_message":"","jetpack_is_tweetstorm":false},"categories":[18,78,70],"tags":[],"aioseo_notices":[],"jetpack_featured_media_url":"http:\/\/catolicasmexico.com\/blog\/wp-content\/uploads\/2013\/07\/20130719-115204.jpg","jetpack_publicize_connections":[],"jetpack_shortlink":"https:\/\/wp.me\/p3B5XH-lA","jetpack-related-posts":[{"id":106,"url":"http:\/\/catolicasmexico.com\/blog\/el-derecho-a-la-vida\/","url_meta":{"origin":1338,"position":0},"title":"El DERECHO A LA VIDA.","date":"29 abril 2013","format":false,"excerpt":"HERN\u00c1N COLLADO MART\u00cdNEZ\u00a0PROFESOR EM\u00c9RITO DE LA U.C.R.\u00a012:00 A.M.\u00a006\/05\/2011 La defensa de la vida no es una opci\u00f3n religiosa o dogm\u00e1tica, sino un derecho natural de convivencia humana. La vida constituye el primero y fundamental derecho; si no logra tener vida, ninguna persona podr\u00eda disfrutar de los restantes derechos humanos. La\u2026","rel":"","context":"En \u00abAborto\u00bb","img":{"alt_text":"","src":"https:\/\/i2.wp.com\/catolicasmexico.com\/blog\/wp-content\/uploads\/2013\/05\/ppbebevientre03042013.jpg?resize=350%2C200","width":350,"height":200},"classes":[]},{"id":1255,"url":"http:\/\/catolicasmexico.com\/blog\/texas-esta-por-adoptar-una-legislacion-que-restringe-el-aborto\/","url_meta":{"origin":1338,"position":1},"title":"Texas est\u00e1 por adoptar una legislaci\u00f3n que restringe el aborto.","date":"12 julio 2013","format":false,"excerpt":"En el sitio de Journal La Presse del 10 de julio. Traducci\u00f3n libre www.catolicasmexico.com La c\u00e1mara de representantes de Texas ha adoptado nuevas restricciones sobre el aborto, este mi\u00e9rcoles, en el segundo per\u00edodo extraordinario de sesiones. Hace poco menos de dos semanas, los republicanos en el Senado no pudieron completar\u2026","rel":"","context":"En \u00abAborto\u00bb","img":{"alt_text":"","src":"https:\/\/i2.wp.com\/catolicasmexico.com\/blog\/wp-content\/uploads\/2013\/07\/20130712-115613.jpg?resize=350%2C200","width":350,"height":200},"classes":[]},{"id":4231,"url":"http:\/\/catolicasmexico.com\/blog\/por-primera-vez-el-reino-unido-subvenciona-la-modificacion-genetica-de-embriones\/","url_meta":{"origin":1338,"position":2},"title":"Por primera vez, el Reino Unido subvenciona la modificaci\u00f3n gen\u00e9tica de embriones","date":"16 febrero 2016","format":"link","excerpt":"Se autoriza en Reino Unido la modificaci\u00f3n gen\u00e9tica de seres humanos. Uno de los objetivos, dicen, es ampliar la ciencia sobre la fecundaci\u00f3n in vitro y hacerla m\u00e1s segura. Los embriones, aseguran, no se implantar\u00e1n en mujeres cuando termine el estudio de dos semanas; es decir, las personas ser\u00e1n matadas.","rel":"","context":"En \u00abEuropa\u00bb","img":{"alt_text":"","src":"https:\/\/i0.wp.com\/catolicasmexico.com\/blog\/wp-content\/uploads\/2016\/02\/IMG_0454.jpg?resize=350%2C200","width":350,"height":200},"classes":[]},{"id":913,"url":"http:\/\/catolicasmexico.com\/blog\/prohibicion-a-nivel-nacional-del-aborto-a-partir-de-20-semanas-pasa-delante-de-la-camara-de-representantes\/","url_meta":{"origin":1338,"position":3},"title":"Prohibici\u00f3n  a nivel nacional del aborto a partir de 20 semanas pasa delante de la c\u00e1mara de representantes","date":"19 junio 2013","format":false,"excerpt":"Por Ben Johnson. Traducido y editado por Alejandro P. de wwwcatolicasmexico.com Martes, 18 de junio de 2013 17:30 EST WASHINGTON, D.C., 18 de junio de 2013 (LifeSiteNews.com) \u2013 la c\u00e1mara de representantes ha aprobado un proyecto que podr\u00eda restringir todos los abortos en todo el pa\u00eds a partir de 20\u2026","rel":"","context":"En \u00abAborto\u00bb","img":{"alt_text":"","src":"","width":0,"height":0},"classes":[]},{"id":798,"url":"http:\/\/catolicasmexico.com\/blog\/irlanda-numero-record-asiste-a-la-vigilia-nacional-contra-el-aborto\/","url_meta":{"origin":1338,"position":4},"title":"Irlanda: N\u00famero r\u00e9cord asiste a la vigilia nacional contra el aborto","date":"11 junio 2013","format":false,"excerpt":"Traducci\u00f3n y redacci\u00f3n libre Alejandro P. de www.catolicasmexico.com por Steven Ertelt | Dublin, Ireland | LifeNews.com Un n\u00famero r\u00e9cord de personas asistieron a la vigilia nacional por la vida en Dubl\u00edn, Irlanda para mostrar que hay un gran contingente que se opone a plan de aborto del gobierno. La vigilia\u2026","rel":"","context":"En \u00abAborto\u00bb","img":{"alt_text":"","src":"https:\/\/i2.wp.com\/catolicasmexico.com\/blog\/wp-content\/uploads\/2015\/07\/ireland24.jpg?resize=350%2C200","width":350,"height":200},"classes":[]},{"id":188,"url":"http:\/\/catolicasmexico.com\/blog\/el-congreso-rechaza-con-el-voto-del-pp-upn-y-fac-pedir-al-gobierno-que-espere-al-tc-para-reformar-la-ley\/","url_meta":{"origin":1338,"position":5},"title":"El Congreso rechaza con el voto del PP, UPN y FAC pedir al Gobierno que espere al TC para reformar la Ley.","date":"8 mayo 2013","format":false,"excerpt":"CELIA VILLALOBOS SE DESMARCA EN SU VOTO DEL PP MADRID, 7 May. (EUROPA PRESS) - El Pleno del Congreso de los Diputados ha rechazado, con el voto del PP, UPN y Foro de Asturias, una moci\u00f3n presentada por el PSOE que ped\u00eda al Gobierno que esperase al pronunciamiento del Tribunal\u2026","rel":"","context":"En \u00abAborto\u00bb","img":{"alt_text":"","src":"https:\/\/i0.wp.com\/catolicasmexico.com\/blog\/wp-content\/uploads\/2013\/05\/image-5.jpeg?resize=350%2C200","width":350,"height":200},"classes":[]}],"jetpack_likes_enabled":false,"jetpack_sharing_enabled":true,"_links":{"self":[{"href":"http:\/\/catolicasmexico.com\/blog\/wp-json\/wp\/v2\/posts\/1338"}],"collection":[{"href":"http:\/\/catolicasmexico.com\/blog\/wp-json\/wp\/v2\/posts"}],"about":[{"href":"http:\/\/catolicasmexico.com\/blog\/wp-json\/wp\/v2\/types\/post"}],"author":[{"embeddable":true,"href":"http:\/\/catolicasmexico.com\/blog\/wp-json\/wp\/v2\/users\/2"}],"replies":[{"embeddable":true,"href":"http:\/\/catolicasmexico.com\/blog\/wp-json\/wp\/v2\/comments?post=1338"}],"version-history":[{"count":1,"href":"http:\/\/catolicasmexico.com\/blog\/wp-json\/wp\/v2\/posts\/1338\/revisions"}],"predecessor-version":[{"id":1339,"href":"http:\/\/catolicasmexico.com\/blog\/wp-json\/wp\/v2\/posts\/1338\/revisions\/1339"}],"wp:featuredmedia":[{"embeddable":true,"href":"http:\/\/catolicasmexico.com\/blog\/wp-json\/wp\/v2\/media\/1337"}],"wp:attachment":[{"href":"http:\/\/catolicasmexico.com\/blog\/wp-json\/wp\/v2\/media?parent=1338"}],"wp:term":[{"taxonomy":"category","embeddable":true,"href":"http:\/\/catolicasmexico.com\/blog\/wp-json\/wp\/v2\/categories?post=1338"},{"taxonomy":"post_tag","embeddable":true,"href":"http:\/\/catolicasmexico.com\/blog\/wp-json\/wp\/v2\/tags?post=1338"}],"curies":[{"name":"wp","href":"https:\/\/api.w.org\/{rel}","templated":true}]}}