{"id":1334,"date":"2013-07-18T12:19:38","date_gmt":"2013-07-18T17:19:38","guid":{"rendered":"http:\/\/catolicasmexico.com\/blog\/?p=1334"},"modified":"2013-07-18T13:07:27","modified_gmt":"2013-07-18T18:07:27","slug":"dios-sea-alabado-se-promulgo-la-ley-que-restringe-el-aborto-en-texas","status":"publish","type":"post","link":"http:\/\/catolicasmexico.com\/blog\/dios-sea-alabado-se-promulgo-la-ley-que-restringe-el-aborto-en-texas\/","title":{"rendered":"\u00a1Dios sea alabado!.. Se promulg\u00f3 la ley que restringe el aborto en Texas"},"content":{"rendered":"<p><a href=\"http:\/\/catolicasmexico.com\/blog\/wp-content\/uploads\/2013\/07\/20130718-132209.jpg\"><img src=\"http:\/\/catolicasmexico.com\/blog\/wp-content\/uploads\/2013\/07\/20130718-132209.jpg\" alt=\"20130718-132209.jpg\" class=\"alignnone size-full\"  \/> <\/a><\/p>\n<p>Del blog www.cqv.cq.ca  texto original  journal La Presse du 18 juillet 2013<br \/>\nTraducci\u00f3n y edici\u00f3n libre www.catolicasmexico.com<br \/>\nEl gobernador de Texas, Rick Perry, emiti\u00f3 el jueves una ley que restringe la pr\u00e1ctica del aborto, esto podr\u00eda conducir al cierre de la mayor\u00eda de las cl\u00ednicas de aborto.<\/p>\n<p>Mas de 100 miembros del partido republicanos asistieron a la ceremonia de la firma. Afuera del Capitolio, decenas de manifestantes vestidos de negro protestaban contra la ley. El proyecto de esta ley caus\u00f3 muchas manifestaciones en Texas.<\/p>\n<p>La nueva ley proh\u00edbe la realizaci\u00f3n de abortos despu\u00e9s de la vig\u00e9sima semana de gestaci\u00f3n y determina en qu\u00e9 casos los medicamentos que  causan la interrupci\u00f3n del embarazo pueden ser administrados.Tambi\u00e9n requiere que los m\u00e9dicos que realizan  los abortos tengan un acceso  privilegiado en los hospitales y limita la practica de  los abortos en los centros quir\u00fargicos.<\/p>\n<p>S\u00f3lo cinco de 42  de las cl\u00ednicas de aborto en Texas  cumplen actualmente con estos requisitos.<\/p>\n<p>La ley entrar\u00e1 en vigor en octubre y las cl\u00ednicas tendr\u00e1n un a\u00f1o para cumplir con los nuevos requisitos o tendr\u00e1n que cerrar sus puertas. El gobernador dijo el jueves que la nueva ley se decret\u00f3 para  \u00abproteger la vida\u00bb en Texas. (&#8230;)<\/p>\n","protected":false},"excerpt":{"rendered":"<p>Del blog www.cqv.cq.ca texto original journal La Presse du 18 juillet 2013 Traducci\u00f3n y edici\u00f3n libre www.catolicasmexico.com El gobernador de Texas, Rick Perry, emiti\u00f3 el jueves una ley que restringe la pr\u00e1ctica del aborto, esto podr\u00eda conducir al cierre de la mayor\u00eda de las cl\u00ednicas de aborto. Mas de 100 miembros del partido republicanos asistieron [&hellip;]<\/p>\n","protected":false},"author":2,"featured_media":1333,"comment_status":"open","ping_status":"open","sticky":false,"template":"","format":"standard","meta":{"spay_email":"","jetpack_publicize_message":"","jetpack_is_tweetstorm":false},"categories":[9,72,70],"tags":[],"aioseo_notices":[],"jetpack_featured_media_url":"http:\/\/catolicasmexico.com\/blog\/wp-content\/uploads\/2013\/07\/20130718-132209.jpg","jetpack_publicize_connections":[],"jetpack_shortlink":"https:\/\/wp.me\/p3B5XH-lw","jetpack-related-posts":[{"id":2070,"url":"http:\/\/catolicasmexico.com\/blog\/texas-prohibe-el-aborto-a-partir-de-20-semanas-de-gestacion\/","url_meta":{"origin":1334,"position":0},"title":"Texas  prohibe el aborto a partir de 20 semanas de gestaci\u00f3n.","date":"15 noviembre 2013","format":false,"excerpt":"EE.UU.-(AGENCIALAVOZ)Desde el pasado 1 de noviembre entro en vigencia la nueva ley que restringe el aborto en el estado de Texas. La legislaci\u00f3n declara ilegal practicar abortos en el estado a partir de la semana 20 del embarazo, porque considera que entonces el feto ya puede sufrir dolor, ordena que\u2026","rel":"","context":"En \u00abAborto\u00bb","img":{"alt_text":"","src":"https:\/\/i1.wp.com\/catolicasmexico.com\/blog\/wp-content\/uploads\/2013\/11\/20131115-121216.jpg?resize=350%2C200","width":350,"height":200},"classes":[]},{"id":2095,"url":"http:\/\/catolicasmexico.com\/blog\/buenas-noticias-la-corte-suprema-respalda-las-restricciones-del-aborto-en-texas\/","url_meta":{"origin":1334,"position":1},"title":"\u00a1 Buenas noticias! La Corte Suprema respalda las restricciones del aborto en Texas","date":"21 noviembre 2013","format":false,"excerpt":"(Foto: anja_johnson en flickr.com de Creative Commons) Del sitio www.cqv.cq.ca original traducci\u00f3n y edici\u00f3n libre www.catolicasmexico.com El martes, 19 de noviembre, la Corte Suprema de los Estados Unidos se neg\u00f3 a suspender la aplicaci\u00f3n de la ley que restringe el acceso al aborto, aprobada en julio pasado por el Parlamento\u2026","rel":"","context":"En \u00abAborto\u00bb","img":{"alt_text":"","src":"","width":0,"height":0},"classes":[]},{"id":1283,"url":"http:\/\/catolicasmexico.com\/blog\/el-gobernador-de-texas-no-teme-que-la-ley-que-restringe-el-aborto-sea-declarada-inconstitucional\/","url_meta":{"origin":1334,"position":2},"title":"El gobernador de Texas no teme que la ley que restringe el aborto sea declarada inconstitucional","date":"15 julio 2013","format":false,"excerpt":"EN CASO CONTRARIO, \u00abNO LA HUBI\u00c9RAMOS APROBADO\u00bb El gobernador de Texas no teme que la ley que restringe el aborto sea declarada inconstitucional El gobernador de Texas, Rick Perry, dijo el s\u00e1bado que la ley sobre el aborto que espera por su firma es constitucional y podr\u00e1 hacer frente a\u2026","rel":"","context":"En \u00abAborto\u00bb","img":{"alt_text":"","src":"","width":0,"height":0},"classes":[]},{"id":1255,"url":"http:\/\/catolicasmexico.com\/blog\/texas-esta-por-adoptar-una-legislacion-que-restringe-el-aborto\/","url_meta":{"origin":1334,"position":3},"title":"Texas est\u00e1 por adoptar una legislaci\u00f3n que restringe el aborto.","date":"12 julio 2013","format":false,"excerpt":"En el sitio de Journal La Presse del 10 de julio. Traducci\u00f3n libre www.catolicasmexico.com La c\u00e1mara de representantes de Texas ha adoptado nuevas restricciones sobre el aborto, este mi\u00e9rcoles, en el segundo per\u00edodo extraordinario de sesiones. Hace poco menos de dos semanas, los republicanos en el Senado no pudieron completar\u2026","rel":"","context":"En \u00abAborto\u00bb","img":{"alt_text":"","src":"https:\/\/i2.wp.com\/catolicasmexico.com\/blog\/wp-content\/uploads\/2013\/07\/20130712-115613.jpg?resize=350%2C200","width":350,"height":200},"classes":[]},{"id":1278,"url":"http:\/\/catolicasmexico.com\/blog\/texas-limita-el-aborto-radio-canada-lamenta-el-progreso-de-estas-leyes-en-todas-partes-de-los-estados-unidos\/","url_meta":{"origin":1334,"position":4},"title":"Texas limita el aborto, Radio-Canada lamenta el progreso de estas leyes  en todas partes de los Estados Unidos","date":"15 julio 2013","format":false,"excerpt":"Del blog www.qcv.qc.ca del sitio Radio-Canada del 13 de julio de 2013. Traducci\u00f3n y edici\u00f3n libre www.catolicasmexico.com El Senado de Texas aprob\u00f3 el s\u00e1bado uno de los proyectos de ley m\u00e1s restrictivos de los Estados Unidos en materia de aborto. El texto proh\u00edbe abortos despu\u00e9s de 20 semanas de embarazo,\u2026","rel":"","context":"En \u00abAborto\u00bb","img":{"alt_text":"","src":"","width":0,"height":0},"classes":[]},{"id":2148,"url":"http:\/\/catolicasmexico.com\/blog\/putin-promulga-ley-que-prohibe-hacer-publicidad-de-clinicas-abortivas\/","url_meta":{"origin":1334,"position":5},"title":"Putin promulga ley que proh\u00edbe hacer publicidad de cl\u00ednicas abortivas","date":"28 noviembre 2013","format":false,"excerpt":"(Infocatolica)El presidente ruso, Vlad\u00edmir Putin, promulg\u00f3 hoy una ley que proh\u00edbe la publicidad del aborto en un intento de incrementar la natalidad en un pa\u00eds afectado por el alarmante envejecimiento de su poblaci\u00f3n. La nueva ley proh\u00edbe la publicidad de todos los servicios m\u00e9dicos destinados a acabar con la vida\u2026","rel":"","context":"En \u00abAborto\u00bb","img":{"alt_text":"","src":"https:\/\/i0.wp.com\/catolicasmexico.com\/blog\/wp-content\/uploads\/2013\/11\/putin2.jpg?resize=350%2C200","width":350,"height":200},"classes":[]}],"jetpack_likes_enabled":false,"jetpack_sharing_enabled":true,"_links":{"self":[{"href":"http:\/\/catolicasmexico.com\/blog\/wp-json\/wp\/v2\/posts\/1334"}],"collection":[{"href":"http:\/\/catolicasmexico.com\/blog\/wp-json\/wp\/v2\/posts"}],"about":[{"href":"http:\/\/catolicasmexico.com\/blog\/wp-json\/wp\/v2\/types\/post"}],"author":[{"embeddable":true,"href":"http:\/\/catolicasmexico.com\/blog\/wp-json\/wp\/v2\/users\/2"}],"replies":[{"embeddable":true,"href":"http:\/\/catolicasmexico.com\/blog\/wp-json\/wp\/v2\/comments?post=1334"}],"version-history":[{"count":2,"href":"http:\/\/catolicasmexico.com\/blog\/wp-json\/wp\/v2\/posts\/1334\/revisions"}],"predecessor-version":[{"id":1336,"href":"http:\/\/catolicasmexico.com\/blog\/wp-json\/wp\/v2\/posts\/1334\/revisions\/1336"}],"wp:featuredmedia":[{"embeddable":true,"href":"http:\/\/catolicasmexico.com\/blog\/wp-json\/wp\/v2\/media\/1333"}],"wp:attachment":[{"href":"http:\/\/catolicasmexico.com\/blog\/wp-json\/wp\/v2\/media?parent=1334"}],"wp:term":[{"taxonomy":"category","embeddable":true,"href":"http:\/\/catolicasmexico.com\/blog\/wp-json\/wp\/v2\/categories?post=1334"},{"taxonomy":"post_tag","embeddable":true,"href":"http:\/\/catolicasmexico.com\/blog\/wp-json\/wp\/v2\/tags?post=1334"}],"curies":[{"name":"wp","href":"https:\/\/api.w.org\/{rel}","templated":true}]}}