{"id":1331,"date":"2013-07-18T12:05:53","date_gmt":"2013-07-18T17:05:53","guid":{"rendered":"http:\/\/catolicasmexico.com\/blog\/?p=1331"},"modified":"2013-07-18T12:05:54","modified_gmt":"2013-07-18T17:05:54","slug":"llamado-del-santo-padre-a-defender-la-vida-humana","status":"publish","type":"post","link":"http:\/\/catolicasmexico.com\/blog\/llamado-del-santo-padre-a-defender-la-vida-humana\/","title":{"rendered":"Llamado del Santo Padre a defender la vida humana."},"content":{"rendered":"<p><a href=\"http:\/\/catolicasmexico.com\/blog\/wp-content\/uploads\/2013\/07\/20130718-1304041.jpg\"><img src=\"http:\/\/catolicasmexico.com\/blog\/wp-content\/uploads\/2013\/07\/20130718-1304041.jpg\" alt=\"20130718-130404.jpg\" class=\"alignnone size-full\"  \/> <\/a><\/p>\n<p> El Santo Padre Francois, llam\u00f3 a los cat\u00f3licos a defender \u00abel valor inestimable de la vida humana\u00bb, especialmente la de \u00ablos m\u00e1s d\u00e9biles y vulnerables,\u00bb incluyendo a los \u00abque no han nacido\u00bb,  dijo en un mensaje publicado el mi\u00e9rcoles.<\/p>\n<p>El Papa ha enviado este mensaje a los fieles de Irlanda, Gales, Escocia e Inglaterra, para recordar la celebraci\u00f3n del d\u00eda de la vida.<\/p>\n<p>\u00abLa gloria de Dios se refleja en cada ser humano\u00bb y la \u00abgloria de esta luz debe llevar a \u00abtodo el mundo para reconocer el valor inestimable de la vida humana\u00bb, escribi\u00f3 el Papa argentino.<\/p>\n<p>\u00abIncluso los m\u00e1s d\u00e9biles y vulnerables, los enfermos, los ancianos, quienes a\u00fan no han nacido y los pobres son obras maestras de la creaci\u00f3n de Dios y merecen el mayor respeto y la veneraci\u00f3n m\u00e1s grande\u00bb, se\u00f1al\u00f3.<\/p>\n<p>\u00bb Todos est\u00e1n hechos a Su imagen y est\u00e1n destinados a vivir para siempre,\u00bb agreg\u00f3 el Papa. Finalmente sostuvo que  \u00abhay que rezar para que la vida humana reciba la protecci\u00f3n que le corresponde\u00bb.<\/p>\n","protected":false},"excerpt":{"rendered":"<p>El Santo Padre Francois, llam\u00f3 a los cat\u00f3licos a defender \u00abel valor inestimable de la vida humana\u00bb, especialmente la de \u00ablos m\u00e1s d\u00e9biles y vulnerables,\u00bb incluyendo a los \u00abque no han nacido\u00bb, dijo en un mensaje publicado el mi\u00e9rcoles. El Papa ha enviado este mensaje a los fieles de Irlanda, Gales, Escocia e Inglaterra, para [&hellip;]<\/p>\n","protected":false},"author":2,"featured_media":1330,"comment_status":"open","ping_status":"open","sticky":false,"template":"","format":"standard","meta":{"spay_email":"","jetpack_publicize_message":"","jetpack_is_tweetstorm":false},"categories":[25,13],"tags":[],"aioseo_notices":[],"jetpack_featured_media_url":"http:\/\/catolicasmexico.com\/blog\/wp-content\/uploads\/2013\/07\/20130718-1304041.jpg","jetpack_publicize_connections":[],"jetpack_shortlink":"https:\/\/wp.me\/p3B5XH-lt","jetpack-related-posts":[{"id":3360,"url":"http:\/\/catolicasmexico.com\/blog\/san-juan-pablo-ii-y-su-poema-de-amor\/","url_meta":{"origin":1331,"position":0},"title":"San Juan Pablo II y su Poema de Amor","date":"27 agosto 2014","format":false,"excerpt":"Articulo escrito por Alejandra Mu\u00f1oz. Al estar presente en una Misa por la Vida que presidio el Obispo de mi di\u00f3cesis, al finalizar tuve la oportunidad de platicar con \u00e9l, acababa de regresar de Roma donde estuvo presente en la canonizaci\u00f3n de Juan Pablo II, y al enterarme que hab\u00eda\u2026","rel":"","context":"En \u00abAborto\u00bb","img":{"alt_text":"","src":"","width":0,"height":0},"classes":[]},{"id":334,"url":"http:\/\/catolicasmexico.com\/blog\/papa-sorprende-a-los-participantes-de-la-marcha-por-la-vida-en-roma\/","url_meta":{"origin":1331,"position":1},"title":"Papa sorprende a los participantes de la marcha por la vida en Roma","date":"15 mayo 2013","format":false,"excerpt":"VATICANO, 13 May. 13 \/ 08:19 pm (ACI\/EWTN Noticias).- Gran sorpresa se llevaron los participantes de la tercera Marcha por la\u00a0Vida\u00a0en Roma, el domingo 12 de mayo, cuando al finalizar su recorrido hasta el Castillo San Angelo, vieron aproximarse hasta la primera cuadra de la Via della Conciliazione al Papa\u2026","rel":"","context":"En \u00abAborto\u00bb","img":{"alt_text":"","src":"https:\/\/i2.wp.com\/catolicasmexico.com\/blog\/wp-content\/uploads\/2013\/05\/image-20.jpeg?resize=350%2C200","width":350,"height":200},"classes":[]},{"id":4254,"url":"http:\/\/catolicasmexico.com\/blog\/trisagio-para-alabar-a-la-santisima-trinidad\/","url_meta":{"origin":1331,"position":2},"title":"TRISAGIO PARA ALABAR A LA SANTISIMA TRINIDAD.","date":"19 febrero 2016","format":false,"excerpt":"TRISAGIO PARA ALABAR A LA SANTISIMA TRINIDAD. \u00a0 Vers. Domine labia mea aperies. Resp. Et os meum anuntiabit laudem tuam. Vers. Deus in adjutorium meum intende. Resp. Domime ad adjuvandum me festina. Gloria Patri & \u00a0 ACTO DE CONTRICION \u00a0 TRINIDAD SANT\u00cdSIMA, en esencia una, pura indivisible Padre, Hijo, y\u2026","rel":"","context":"En \u00abFe\u00bb","img":{"alt_text":"","src":"https:\/\/i2.wp.com\/catolicasmexico.com\/blog\/wp-content\/uploads\/2016\/02\/IMG_0073.jpg?resize=350%2C200","width":350,"height":200},"classes":[]},{"id":4128,"url":"http:\/\/catolicasmexico.com\/blog\/trisagios-a-la-santma-trinidad-y-al-sagrado-corazon-de-jesus-con-el-ejercicio-del-via-crucis\/","url_meta":{"origin":1331,"position":3},"title":"Trisagios  a La  Santma. Trinidad  y al  Sagrado Coraz\u00f3n  de  Jes\u00fas .  Con el ejercicio del Via-Crucis","date":"17 diciembre 2015","format":false,"excerpt":"\u00a0 TRISAGIOS A LA SANTMA. TRINIDAD, Y AL SAGRADO CORAZON DE JESUS. CON EL EJERCICIO DEL VIA-CRUCIS. \u00a0 \u00a0 \u2756 \u00a0 \u00a0 TRISAGIO PARA ALABAR A LA SANTISIMA TRINIDAD. \u00a0 Vers.\u00a0\u00a0\u00a0 Domine labia mea aperies. Resp. Et os meum anuntiabit laudem tuam. Vers. Deus in adjutorium meum intende. Resp. Domime\u2026","rel":"","context":"En \u00abOraciones\u00bb","img":{"alt_text":"","src":"https:\/\/i2.wp.com\/catolicasmexico.com\/blog\/wp-content\/uploads\/2015\/12\/trisagios.png?resize=350%2C200","width":350,"height":200},"classes":[]},{"id":311,"url":"http:\/\/catolicasmexico.com\/blog\/20-mil-marcharon-en-roma-por-la-vida-y-contra-el-aborto\/","url_meta":{"origin":1331,"position":4},"title":"20 mil marcharon en Roma por la vida y contra el aborto","date":"14 mayo 2013","format":false,"excerpt":"ROMA, 13 May. 13 \/ 12:29 pm (ACI\/EWTN Noticias).- M\u00e1s de 20 mil personas, entre italianos y extranjeros, salieron ayer a las calles de Roma (Italia) en un ambiente festivo para participar de la tercera Marcha por la\u00a0Vida, en la que se pidi\u00f3 respetar este derecho humano inalienable y para\u2026","rel":"","context":"En \u00abAborto\u00bb","img":{"alt_text":"","src":"https:\/\/i2.wp.com\/catolicasmexico.com\/blog\/wp-content\/uploads\/2013\/05\/ppbebevientre03042013.jpg?resize=350%2C200","width":350,"height":200},"classes":[]},{"id":258,"url":"http:\/\/catolicasmexico.com\/blog\/dia-de-la-madre-en-mexico-los-obispos-piden-respeto-a-la-maternidad-y-al-don-de-la-vida-humana\/","url_meta":{"origin":1331,"position":5},"title":"D\u00eda de la madre en Mexico: los Obispos piden respeto a la maternidad y al don de la vida humana.","date":"11 mayo 2013","format":false,"excerpt":"M\u00c9XICO D.F., 10 May. 13 \/ 01:05 pm (ACI).- En un\u00a0mensaje por el D\u00eda de la Madre que hoy, 10 de mayo, se celebra en M\u00e9xico, los obispos de esta naci\u00f3n exhortaron a que en la socieda se respete y se proteja la maternidad y el don de la\u00a0vida\u00a0humana. \"Escuchando\u2026","rel":"","context":"En \u00abEmbarazo\u00bb","img":{"alt_text":"","src":"https:\/\/i0.wp.com\/catolicasmexico.com\/blog\/wp-content\/uploads\/2013\/05\/image-101.jpeg?resize=350%2C200","width":350,"height":200},"classes":[]}],"jetpack_likes_enabled":false,"jetpack_sharing_enabled":true,"_links":{"self":[{"href":"http:\/\/catolicasmexico.com\/blog\/wp-json\/wp\/v2\/posts\/1331"}],"collection":[{"href":"http:\/\/catolicasmexico.com\/blog\/wp-json\/wp\/v2\/posts"}],"about":[{"href":"http:\/\/catolicasmexico.com\/blog\/wp-json\/wp\/v2\/types\/post"}],"author":[{"embeddable":true,"href":"http:\/\/catolicasmexico.com\/blog\/wp-json\/wp\/v2\/users\/2"}],"replies":[{"embeddable":true,"href":"http:\/\/catolicasmexico.com\/blog\/wp-json\/wp\/v2\/comments?post=1331"}],"version-history":[{"count":1,"href":"http:\/\/catolicasmexico.com\/blog\/wp-json\/wp\/v2\/posts\/1331\/revisions"}],"predecessor-version":[{"id":1332,"href":"http:\/\/catolicasmexico.com\/blog\/wp-json\/wp\/v2\/posts\/1331\/revisions\/1332"}],"wp:featuredmedia":[{"embeddable":true,"href":"http:\/\/catolicasmexico.com\/blog\/wp-json\/wp\/v2\/media\/1330"}],"wp:attachment":[{"href":"http:\/\/catolicasmexico.com\/blog\/wp-json\/wp\/v2\/media?parent=1331"}],"wp:term":[{"taxonomy":"category","embeddable":true,"href":"http:\/\/catolicasmexico.com\/blog\/wp-json\/wp\/v2\/categories?post=1331"},{"taxonomy":"post_tag","embeddable":true,"href":"http:\/\/catolicasmexico.com\/blog\/wp-json\/wp\/v2\/tags?post=1331"}],"curies":[{"name":"wp","href":"https:\/\/api.w.org\/{rel}","templated":true}]}}