{"id":130,"date":"2013-05-04T20:56:23","date_gmt":"2013-05-05T01:56:23","guid":{"rendered":"http:\/\/catolicasmexico.com\/blog\/?p=130"},"modified":"2017-07-24T11:26:44","modified_gmt":"2017-07-24T16:26:44","slug":"el-padre-kukulka-administraba-el-sacramento-en-una-pequena-habitacion-junto-a-la-sacristia-hasta-que-se-le-ocurrio-la-idea","status":"publish","type":"post","link":"http:\/\/catolicasmexico.com\/blog\/el-padre-kukulka-administraba-el-sacramento-en-una-pequena-habitacion-junto-a-la-sacristia-hasta-que-se-le-ocurrio-la-idea\/","title":{"rendered":"El padre Kukulka administraba el sacramento en una peque\u00f1a habitaci\u00f3n junto a la sacrist\u00eda hasta que se le ocurri\u00f3 la idea."},"content":{"rendered":"<p><a href=\"http:\/\/catolicasmexico.com\/blog\/wp-content\/uploads\/2014\/01\/20140109-1331062.jpg\"><img data-attachment-id=\"2346\" data-permalink=\"http:\/\/catolicasmexico.com\/blog\/novena-al-sagrado-corazon\/20140109-133106-jpg-3\/\" data-orig-file=\"http:\/\/catolicasmexico.com\/blog\/wp-content\/uploads\/2014\/01\/20140109-1331062.jpg\" data-orig-size=\"432,600\" data-comments-opened=\"1\" data-image-meta=\"{&quot;aperture&quot;:&quot;0&quot;,&quot;credit&quot;:&quot;&quot;,&quot;camera&quot;:&quot;&quot;,&quot;caption&quot;:&quot;&quot;,&quot;created_timestamp&quot;:&quot;0&quot;,&quot;copyright&quot;:&quot;&quot;,&quot;focal_length&quot;:&quot;0&quot;,&quot;iso&quot;:&quot;0&quot;,&quot;shutter_speed&quot;:&quot;0&quot;,&quot;title&quot;:&quot;&quot;,&quot;orientation&quot;:&quot;1&quot;}\" data-image-title=\"20140109-133106.jpg\" data-image-description=\"\" data-medium-file=\"http:\/\/catolicasmexico.com\/blog\/wp-content\/uploads\/2014\/01\/20140109-1331062-216x300.jpg\" data-large-file=\"http:\/\/catolicasmexico.com\/blog\/wp-content\/uploads\/2014\/01\/20140109-1331062.jpg\" src=\"http:\/\/catolicasmexico.com\/blog\/wp-content\/uploads\/2014\/01\/20140109-1331062.jpg\" alt=\"\" width=\"432\" height=\"600\" class=\"alignleft size-full wp-image-2346\" srcset=\"http:\/\/catolicasmexico.com\/blog\/wp-content\/uploads\/2014\/01\/20140109-1331062.jpg 432w, http:\/\/catolicasmexico.com\/blog\/wp-content\/uploads\/2014\/01\/20140109-1331062-216x300.jpg 300w, http:\/\/catolicasmexico.com\/blog\/wp-content\/uploads\/2014\/01\/20140109-1331062-150x150.jpg 150w\" sizes=\"100vw\" \/> <\/a><\/p>\n<p>Articulo del sitio religi\u00f3n en\u00a0<a href=\"http:\/\/libertad.com\/\" target=\"_blank\">libertad.com<\/a><\/p>\n<div>La historia es tan llamativa que hasta el\u00a0<em>The Huffintgon Post<\/em>\u00a0la recogi\u00f3 el pasado 29 de abril. Para este peri\u00f3dico\u00a0<em>progre\u00a0<\/em>es s\u00f3lo una curiosidad, pero en la parroquia de la Inmaculada Concepci\u00f3n de Mar\u00eda en Derby (Connecticut, Estados Unidos) le ven\u00a0<strong>m\u00e1s sustancia teol\u00f3gica\u00a0<\/strong>a lo sucedido.Hasta ahora el p\u00e1rroco hab\u00eda confesado siempre en una peque\u00f1a habitaci\u00f3n junto a la sacrist\u00eda, indicada con una flecha hacia la derecha del altar mayor del templo. Pero este a\u00f1o, reflexionando sobre la directriz<strong>\u00a0de Joseph Mansell, arzobispo de Hartford<\/strong>, de que las parroquias facilitasen el sacramento durante la Cuaresma y ampliasen los horarios,<strong>\u00a0al padre Janusz Kukulka se le ilumin\u00f3 la mente<\/strong>.Record\u00f3 que en la parte de atr\u00e1s del templo\u00a0<strong>hab\u00eda habido en tiempos dos confesionarios<\/strong>\u00a0(de estilo g\u00f3tico acorde al del edificio remozado en el siglo XIX por el arquitecto Patrick Keely) que durante la reforma lit\u00fargica de los a\u00f1os 70 &#8211;<a href=\"http:\/\/www.religionnews.com\/2013\/04\/29\/an-old-school-confessional-revives-saying-im-sorry\/\" target=\"_blank\">explica<em>Religion News Service<\/em><\/a>&#8211;\u00a0fueron eliminados para dejar espacio a las m\u00e1quinas del aire acondicionado.As\u00ed que un domingo el padre Kukulka anunci\u00f3 a los fieles\u00a0<strong>su deseo de que volviese a haber un confesionario visible<\/strong>. Y sus feligreses no tardaron en responder, en particular Timothy Colton y Patrick Knott. Pensaron construir uno, pero no hab\u00eda fondos para eso en la parroquia. As\u00ed que\u00a0<strong>acudieron a eBay<\/strong>\u00a0(la c\u00e9lebre p\u00e1gina de subastas en Internet) buscando un confesionario antiguo, y encontraron uno en Iowa que se ofrec\u00eda por 1100 d\u00f3lares. La mujer de Patrick, Elisa, puso el dinero en homenaje a sus padres, que hab\u00edan sido devotos miembros de la comunidad, y en cuyo honor puso una plaquita en el confesionario.<\/p>\n<p>Y el mueble logr\u00f3 de entrada un peque\u00f1o milagro. Porque Patrick, que nunca se hab\u00eda confesado en la peque\u00f1a habitaci\u00f3n del padre Janusz,\u00a0<strong>fue el primero en hacerlo en el confesionario<\/strong>: \u00abMe convert\u00ed en una celebridad\u00bb, bromea, \u00aby no fue tan mala la cosa\u00bb.<\/p>\n<p><span><strong>Cuatrocientas personas cada domingo<\/strong><\/span><br \/>\nEl caso es que, desde entonces, el padre Kukulka afirma que las confesiones se han disparado y<strong>\u00a0ahora hay cola<\/strong>\u00a0para recibir el sacramento de la Penitencia.<\/p>\n<p>Y no es un caso \u00fanico en la di\u00f3cesis. Cuando\u00a0<strong>monse\u00f1or Stephen DiGiovanni lleg\u00f3 a la parroquia de San Juan Evangelista en Stamford<\/strong>\u00a0(Connecticut) en 1998, encontr\u00f3 un panorama similar: en un trastero languidec\u00edan dos confesionarios que hab\u00edan sido arrancados de la pared en la misma \u00e9poca que en la iglesia del padre Kukulka. Entonces el padre Stephen cerr\u00f3 el \u00abcuarto de la reconciliaci\u00f3n\u00bb, donde s\u00f3lo hab\u00eda dos sillas separadas por una peque\u00f1a pantalla, y\u00a0<strong>volvi\u00f3 a poner los confesionarios en su sitio<\/strong>.<\/p>\n<p>Mismo resultado: colas donde antes s\u00f3lo hab\u00eda confesiones espor\u00e1dicas. Monse\u00f1or DiGiovanni le dijo al\u00a0<em>New York Times\u00a0<\/em>en 2009 que ahora ten\u00eda\u00a0<strong>cuatrocientas personas cada domingo para confesarse.<\/strong>\u00a0El n\u00famero ha seguido creciendo, y los horarios se han ampliado.<\/p>\n<p>\u00abCuando empec\u00e9 como sacerdote en 1977\u00bb, lamenta, \u00abtodo era as\u00ed: yo estoy bien, t\u00fa estas bien, no tenemos nada que confesar. Y es cierto que no tenemos que ser cat\u00f3licos obsesionados por la culpa, pero\u00a0<strong>s\u00ed tenemos que tener contrici\u00f3n de los pecados<\/strong>\u00ab.<\/p>\n<p><span>Lo que la gente prefiere<\/span><br \/>\n<strong>Thomas Groome<\/strong>, profesor de teolog\u00eda y educaci\u00f3n religiosa en el Boston College, interpreta el cambio en clave sociol\u00f3gica: con los \u00abcuartos de la reconciliaci\u00f3n\u00bb y los fieles cara a cara con el sacerdote \u00ab<strong>en un contexto de autoayuda<\/strong>\u00ab, \u00abla Iglesia se mov\u00eda en una direcci\u00f3n donde los sacerdotes eran m\u00e1s consejeros que jueces\u00bb: \u00abPero resulta que muchos sacerdotes\u00a0<strong>no tienen talento como consejeros<\/strong>, y a muchos fieles no les gusta esa apertura y\u00a0<strong>prefieren el anonimato<\/strong>\u00a0de la rejilla\u00bb.<\/p>\n<p>Y a tenor de los resultados, al menos en esas dos parroquias, es lo que funciona.<\/p>\n<\/div>\n","protected":false},"excerpt":{"rendered":"<p>Articulo del sitio religi\u00f3n en\u00a0libertad.com La historia es tan llamativa que hasta el\u00a0The Huffintgon Post\u00a0la recogi\u00f3 el pasado 29 de abril. Para este peri\u00f3dico\u00a0progre\u00a0es s\u00f3lo una curiosidad, pero en la parroquia de la Inmaculada Concepci\u00f3n de Mar\u00eda en Derby (Connecticut, Estados Unidos) le ven\u00a0m\u00e1s sustancia teol\u00f3gica\u00a0a lo sucedido.Hasta ahora el p\u00e1rroco hab\u00eda confesado siempre en [&hellip;]<\/p>\n","protected":false},"author":2,"featured_media":2346,"comment_status":"open","ping_status":"open","sticky":false,"template":"","format":"standard","meta":{"spay_email":"","jetpack_publicize_message":"","jetpack_is_tweetstorm":false},"categories":[25],"tags":[],"aioseo_notices":[],"jetpack_featured_media_url":"http:\/\/catolicasmexico.com\/blog\/wp-content\/uploads\/2014\/01\/20140109-1331062.jpg","jetpack_publicize_connections":[],"jetpack_shortlink":"https:\/\/wp.me\/p3B5XH-26","jetpack-related-posts":[{"id":2637,"url":"http:\/\/catolicasmexico.com\/blog\/director-de-aci-prensa-exige-a-actor-pro-aborto-que-de-nombre-de-supuesto-abusador-o-se-disculpe-por-mentir\/","url_meta":{"origin":130,"position":0},"title":"Director de ACI Prensa exige a actor pro aborto que d\u00e9 nombre de supuesto abusador o se disculpe por mentir","date":"26 febrero 2014","format":false,"excerpt":"LIMA, 26 Feb. 14 \/ 09:58 am (ACI).- El director de ACI Prensa, Alejandro Berm\u00fadez, exigi\u00f3 hoy al actor pro aborto Jason Day que denuncie con pruebas al sacerdote que supuestamente intent\u00f3 abusar de \u00e9l cuando ten\u00eda nueve a\u00f1os, o de otra forma que pida disculpas por haber mentido. En\u2026","rel":"","context":"En \u00abAborto\u00bb","img":{"alt_text":"","src":"https:\/\/i1.wp.com\/catolicasmexico.com\/blog\/wp-content\/uploads\/2014\/02\/20140226-111117.jpg?resize=350%2C200","width":350,"height":200},"classes":[]},{"id":1992,"url":"http:\/\/catolicasmexico.com\/blog\/el-milagro-eucaristico-de-avignon\/","url_meta":{"origin":130,"position":1},"title":"El milagro eucar\u00edstico de Avign\u00f3n","date":"4 noviembre 2013","format":false,"excerpt":"Las aguas se abrieron para proteger al Se\u00f1or. La ciudad de Avignon en el sur de Francia, est\u00e1 ubicada en la margen izquierda del r\u00edo R\u00f3dano, a unos 650 km. al sureste de Par\u00eds. Durante varios a\u00f1os esta ciudad fue la sede de los papas de la Iglesia Cat\u00f3lica. Pero\u2026","rel":"","context":"En \u00abFe\u00bb","img":{"alt_text":"","src":"https:\/\/i2.wp.com\/catolicasmexico.com\/blog\/wp-content\/uploads\/2015\/07\/capilla-de-la-santa-cruz-milagro-de-avignon.jpg?resize=350%2C200","width":350,"height":200},"classes":[]},{"id":1526,"url":"http:\/\/catolicasmexico.com\/blog\/hoy-la-iglesia-celebra-la-fiesta-del-cura-de-ars-san-juan-maria-vianney\/","url_meta":{"origin":130,"position":2},"title":"Hoy la Iglesia celebra la fiesta del Cura de Ars, San Juan Mar\u00eda Vianney","date":"4 agosto 2013","format":false,"excerpt":"Noticia ACI. REDACCI\u00d3N CENTRAL, 04 Ago. 13 \/ 12:01 am (ACI).- Hoy la Iglesia celebra a San Juan Bautista Mar\u00eda Vianney o Cura de Ars, por el nombre del pueblo en Francia donde sirvi\u00f3 durante 41 a\u00f1os. Fue un gran confesor, ten\u00eda el don de profec\u00eda, recib\u00eda ataques f\u00edsicos del\u2026","rel":"","context":"En \u00abFe\u00bb","img":{"alt_text":"","src":"","width":0,"height":0},"classes":[]},{"id":1434,"url":"http:\/\/catolicasmexico.com\/blog\/lo-que-al-parecer-es-un-milagro-en-jardines-de-la-paz-guadalajara-mexico\/","url_meta":{"origin":130,"position":3},"title":"Lo que al parecer es un \"Milagro Eucar\u00edstico\"en Jardines de la Paz, Guadalajara. M\u00e9xico.","date":"26 julio 2013","format":false,"excerpt":"Comentario de www.catolicasmexico.com El hecho se produjo, apenas el d\u00eda de ayer, tendremos que esperar, una vez que se comiencen los estudios un tiempo para conocer el resultados de los mismos. Sin embargo, nosotros como cat\u00f3licos estamos seguros de la presencia de Nuestro Se\u00f1or Jesucristo en la Santa Eucarist\u00eda. He\u2026","rel":"","context":"En \u00abFe\u00bb","img":{"alt_text":"","src":"https:\/\/i0.wp.com\/catolicasmexico.com\/blog\/wp-content\/uploads\/2013\/07\/20130726-142344.jpg?resize=350%2C200","width":350,"height":200},"classes":[]},{"id":136,"url":"http:\/\/catolicasmexico.com\/blog\/el-nuevo-cura-de-ars-de-la-marsella-agnostica-multiplica-los-fieles-en-un-barrio-islamico\/","url_meta":{"origin":130,"position":4},"title":"El nuevo Cura de Ars de la Marsella Agn\u00f3stica, multiplica los fieles en un barrio isl\u00e1mico.","date":"4 mayo 2013","format":false,"excerpt":"ARTICULO DE RELIGION EN\u00a0LIBERTAD.COM \u201cTraer tantas almas para Dios como sea posible\u201d. El padre Michel Marie Zanotti Sorkine se ha tomado esta frase muy a pecho y se ha convertido en su principal objetivo como sacerdote. As\u00ed lo est\u00e1 haciendo tras\u00a0haber transformado una iglesia que iba a ser clausurada y\u2026","rel":"","context":"En \u00abFe\u00bb","img":{"alt_text":"","src":"","width":0,"height":0},"classes":[]},{"id":1128,"url":"http:\/\/catolicasmexico.com\/blog\/simplemente-sientate-en-el-inodoro-si-viene-el-bebe-dice-una-trabajadora-de-una-clinica-de-aborto-a-una-mama-embarazada-de-27-semanas\/","url_meta":{"origin":130,"position":5},"title":"\"Simplemente si\u00e9ntate en el inodoro\" si viene el beb\u00e9, dice una trabajadora de una cl\u00ednica de aborto a una mam\u00e1 embarazada de 27 semanas","date":"9 julio 2013","format":false,"excerpt":"John Jalsevac de LifeSiteNews. Traduccion y edici\u00f3n libre Alejandro P. de www.catolicasmexico.com Lunes, 01 de julio de 2013 6:48 ALBUQUERQUE, Nuevo M\u00e9xico, 30 de junio de 2013 (LifeSiteNews.com) Esto puede ser visto en el \u00faltimo video lanzado por el grupo Live Action: Una trabajadora de un notorio centro de aborto\u2026","rel":"","context":"En \u00abAborto\u00bb","img":{"alt_text":"","src":"","width":0,"height":0},"classes":[]}],"jetpack_likes_enabled":false,"jetpack_sharing_enabled":true,"_links":{"self":[{"href":"http:\/\/catolicasmexico.com\/blog\/wp-json\/wp\/v2\/posts\/130"}],"collection":[{"href":"http:\/\/catolicasmexico.com\/blog\/wp-json\/wp\/v2\/posts"}],"about":[{"href":"http:\/\/catolicasmexico.com\/blog\/wp-json\/wp\/v2\/types\/post"}],"author":[{"embeddable":true,"href":"http:\/\/catolicasmexico.com\/blog\/wp-json\/wp\/v2\/users\/2"}],"replies":[{"embeddable":true,"href":"http:\/\/catolicasmexico.com\/blog\/wp-json\/wp\/v2\/comments?post=130"}],"version-history":[{"count":6,"href":"http:\/\/catolicasmexico.com\/blog\/wp-json\/wp\/v2\/posts\/130\/revisions"}],"predecessor-version":[{"id":4721,"href":"http:\/\/catolicasmexico.com\/blog\/wp-json\/wp\/v2\/posts\/130\/revisions\/4721"}],"wp:featuredmedia":[{"embeddable":true,"href":"http:\/\/catolicasmexico.com\/blog\/wp-json\/wp\/v2\/media\/2346"}],"wp:attachment":[{"href":"http:\/\/catolicasmexico.com\/blog\/wp-json\/wp\/v2\/media?parent=130"}],"wp:term":[{"taxonomy":"category","embeddable":true,"href":"http:\/\/catolicasmexico.com\/blog\/wp-json\/wp\/v2\/categories?post=130"},{"taxonomy":"post_tag","embeddable":true,"href":"http:\/\/catolicasmexico.com\/blog\/wp-json\/wp\/v2\/tags?post=130"}],"curies":[{"name":"wp","href":"https:\/\/api.w.org\/{rel}","templated":true}]}}