{"id":125,"date":"2013-05-03T16:49:04","date_gmt":"2013-05-03T21:49:04","guid":{"rendered":"http:\/\/catolicasmexico.com\/blog\/?p=125"},"modified":"2013-05-03T16:49:50","modified_gmt":"2013-05-03T21:49:50","slug":"eduard-verhagen-apunta-a-eliminar-al-nino-enfermo-tras-el-nacimiento-en-lugar-de-durante-la-gestacion-certeza-total-sobre-el-diagnostico-y-un-pronostico-mas-claro-apunta-el-medico-holandes-autor","status":"publish","type":"post","link":"http:\/\/catolicasmexico.com\/blog\/eduard-verhagen-apunta-a-eliminar-al-nino-enfermo-tras-el-nacimiento-en-lugar-de-durante-la-gestacion-certeza-total-sobre-el-diagnostico-y-un-pronostico-mas-claro-apunta-el-medico-holandes-autor\/","title":{"rendered":"Eduard Verhagen apunta a eliminar al ni\u00f1o enfermo tras el nacimiento en lugar de durante la gestaci\u00f3n \u00abCerteza total sobre el diagn\u00f3stico y un pron\u00f3stico m\u00e1s claro\u00bb, apunta el m\u00e9dico holand\u00e9s, autor del Protocolo de Groningen"},"content":{"rendered":"<p><a href=\"http:\/\/catolicasmexico.com\/blog\/wp-content\/uploads\/2013\/05\/imagezz-1.jpeg\"><img data-attachment-id=\"126\" data-permalink=\"http:\/\/catolicasmexico.com\/blog\/eduard-verhagen-apunta-a-eliminar-al-nino-enfermo-tras-el-nacimiento-en-lugar-de-durante-la-gestacion-certeza-total-sobre-el-diagnostico-y-un-pronostico-mas-claro-apunta-el-medico-holandes-autor\/imagezz-1\/\" data-orig-file=\"http:\/\/catolicasmexico.com\/blog\/wp-content\/uploads\/2013\/05\/imagezz-1.jpeg\" data-orig-size=\"615,345\" data-comments-opened=\"1\" data-image-meta=\"{&quot;aperture&quot;:&quot;0&quot;,&quot;credit&quot;:&quot;&quot;,&quot;camera&quot;:&quot;&quot;,&quot;caption&quot;:&quot;&quot;,&quot;created_timestamp&quot;:&quot;0&quot;,&quot;copyright&quot;:&quot;&quot;,&quot;focal_length&quot;:&quot;0&quot;,&quot;iso&quot;:&quot;0&quot;,&quot;shutter_speed&quot;:&quot;0&quot;,&quot;title&quot;:&quot;&quot;,&quot;orientation&quot;:&quot;0&quot;}\" data-image-title=\"imagezz (1)\" data-image-description=\"\" data-medium-file=\"http:\/\/catolicasmexico.com\/blog\/wp-content\/uploads\/2013\/05\/imagezz-1-300x168.jpeg\" data-large-file=\"http:\/\/catolicasmexico.com\/blog\/wp-content\/uploads\/2013\/05\/imagezz-1.jpeg\" class=\"alignnone size-thumbnail wp-image-126\" title=\"imagezz (1)\" src=\"http:\/\/catolicasmexico.com\/blog\/wp-content\/uploads\/2013\/05\/imagezz-1-150x150.jpg\" alt=\"\" width=\"150\" height=\"150\" srcset=\"http:\/\/catolicasmexico.com\/blog\/wp-content\/uploads\/2013\/05\/imagezz-1-150x150.jpg 150w\" sizes=\"100vw\" \/> <\/a><\/p>\n<p>Certeza total sobre el\u00a0diagn\u00f3stico y un pron\u00f3stico m\u00e1s claro: es por lo que el m\u00e9dico holand\u00e9s Eduard Verhagen defiende que se opte por eliminar al ni\u00f1o enfermo tras el nacimiento, en lugar de durante la gestaci\u00f3n.<\/p>\n<p>&nbsp;<\/p>\n<p>REDACCI\u00d3N HO.- \u00a0Certeza total sobre el\u00a0diagn\u00f3stico y un pron\u00f3stico m\u00e1s claro despu\u00e9s del nacimiento. Es lo que esgrime\u00a0<strong>el m\u00e9dico holand\u00e9s Eduard Verhagen,<a href=\"http:\/\/www.abc.es\/fotos-sociedad\/20130502\/eduard-verhagen-director-pediatria-151256464652.html\" target=\"_blank\">\u00a0<\/a>director de Pediatr\u00eda de la Universidad de Groningen y autor del\u00a0<\/strong><em><strong><a title=\"Protocolo de Groningen\" href=\"http:\/\/www.nejm.org\/doi\/full\/10.1056\/NEJMp058026\" target=\"_blank\">Protocolo de Groningen<\/a><\/strong><\/em><strong>\u00a0<\/strong><strong>para defender la eutanasia infantil en casos de beb\u00e9s gravemente enfermos, en lugar de abortar en el primer trimestre si se sospecha una grave malformaci\u00f3n.<\/strong><\/p>\n<p>Verhagen es director de Pediatr\u00eda de la Universidad de Groningen en Holanda. Pero\u00a0<strong>es m\u00e1s conocido en Europa por la bandera que ha hecho de la eutanasia neonatal<\/strong>, como \u00faltimo m\u00e9todo para poner fin al sufrimiento infantil. M\u00e9dico y abogado, e<strong>s autor del\u00a0Protocolo de Groningen<\/strong>: introducido en 2005 en los Pa\u00edses Bajos, es la \u00a0gu\u00eda que utilizan los m\u00e9dicos holandeses para decidir en qu\u00e9 casos se debe aplicar la eutanasia infantil. \u00a0Lo origin\u00f3 el caso de una ni\u00f1a con una grave enfermedad de la piel\u00a0&#8211;<a title=\"epidermolisis bullosa\" href=\"http:\/\/www.nlm.nih.gov\/medlineplus\/spanish\/ency\/article\/001457.htm\" target=\"_blank\">epidermolisis bullosa<\/a>&#8211; que provoca la aparici\u00f3n de ampollas internas y externas. Los padres solicitaron a los m\u00e9dicos la eutanasia. La solicitud fue denegada y la ni\u00f1a muri\u00f3 tres meses despu\u00e9s.\u00a0<strong>La aprobaci\u00f3n del protocolo acarre\u00f3\u00a0una tormenta de cr\u00edticas,<\/strong>\u00a0denunciando\u00a0que con ello se abr\u00eda la la puerta a la generalizaci\u00f3n de la eutanasia en reci\u00e9n nacidos.<\/p>\n<p>Sus escalofriantes puntos de vista\u00a0aparecen publicados en un n\u00famero especial de la\u00a0<em>revista Journal of Medical Ethics,\u00a0<\/em>del que hoy se ocupa ampliamente\u00a0medios como el diario\u00a0<em><a href=\"http:\/\/www.abc.es\/\" target=\"_blank\">ABC<\/a>\u00a0<\/em>o la web en ingl\u00e9s<em>\u00a0<a href=\"http:\/\/www.onmedica.com\/newsarticle.aspx?id=b3ad793a-7e1f-4bb0-bd9f-bd7fbf72deb7\" target=\"_blank\">onmedica.com<\/a><\/em>:\u00a0\u00abPara algunos padres\u00a0la opci\u00f3n de la eutanasia puede ser una mejor opci\u00f3n. Despu\u00e9s del nacimiento el pron\u00f3stico es mucho m\u00e1s claro y se pueden discutir todas las opciones de tratamiento disponibles, incluyendo la de los cuidados paliativos\u00bb, escribe \u00a0Verhagen en\u00a0un\u00a0art\u00edculo del que hoy\u00a0. \u00abSi todas las partes implicadas (padres, m\u00e9dicos, jueces&#8230;) concluyen que el pron\u00f3stico es muy sombr\u00edo y el estado del beb\u00e9 se juzga como un sufrimiento insoportable y continuo,<strong>\u00a0\u00bfpor qu\u00e9 no se permitir\u00e1 como una alternativa al aborto?\u00bb<\/strong>, sostiene. \u00a0En ese mismo, \u00a0el m\u00e9dico holand\u00e9s\u00a0<strong>se pregunta\u00a0cu\u00e1l es la diferencia moral entre no ofrecer tratamiento\u00a0o retirar la hidrataci\u00f3n y el alimento y la\u00a0eutanasia<\/strong>.<\/p>\n<p>Verhagen alude a dos encuestas nacionales de mortalidad infantil de 1995 y 2001 para indicar que evidencian que<strong>\u00a0los m\u00e9dicos estaban tomando decisiones para poner fin a la vida del ni\u00f1o por razones \u00abhumanitarias\u00bb antes de 2005<\/strong>, pero no estaban informando al respecto.\u00a0En el 1% de las muertes entre los ni\u00f1os menores de 12 meses, durante este per\u00edodo, los f\u00e1rmacos se administraron con la intenci\u00f3n expl\u00edcita de acelerar la muerte, lo que lleva al autor a concluir que se habr\u00eda terminado con la vida de entre 15 y 20 ni\u00f1os cada a\u00f1o de esta manera en los Pa\u00edses Bajos.\u00a0Sin embargo, se inform\u00f3 oficialmente s\u00f3lo de tres.<\/p>\n<p><strong>Criterios de eutanasia<\/strong><\/p>\n<p>El Protocolo de Groningen establece los cinco criterios que deben cumplirse para tomar una decisi\u00f3n tan grave: un diagn\u00f3stico y pron\u00f3stico fuera de toda duda, la presencia de un sufrimiento incontrolable y desesperado, una segunda opini\u00f3n m\u00e9dica independiente para confirmar el primer diagn\u00f3stico, el consentimiento de ambos padres y el visto bueno de la fiscal\u00eda general para dar seguridad jur\u00eddica.<\/p>\n","protected":false},"excerpt":{"rendered":"<p>Certeza total sobre el\u00a0diagn\u00f3stico y un pron\u00f3stico m\u00e1s claro: es por lo que el m\u00e9dico holand\u00e9s Eduard Verhagen defiende que se opte por eliminar al ni\u00f1o enfermo tras el nacimiento, en lugar de durante la gestaci\u00f3n. &nbsp; REDACCI\u00d3N HO.- \u00a0Certeza total sobre el\u00a0diagn\u00f3stico y un pron\u00f3stico m\u00e1s claro despu\u00e9s del nacimiento. Es lo que esgrime\u00a0el [&hellip;]<\/p>\n","protected":false},"author":2,"featured_media":126,"comment_status":"open","ping_status":"open","sticky":false,"template":"","format":"standard","meta":{"spay_email":"","jetpack_publicize_message":"","jetpack_is_tweetstorm":false},"categories":[9,10],"tags":[],"aioseo_notices":[],"jetpack_featured_media_url":"http:\/\/catolicasmexico.com\/blog\/wp-content\/uploads\/2013\/05\/imagezz-1.jpeg","jetpack_publicize_connections":[],"jetpack_shortlink":"https:\/\/wp.me\/p3B5XH-21","jetpack-related-posts":[{"id":4361,"url":"http:\/\/catolicasmexico.com\/blog\/la-activista-proaborto-christy-zink-dice-que-aborto-a-su-bebe-de-22-semanas-por-amor\/","url_meta":{"origin":125,"position":0},"title":"La Activista proaborto Christy Zink dice que abort\u00f3 a su beb\u00e9 de 22 semanas por amor","date":"8 abril 2016","format":false,"excerpt":"\u00a0 Christy Zink dijo frente a la comisi\u00f3n del senado que la nueva ley que proh\u00edbe el aborto despu\u00e9s de las 20 semanas de gestaci\u00f3n le hubiera prohibido abortar a su hijo. Dijo que eligi\u00f3 el aborto a las 22 semanas tras enterarse que este sufr\u00eda de un desorden cerebral\u2026","rel":"","context":"En \u00abAborto\u00bb","img":{"alt_text":"","src":"https:\/\/i2.wp.com\/catolicasmexico.com\/blog\/wp-content\/uploads\/2016\/04\/IMG_0523.png?resize=350%2C200","width":350,"height":200},"classes":[]},{"id":3495,"url":"http:\/\/catolicasmexico.com\/blog\/una-pareja-dijo-no-al-aborto-a-pesar-del-diagnostico-el-bebe-nacio-completamente-sano\/","url_meta":{"origin":125,"position":1},"title":"Una pareja dijo no al aborto, a pesar del diagn\u00f3stico. \u00a1El beb\u00e9 naci\u00f3 completamente sano!","date":"30 octubre 2014","format":false,"excerpt":"Art\u00edculo original: Sarah Zagorski, Dubl\u00edn, Irlanda, Lifesnews.com, traducci\u00f3n y edici\u00f3n libre Jules para cat\u00f3licas M\u00e9xico 22 de octubre de 2014. Cuando Melanie y Damion Sheenan fueron al hospital para una ecograf\u00eda del vientre de Melanie, veinte semanas embarazada, recibieron una noticia muy preocupante. El m\u00e9dico les dijo que su hijo\u2026","rel":"","context":"En \u00abAborto\u00bb","img":{"alt_text":"","src":"https:\/\/i2.wp.com\/catolicasmexico.com\/blog\/wp-content\/uploads\/2014\/10\/joshuasheenan.png?resize=350%2C200","width":350,"height":200},"classes":[]},{"id":1252,"url":"http:\/\/catolicasmexico.com\/blog\/error-medico-un-magistrado-italiano-perfectamente-sano-pide-la-eutanasia\/","url_meta":{"origin":125,"position":2},"title":"Error m\u00e9dico: un magistrado italiano perfectamente sano, pide la eutanasia.","date":"12 julio 2013","format":false,"excerpt":"Del blog de www.cqv.qc.ca del sitio zenit.org Traducci\u00f3n libre www.catolicasmexico.com Un magistrado italiano de 62 que pidi\u00f3 la eutanasia en Suiza, en Basilea, tras el diagn\u00f3stico de una enfermedad incurable: sin embargo, una autopsia revela que \u00e9l estaba en perfecta salud. El hecho tr\u00e1gico relanz\u00f3 el debate sobre la \"eutanasia\"\u2026","rel":"","context":"En \u00abEutanasia\u00bb","img":{"alt_text":"","src":"https:\/\/i1.wp.com\/catolicasmexico.com\/blog\/wp-content\/uploads\/2013\/07\/20130712-115439.jpg?resize=350%2C200","width":350,"height":200},"classes":[]},{"id":3649,"url":"http:\/\/catolicasmexico.com\/blog\/embarazada-a-los-17-aun-con-un-diagnostico-de-anencefalia-dijo-si-a-la-vida\/","url_meta":{"origin":125,"position":3},"title":"Embarazada a los 17, aun con un diagn\u00f3stico de anencefalia, dijo s\u00ed a la vida","date":"12 marzo 2015","format":false,"excerpt":"Articulo original por Rebeca o ' Brien LifeSiteNews - traducido del sitio Campagne Quebec Vie para catolicasmexico.com \u00a0 MICAH ten\u00eda diecisiete a\u00f1os cuando descubri\u00f3 que estaba embarazada. Pero el aborto simplemente no era una opci\u00f3n para ella y su novio, Kyle. \u00a0 \"No est\u00e1bamos preparados en absoluto, pero ambos sentimos\u2026","rel":"","context":"En \u00abEmbarazo\u00bb","img":{"alt_text":"","src":"https:\/\/i0.wp.com\/catolicasmexico.com\/blog\/wp-content\/uploads\/2015\/03\/Ambra_333_500_55.jpg?resize=350%2C200","width":350,"height":200},"classes":[]},{"id":3838,"url":"http:\/\/catolicasmexico.com\/blog\/un-paramedico-ve-a-un-bebe-de-17-semanas-de-gestacion-producto-de-un-aborto-espontaneo-y-se-convierte-en-pro-de-la-vida\/","url_meta":{"origin":125,"position":4},"title":"Un param\u00e9dico, ve a un beb\u00e9 de 17 semanas de gestaci\u00f3n, producto de un aborto espont\u00e1neo y se convierte en pro de la vida..","date":"3 julio 2015","format":false,"excerpt":"Foto de Beb\u00e9 Walter despu\u00e9s de un aborto espont\u00e1neo a las 19 semanas, 2 semanas m\u00e1s que el ni\u00f1o visto por David Baxter hace 25 a\u00f1os. La madre de Walter, Lexi, public\u00f3 estas fotos para probar la humanidad de su beb\u00e9. Por Nancy Flanders de LiveActionNews - en el sitio\u2026","rel":"","context":"En \u00abAborto\u00bb","img":{"alt_text":"","src":"https:\/\/i1.wp.com\/catolicasmexico.com\/blog\/wp-content\/uploads\/2015\/07\/20150703-103236.jpg?resize=350%2C200","width":350,"height":200},"classes":[]},{"id":4949,"url":"http:\/\/catolicasmexico.com\/blog\/el-aborto-mata-a-un-ser-humano\/","url_meta":{"origin":125,"position":5},"title":"El aborto mata a un ser humano.","date":"5 agosto 2020","format":false,"excerpt":"Algunas especies de animales benefician de una protecci\u00f3n jur\u00eddica en pa\u00edses como Canad\u00e1. Sin embargo no existe ninguna protecci\u00f3n para el ni\u00f1o en el vientre materno. Algunos animales son tratados con m\u00e1s respeto que un beb\u00e9 antes de su nacimiento. \u00bfEl ni\u00f1o en el seno materno es un ser humano?\u2026","rel":"","context":"En \u00abAborto\u00bb","img":{"alt_text":"","src":"https:\/\/i0.wp.com\/catolicasmexico.com\/blog\/wp-content\/uploads\/2020\/08\/c7600f24-2bb1-4f0a-b47b-f2ea6c37d2fe-898-00000457eab088e4-1.jpg?resize=350%2C200","width":350,"height":200},"classes":[]}],"jetpack_likes_enabled":false,"jetpack_sharing_enabled":true,"_links":{"self":[{"href":"http:\/\/catolicasmexico.com\/blog\/wp-json\/wp\/v2\/posts\/125"}],"collection":[{"href":"http:\/\/catolicasmexico.com\/blog\/wp-json\/wp\/v2\/posts"}],"about":[{"href":"http:\/\/catolicasmexico.com\/blog\/wp-json\/wp\/v2\/types\/post"}],"author":[{"embeddable":true,"href":"http:\/\/catolicasmexico.com\/blog\/wp-json\/wp\/v2\/users\/2"}],"replies":[{"embeddable":true,"href":"http:\/\/catolicasmexico.com\/blog\/wp-json\/wp\/v2\/comments?post=125"}],"version-history":[{"count":2,"href":"http:\/\/catolicasmexico.com\/blog\/wp-json\/wp\/v2\/posts\/125\/revisions"}],"predecessor-version":[{"id":128,"href":"http:\/\/catolicasmexico.com\/blog\/wp-json\/wp\/v2\/posts\/125\/revisions\/128"}],"wp:featuredmedia":[{"embeddable":true,"href":"http:\/\/catolicasmexico.com\/blog\/wp-json\/wp\/v2\/media\/126"}],"wp:attachment":[{"href":"http:\/\/catolicasmexico.com\/blog\/wp-json\/wp\/v2\/media?parent=125"}],"wp:term":[{"taxonomy":"category","embeddable":true,"href":"http:\/\/catolicasmexico.com\/blog\/wp-json\/wp\/v2\/categories?post=125"},{"taxonomy":"post_tag","embeddable":true,"href":"http:\/\/catolicasmexico.com\/blog\/wp-json\/wp\/v2\/tags?post=125"}],"curies":[{"name":"wp","href":"https:\/\/api.w.org\/{rel}","templated":true}]}}