{"id":120,"date":"2013-04-29T21:47:25","date_gmt":"2013-04-30T02:47:25","guid":{"rendered":"http:\/\/catolicasmexico.com\/blog\/?p=120"},"modified":"2013-04-29T21:47:25","modified_gmt":"2013-04-30T02:47:25","slug":"la-biblia-y-el-aborto","status":"publish","type":"post","link":"http:\/\/catolicasmexico.com\/blog\/la-biblia-y-el-aborto\/","title":{"rendered":"LA BIBLIA Y EL ABORTO"},"content":{"rendered":"<div><a href=\"http:\/\/catolicasmexico.com\/blog\/wp-content\/uploads\/2013\/04\/1355172936dkk4y.jpg\"><img data-attachment-id=\"121\" data-permalink=\"http:\/\/catolicasmexico.com\/blog\/la-biblia-y-el-aborto\/1355172936dkk4y\/\" data-orig-file=\"http:\/\/catolicasmexico.com\/blog\/wp-content\/uploads\/2013\/04\/1355172936dkk4y.jpg\" data-orig-size=\"620,392\" data-comments-opened=\"1\" data-image-meta=\"{&quot;aperture&quot;:&quot;0&quot;,&quot;credit&quot;:&quot;&quot;,&quot;camera&quot;:&quot;&quot;,&quot;caption&quot;:&quot;&quot;,&quot;created_timestamp&quot;:&quot;0&quot;,&quot;copyright&quot;:&quot;&quot;,&quot;focal_length&quot;:&quot;0&quot;,&quot;iso&quot;:&quot;0&quot;,&quot;shutter_speed&quot;:&quot;0&quot;,&quot;title&quot;:&quot;&quot;,&quot;orientation&quot;:&quot;0&quot;}\" data-image-title=\"1355172936dkk4y\" data-image-description=\"\" data-medium-file=\"http:\/\/catolicasmexico.com\/blog\/wp-content\/uploads\/2013\/04\/1355172936dkk4y-300x190.jpg\" data-large-file=\"http:\/\/catolicasmexico.com\/blog\/wp-content\/uploads\/2013\/04\/1355172936dkk4y.jpg\" class=\"alignnone size-thumbnail wp-image-121\" title=\"1355172936dkk4y\" src=\"http:\/\/catolicasmexico.com\/blog\/wp-content\/uploads\/2013\/04\/1355172936dkk4y-150x150.jpg\" alt=\"\" width=\"150\" height=\"150\" srcset=\"http:\/\/catolicasmexico.com\/blog\/wp-content\/uploads\/2013\/04\/1355172936dkk4y-150x150.jpg 150w\" sizes=\"100vw\" \/> <\/a><\/div>\n<div><\/div>\n<div>Articulo De Campagne Quebec Vie.<\/div>\n<div>Traducci\u00f3n libre.<\/div>\n<div>La Biblia no habla directamente del aborto, porque dentro de esta, se condena el asesinato en toda circunstancia. Se afirma que el embri\u00f3n es un ser humano, que posee un alma desde el instante mismo de la concepci\u00f3n.<\/div>\n<div>He aqui, la descripci\u00f3n del Nuevo Diccionario B\u00edblico de Emmaus:<\/div>\n<div>Aborto: interrupci\u00f3n voluntaria del embarazo, provocado con el objetivo de matar el embri\u00f3n o el feto.<\/div>\n<div>El quinto mandamiento\u00a0(No mataras,Ex20.13;Dt.5.17) condena claramente todo homicidio. Algunos te\u00f3logos, pretenden que el homicidio del no nato, no entra en la categor\u00eda de esta ley, puesto que el embri\u00f3n no seria \u00abque un posible Ser\u00bb ,aceptando que en cierto casos dram\u00e1ticos, un medico pueda realizar un aborto.<\/div>\n<div>Sin embargo, las doctrinas de la creaci\u00f3n y el dogma de la encarnaci\u00f3n se oponen claramente a estos tratados.<\/div>\n<div>\u00a0En el Gn.1.26, el hombre es creado a imagen y semejanza de Dios, este hecho, distingue al ser humano de las otras criaturas, dicha imagen, no depende de una capacidad, ni de una cualidad particular. lejos de ser algo que se desarrolla por la experiencia humana, esta es una cualidad intr\u00ednseca y la esencia misma del hombre, raz\u00f3n por la cual toda vida humana es sagrada.\u00a0\u00a0(Ge 9.6). El dogma de la encarnaci\u00f3n, nos permite afirmar, sin ninguna duda, que la vida humana comienza desde la concepci\u00f3n. El hijo de Dios pose\u00eda una preexistencia,se encarno por medio del Esp\u00edritu Santo. (Mt 1.18, 20; Lu 1.35).<\/div>\n<div>Desde la concepci\u00f3n , la vida humana de Nuestro Se\u00f1or, no era distinta de las otras, salvo porque en El ,no hab\u00eda pecado.<\/div>\n<div>He aqui, otros textos que se\u00f1alan el comienzo de la vida, antes y despu\u00e9s del nacimiento: Ge 25.22-23 ,Lu 1.15, 41, 44 (Juan el bautista); Ps 139.13-16; Jer 1.5;\u00a020.17-18; Job\u00a010.18-19.<\/div>\n<div><\/div>\n<div>Ciertas personas se preguntan porque la Biblia no contiene, ninguna ley prohibiendo el aborto espec\u00edficamente. La claridad de la doctrina de la creaci\u00f3n y el quinto mandamiento, \u00a0hablan por si mismos. S\u00f3lo un caso marginal esta considerado: el aborto que fue provocado cuando se hiri\u00f3 a una mujer embarazada, luego de una pelea entre dos hombres(Ex\u00a021.22-23). Lleva al culpable de la muerte del ni\u00f1o, al mismo destino, la muerte, puesto que este , es responsable de sus actos.<\/div>\n<div><\/div>\n<div>Salmo 139:13-15 Fuiste tu que formaste mis entra\u00f1as, me tejiste en el seno de mi madre, te alabe por ser una criatura tan maravillosa .tus obras son admirables, mi alma lo reconoce. \u00a0Mi cuerpo no estaba oculto para ti, cuando estaba siendo creado en un lugar secreto, tejido en lo profundo de la tierra. Cuando no era que una masa amorfa, tus ojos me ve\u00edan;sobre tu libro estaban escritos los d\u00edas que me fueron destinados, antes de que ninguno de estos exista.<\/div>\n","protected":false},"excerpt":{"rendered":"<p>Articulo De Campagne Quebec Vie. Traducci\u00f3n libre. La Biblia no habla directamente del aborto, porque dentro de esta, se condena el asesinato en toda circunstancia. Se afirma que el embri\u00f3n es un ser humano, que posee un alma desde el instante mismo de la concepci\u00f3n. He aqui, la descripci\u00f3n del Nuevo Diccionario B\u00edblico de Emmaus: [&hellip;]<\/p>\n","protected":false},"author":2,"featured_media":121,"comment_status":"open","ping_status":"open","sticky":false,"template":"","format":"standard","meta":{"spay_email":"","jetpack_publicize_message":"","jetpack_is_tweetstorm":false},"categories":[9,13],"tags":[],"aioseo_notices":[],"jetpack_featured_media_url":"http:\/\/catolicasmexico.com\/blog\/wp-content\/uploads\/2013\/04\/1355172936dkk4y.jpg","jetpack_publicize_connections":[],"jetpack_shortlink":"https:\/\/wp.me\/p3B5XH-1W","jetpack-related-posts":[{"id":27,"url":"http:\/\/catolicasmexico.com\/blog\/27\/","url_meta":{"origin":120,"position":0},"title":"Irlanda: Muerte debida a circunstancias diversas de orden medical","date":"21 abril 2013","format":false,"excerpt":"AFP . La investigaci\u00f3n en Irlanda sobre la muerte de una mujer, que seg\u00fan su marido , se debi\u00f3 a la negaci\u00f3n de los m\u00e9dicos de realizarle un aborto concluyo el viernes con el resultado que la muerte de la mujer se fue debido a la evolucion cl\u00ednica de la\u2026","rel":"","context":"En \u00abAborto\u00bb","img":{"alt_text":"","src":"","width":0,"height":0},"classes":[]},{"id":4966,"url":"http:\/\/catolicasmexico.com\/blog\/estan-relacionados-la-anticoncepcion-y-el-aborto-los-hechos-hablan\/","url_meta":{"origin":120,"position":1},"title":"\u00bfEst\u00e1n relacionados la anticoncepci\u00f3n y el aborto?... los hechos hablan","date":"28 julio 2021","format":false,"excerpt":"Foto :\u00a0bisonov\/AdobeStock Publicado por Augustin Hamilton el 27\/07\/2021 18:17 Por Anne Marie Williams (LiveActionNews) - Traducido por Campagne Qu\u00e9bec-Vie - Foto: bisonov \/ AdobeStock . traducci\u00f3n libre CM Molly Jong-Fast, autora y periodista, escribi\u00f3 un art\u00edculo en Vogue: \u201cEl movimiento contra la anticoncepci\u00f3n es el nuevo movimiento contra el aborto\u201d;\u2026","rel":"","context":"En \u00abAborto\u00bb","img":{"alt_text":"","src":"https:\/\/i1.wp.com\/catolicasmexico.com\/blog\/wp-content\/uploads\/2021\/07\/Pilules-contraception-bisonov.jpg?resize=350%2C200","width":350,"height":200},"classes":[]},{"id":389,"url":"http:\/\/catolicasmexico.com\/blog\/pildora-del-dia-siguiente-produce-aborto-y-no-es-anticoncepcion-de-emergencia-denuncian\/","url_meta":{"origin":120,"position":2},"title":"P\u00edldora del d\u00eda siguiente produce aborto y no es anticoncepci\u00f3n de emergencia, denuncian","date":"20 mayo 2013","format":false,"excerpt":"BUENOS AIRES, 17 May. 13 \/ 11:13 am (ACI).- La Sociedad Argentina de \u00c9tica M\u00e9dica y Biol\u00f3gica (SAEMB) critic\u00f3 las recientes estad\u00edsticas de Sociedad Argentina de Farmac\u00e9uticos y Bioqu\u00edmicos donde se denomina a la \"p\u00edldora del d\u00eda despu\u00e9s\" como \"anticoncepci\u00f3n de emergencia\", y en este sentido, reafirmaron que la ingesta\u2026","rel":"","context":"En \u00abContracepci\u00f3n\u00bb","img":{"alt_text":"","src":"https:\/\/i1.wp.com\/catolicasmexico.com\/blog\/wp-content\/uploads\/2013\/05\/image-26.jpeg?resize=350%2C200","width":350,"height":200},"classes":[]},{"id":4353,"url":"http:\/\/catolicasmexico.com\/blog\/polonia-bebe-que-nacio-vivo-tras-un-aborto-fallido-lloro-durante-una-hora-los-doctores-lo-dejaron-morir\/","url_meta":{"origin":120,"position":3},"title":"Polonia: Beb\u00e9 que naci\u00f3 vivo tras un aborto fallido llor\u00f3 durante una hora, los doctores lo dejaron morir.","date":"6 abril 2016","format":false,"excerpt":"Un hospital p\u00fablico de Polonia fue acusado por haber dejado morir a un beb\u00e9 viable porque \u00e9ste ten\u00eda el s\u00edndrome de Down, seg\u00fan \"The Global Dispatch\" Los testigos dijeron que el beb\u00e9 llor\u00f3 y grit\u00f3 durante una hora antes de morir. Los reportes no indican si fue ni\u00f1o o ni\u00f1a.\u2026","rel":"","context":"En \u00abAborto\u00bb","img":{"alt_text":"","src":"https:\/\/i1.wp.com\/catolicasmexico.com\/blog\/wp-content\/uploads\/2016\/04\/IMG_0517.jpg?resize=350%2C200","width":350,"height":200},"classes":[]},{"id":4370,"url":"http:\/\/catolicasmexico.com\/blog\/un-abortista-renuncio-despues-de-ver-la-cara-de-un-bebe-abortado\/","url_meta":{"origin":120,"position":4},"title":"Un abortista renunci\u00f3 despu\u00e9s de ver la cara de un beb\u00e9 abortado.","date":"22 abril 2016","format":false,"excerpt":"\"Entre los restos de la caja tor\u00e1cica, encontr\u00e9 un peque\u00f1o coraz\u00f3n latiendo. Por fin pude sacar la cabeza y mir\u00e9 claramente la cara de un ser humano - un ser humano al que acababa de matar. \u00bb \u00a0Testimonio del Ex abortista Dr. Paul Jarrett.\u00a0 Mientras que Jarrett era todav\u00eda interno,\u2026","rel":"","context":"En \u00abAborto\u00bb","img":{"alt_text":"","src":"https:\/\/i2.wp.com\/catolicasmexico.com\/blog\/wp-content\/uploads\/2016\/04\/IMG_0538.jpg?resize=350%2C200","width":350,"height":200},"classes":[]},{"id":2890,"url":"http:\/\/catolicasmexico.com\/blog\/emily-letts-graba-y-publica-en-internet-video-de-su-aborto-para-inspirar-a-otras-mujeres\/","url_meta":{"origin":120,"position":5},"title":"Emily Letts, Graba y publica en Internet video de su aborto para \u201cinspirar a otras mujeres\u201d","date":"7 mayo 2014","format":false,"excerpt":"Captura Vimeo WASHINGTON D.C., 07 May. 14 \/ 01:25 pm (ACI).- Emily Letts, una mujer de 25 a\u00f1os que trabaja como consejera en una cl\u00ednica abortista de Nueva Jersey (Estados Unidos), asegura estar orgullosa de haber filmado su propio aborto para \u2013seg\u00fan dice\u2013 \u201cinspirar a otras mujeres a detener la\u2026","rel":"","context":"En \u00abAborto\u00bb","img":{"alt_text":"","src":"https:\/\/i0.wp.com\/catolicasmexico.com\/blog\/wp-content\/uploads\/2014\/05\/20140507-155227.jpg?resize=350%2C200","width":350,"height":200},"classes":[]}],"jetpack_likes_enabled":false,"jetpack_sharing_enabled":true,"_links":{"self":[{"href":"http:\/\/catolicasmexico.com\/blog\/wp-json\/wp\/v2\/posts\/120"}],"collection":[{"href":"http:\/\/catolicasmexico.com\/blog\/wp-json\/wp\/v2\/posts"}],"about":[{"href":"http:\/\/catolicasmexico.com\/blog\/wp-json\/wp\/v2\/types\/post"}],"author":[{"embeddable":true,"href":"http:\/\/catolicasmexico.com\/blog\/wp-json\/wp\/v2\/users\/2"}],"replies":[{"embeddable":true,"href":"http:\/\/catolicasmexico.com\/blog\/wp-json\/wp\/v2\/comments?post=120"}],"version-history":[{"count":1,"href":"http:\/\/catolicasmexico.com\/blog\/wp-json\/wp\/v2\/posts\/120\/revisions"}],"predecessor-version":[{"id":122,"href":"http:\/\/catolicasmexico.com\/blog\/wp-json\/wp\/v2\/posts\/120\/revisions\/122"}],"wp:featuredmedia":[{"embeddable":true,"href":"http:\/\/catolicasmexico.com\/blog\/wp-json\/wp\/v2\/media\/121"}],"wp:attachment":[{"href":"http:\/\/catolicasmexico.com\/blog\/wp-json\/wp\/v2\/media?parent=120"}],"wp:term":[{"taxonomy":"category","embeddable":true,"href":"http:\/\/catolicasmexico.com\/blog\/wp-json\/wp\/v2\/categories?post=120"},{"taxonomy":"post_tag","embeddable":true,"href":"http:\/\/catolicasmexico.com\/blog\/wp-json\/wp\/v2\/tags?post=120"}],"curies":[{"name":"wp","href":"https:\/\/api.w.org\/{rel}","templated":true}]}}