{"id":1164,"date":"2013-07-09T15:47:25","date_gmt":"2013-07-09T20:47:25","guid":{"rendered":"http:\/\/catolicasmexico.com\/blog\/?p=1164"},"modified":"2013-07-10T12:32:17","modified_gmt":"2013-07-10T17:32:17","slug":"peru-resiste-a-las-presiones-del-lobby-lgtb","status":"publish","type":"post","link":"http:\/\/catolicasmexico.com\/blog\/peru-resiste-a-las-presiones-del-lobby-lgtb\/","title":{"rendered":"Per\u00fa resiste a las presiones del lobby LGTB."},"content":{"rendered":"<p><a href=\"http:\/\/catolicasmexico.com\/blog\/wp-content\/uploads\/2013\/07\/20130710-081938.jpg\"><img src=\"http:\/\/catolicasmexico.com\/blog\/wp-content\/uploads\/2013\/07\/20130710-081938.jpg\" alt=\"20130710-081938.jpg\" class=\"alignnone size-full\"  \/> <\/a><\/p>\n<p>Del blog de www.cqv.qc.ca del blog de Jeanne Smits.<br \/>\nTraducci\u00f3n y edici\u00f3n libre www.catolicasmexico.com<\/p>\n<p>La propuesta de incluir una causa agravante al delito de discriminaci\u00f3n debido a la \u00aborientaci\u00f3n sexual\u00bb y la \u00abidentidad de g\u00e9nero\u00bb  en  el Congreso de Per\u00fa fue rechazada este  4 de julio. Cabe se\u00f1alar que Per\u00fa no ha firmado ning\u00fan tratado internacional que lo requiera y que la Constituci\u00f3n peruana no reconoce dichos derechos.<\/p>\n<p>La derrota del lobby gay no s\u00f3lo es real, es importante porque 56 miembros contra 27 rechazaron la propuesta del congresista Carlos Bruce, promotor del texto.<\/p>\n<p>Adem\u00e1s de la decisi\u00f3n de la Comisi\u00f3n de justicia, que inicialmente hab\u00eda rechazado los t\u00e9rminos de \u00aborientaci\u00f3n sexual\u00bb y de  \u00abidentidad de g\u00e9nero\u00bb .Bruce present\u00f3 el proyecto de ley con el apoyo de algunos otros miembros del Congreso. (&#8230;)<\/p>\n<p>(&#8230;)Las cifras en el informe anual de los derechos humanos de las personas trans, lesbianas, gays y bisexuales en el Per\u00fa en 2012. Fueron de 7 asesinatos en los \u00faltimos a\u00f1os.<\/p>\n<p>\u00bfSiete? S\u00ed, incluyendo tres al menos cometidos por la pareja homosexual de la v\u00edctima. Los restantes cuatro, uno fue cometido por un amigo del difunto, otro en el robo de un computadora, un tercero era un ajuste de cuentas: s\u00f3lo el motivo del \u00faltimo ataque sigue siendo desconocido. Se trata con arma blanca , que caus\u00f3 una lesi\u00f3n en la pierna de la v\u00edctima dentro de su local comercial. \u00bfDiscriminaci\u00f3n contra los homosexuales? Nadie sabe nada&#8230; (&#8230;)<\/p>\n","protected":false},"excerpt":{"rendered":"<p>Del blog de www.cqv.qc.ca del blog de Jeanne Smits. Traducci\u00f3n y edici\u00f3n libre www.catolicasmexico.com La propuesta de incluir una causa agravante al delito de discriminaci\u00f3n debido a la \u00aborientaci\u00f3n sexual\u00bb y la \u00abidentidad de g\u00e9nero\u00bb en el Congreso de Per\u00fa fue rechazada este 4 de julio. Cabe se\u00f1alar que Per\u00fa no ha firmado ning\u00fan tratado [&hellip;]<\/p>\n","protected":false},"author":2,"featured_media":1166,"comment_status":"open","ping_status":"open","sticky":false,"template":"","format":"standard","meta":{"spay_email":"","jetpack_publicize_message":"","jetpack_is_tweetstorm":false},"categories":[70,52,21],"tags":[],"aioseo_notices":[],"jetpack_featured_media_url":"http:\/\/catolicasmexico.com\/blog\/wp-content\/uploads\/2013\/07\/20130710-081938.jpg","jetpack_publicize_connections":[],"jetpack_shortlink":"https:\/\/wp.me\/p3B5XH-iM","jetpack-related-posts":[{"id":2941,"url":"http:\/\/catolicasmexico.com\/blog\/europa-bajo-la-influencia-del-lobby-gay-el-lgbt-posee-un-poderoso-lobby-en-estrasburgo\/","url_meta":{"origin":1164,"position":0},"title":"Europa bajo la influencia del lobby gay. El  LGBT posee un poderoso lobby en Estrasburgo","date":"26 mayo 2014","format":false,"excerpt":"En la foto el eurodiputado Michael Cashman miembro del LGTB como la cuarta parte de los parlamentarios europeos. Del sitio www.valeurs actuelles traducci\u00f3n y edici\u00f3n libre www.catolicas mexico.com (...) Casi una cuarta parte de los diputados es miembro del Intergrupo LGTB (lesbianas, gays, bisexuales y transexuales), que defiende los intereses\u2026","rel":"","context":"En \u00abAborto\u00bb","img":{"alt_text":"","src":"https:\/\/i1.wp.com\/catolicasmexico.com\/blog\/wp-content\/uploads\/2014\/05\/20140526-094750.jpg?resize=350%2C200","width":350,"height":200},"classes":[]},{"id":165,"url":"http:\/\/catolicasmexico.com\/blog\/peru-municipalidad-busca-aprobar-ordenanza-gay-en-el-dia-de-la-virgen-de-fatima\/","url_meta":{"origin":1164,"position":1},"title":"PERU: Municipalidad busca aprobar \"ordenanza gay\", en el d\u00eda de la Virgen de Fatima.","date":"7 mayo 2013","format":false,"excerpt":"LIMA, 06 May. 13 \/ 04:45 pm (ACI).- La\u00a0\"ordenanza gay\", que obligar\u00eda a aceptar el \"afecto homosexual\" en locales comerciales y espacios p\u00fablicos de Lima, as\u00ed como en colegios, ha vuelto a ser puesta en agenda por la Municipalidad de Lima (Per\u00fa) para su votaci\u00f3n en la Comisi\u00f3n Metropolitana de\u2026","rel":"","context":"En \u00abHomosexualidad\u00bb","img":{"alt_text":"","src":"https:\/\/i0.wp.com\/catolicasmexico.com\/blog\/wp-content\/uploads\/2013\/05\/image-7.jpeg?resize=350%2C200","width":350,"height":200},"classes":[]},{"id":2479,"url":"http:\/\/catolicasmexico.com\/blog\/detengamos-el-informe-lunacek\/","url_meta":{"origin":1164,"position":2},"title":"\u00a1Detengamos el informe Lunacek!","date":"28 enero 2014","format":false,"excerpt":"El grupo de Hazteoir.org nos envi\u00f3 esta petici\u00f3n que pusimos en nuestro muro de Facebook. Les pedimos que firmen y que detengamos as\u00ed la mordaza que quieren imponer los lobbys gays. La pr\u00f3xima semana, se votar\u00e1 en el Parlamento Europeo el Informe Lunacek (as\u00ed llamado por su promotora, la eurodiputada\u2026","rel":"","context":"En \u00abEspa\u00f1a\u00bb","img":{"alt_text":"","src":"https:\/\/i2.wp.com\/catolicasmexico.com\/blog\/wp-content\/uploads\/2014\/01\/20140128-1317121.jpg?resize=350%2C200","width":350,"height":200},"classes":[]},{"id":468,"url":"http:\/\/catolicasmexico.com\/blog\/peru-expertos-desmienten-argumentos-de-promotores-del-aborto-en-congreso\/","url_meta":{"origin":1164,"position":3},"title":"Per\u00fa: Expertos desmienten argumentos de promotores del aborto en Congreso","date":"24 mayo 2013","format":false,"excerpt":"En el marco de una mesa de trabajo sobre modificaciones al C\u00f3digo de la Ni\u00f1ez y Adolescencia en el Congreso de Per\u00fa, dieciocho expertos en defensa de la vida rebatieron los argumentos del lobby promotor del aborto, que pretend\u00eda introducir la anticoncepci\u00f3n y el aborto en la norma, usando t\u00e9rminos\u2026","rel":"","context":"En \u00abAborto\u00bb","img":{"alt_text":"","src":"https:\/\/i0.wp.com\/catolicasmexico.com\/blog\/wp-content\/uploads\/2013\/05\/image-61.jpeg?resize=350%2C200","width":350,"height":200},"classes":[]},{"id":1618,"url":"http:\/\/catolicasmexico.com\/blog\/california-alumnos-de-secundaria-podran-escoger-el-bano-segun-su-identidad-sexual\/","url_meta":{"origin":1164,"position":4},"title":"California: alumnos de secundaria podr\u00e1n escoger el ba\u00f1o seg\u00fan su identidad sexual.","date":"15 agosto 2013","format":false,"excerpt":"Informaci\u00f3n del Journal de Montr\u00e9al del 12 de agosto de 2013. Traducci\u00f3n y edici\u00f3n libre www.catolicasmexio.comLOS ANGELES - Los. alumnos de escuelas secundarias podr\u00e1n usar el ba\u00f1o de su elecci\u00f3n basado en su identidad sexual y no el sexo que aparece en sus documentos de identificaci\u00f3n,esto, bajo una nueva ley\u2026","rel":"","context":"En \u00abEducaci\u00f3n\u00bb","img":{"alt_text":"","src":"","width":0,"height":0},"classes":[]},{"id":2556,"url":"http:\/\/catolicasmexico.com\/blog\/quien-es-lunacek-una-activista-gay-que-vende-la-pedofilia-como-educacion-sexual-interactiva\/","url_meta":{"origin":1164,"position":5},"title":"\u00bfQui\u00e9n es Lunacek? Una activista gay que vende la pedofilia como \u00abeducaci\u00f3n sexual interactiva\u00bb","date":"10 febrero 2014","format":false,"excerpt":"Articulo de Religi\u00f3n en libertad (Traducci\u00f3n de Helena Faccia Serrano, Alcal\u00e1 de Henares) (...) El controvertido \u201cinforme Lunacek\u201d, presentado como una \u00abagenda de ruta de la UE contra la homofobia y la discriminaci\u00f3n vinculada a la orientaci\u00f3n sexual y a la identidad de g\u00e9nero\u00bb, fue aprobado el martes en el\u2026","rel":"","context":"En \u00abAborto\u00bb","img":{"alt_text":"","src":"https:\/\/i1.wp.com\/catolicasmexico.com\/blog\/wp-content\/uploads\/2014\/02\/20140210-133236.jpg?resize=350%2C200","width":350,"height":200},"classes":[]}],"jetpack_likes_enabled":false,"jetpack_sharing_enabled":true,"_links":{"self":[{"href":"http:\/\/catolicasmexico.com\/blog\/wp-json\/wp\/v2\/posts\/1164"}],"collection":[{"href":"http:\/\/catolicasmexico.com\/blog\/wp-json\/wp\/v2\/posts"}],"about":[{"href":"http:\/\/catolicasmexico.com\/blog\/wp-json\/wp\/v2\/types\/post"}],"author":[{"embeddable":true,"href":"http:\/\/catolicasmexico.com\/blog\/wp-json\/wp\/v2\/users\/2"}],"replies":[{"embeddable":true,"href":"http:\/\/catolicasmexico.com\/blog\/wp-json\/wp\/v2\/comments?post=1164"}],"version-history":[{"count":4,"href":"http:\/\/catolicasmexico.com\/blog\/wp-json\/wp\/v2\/posts\/1164\/revisions"}],"predecessor-version":[{"id":1178,"href":"http:\/\/catolicasmexico.com\/blog\/wp-json\/wp\/v2\/posts\/1164\/revisions\/1178"}],"wp:featuredmedia":[{"embeddable":true,"href":"http:\/\/catolicasmexico.com\/blog\/wp-json\/wp\/v2\/media\/1166"}],"wp:attachment":[{"href":"http:\/\/catolicasmexico.com\/blog\/wp-json\/wp\/v2\/media?parent=1164"}],"wp:term":[{"taxonomy":"category","embeddable":true,"href":"http:\/\/catolicasmexico.com\/blog\/wp-json\/wp\/v2\/categories?post=1164"},{"taxonomy":"post_tag","embeddable":true,"href":"http:\/\/catolicasmexico.com\/blog\/wp-json\/wp\/v2\/tags?post=1164"}],"curies":[{"name":"wp","href":"https:\/\/api.w.org\/{rel}","templated":true}]}}