{"id":1151,"date":"2013-07-09T09:44:07","date_gmt":"2013-07-09T14:44:07","guid":{"rendered":"http:\/\/catolicasmexico.com\/blog\/?p=1151"},"modified":"2013-07-09T14:41:54","modified_gmt":"2013-07-09T19:41:54","slug":"el-gobernador-de-wisconsinscott-walker-firma-la-ley-sobre-las-nuevas-restricciones-al-aborto-y-planned-parenthood-promete-juicio","status":"publish","type":"post","link":"http:\/\/catolicasmexico.com\/blog\/el-gobernador-de-wisconsinscott-walker-firma-la-ley-sobre-las-nuevas-restricciones-al-aborto-y-planned-parenthood-promete-juicio\/","title":{"rendered":"El gobernador de Wisconsin,Scott Walker firma la ley sobre las nuevas restricciones al aborto y Planned Parenthood promete juicio."},"content":{"rendered":"<p><a href=\"http:\/\/catolicasmexico.com\/blog\/wp-content\/uploads\/2013\/07\/20130709-104330.jpg\"><img src=\"http:\/\/catolicasmexico.com\/blog\/wp-content\/uploads\/2013\/07\/20130709-104330.jpg\" alt=\"20130709-104330.jpg\" class=\"alignnone size-full\"  \/> <\/a><\/p>\n<p>En el blog de www.cqv.qc.ca  Original  en sitio de LifeSiteNews.<br \/>\nTraducci\u00f3n y edici\u00f3n libre: www.catolicasmexico.com<br \/>\nMADISON, WI, 05 de julio de 2013 (derecha nacional de noticias de la vida) &#8211; Este viernes, el gobernador de Wisconsin, Scott Walker firm\u00f3 el proyecto de ley 206 en el Senado (Sonya Act). Esta importante legislaci\u00f3n requiere que las mujeres que quieren abortar en Wisconsin tengan la oportunidad de ver al beb\u00e9 en un ultrasonido. (\u2026)<\/p>\n<p>Planned Parenthood de Wisconsin y los  servicios m\u00e9dicos afiliados han anunciado que presentar\u00e1n una denuncia Federal para desafiar la ley. (\u2026)<\/p>\n<p>l\u2019organisme Wisconsin Right to Life est\u00e1 sumamente agradecida con Sonya que vino a contar su historia. Sonya es la madre de dos ni\u00f1os peque\u00f1os, consideraba el aborto hasta que vio en un autob\u00fas la publicidad para el ultrasonido gratis. Despu\u00e9s de ver el latido de su beb\u00e9 en una ecograf\u00eda, Sonya se enamor\u00f3 de su beb\u00e9 y sab\u00eda que iba a dar a luz. (\u2026)<\/p>\n","protected":false},"excerpt":{"rendered":"<p>En el blog de www.cqv.qc.ca Original en sitio de LifeSiteNews. Traducci\u00f3n y edici\u00f3n libre: www.catolicasmexico.com MADISON, WI, 05 de julio de 2013 (derecha nacional de noticias de la vida) &#8211; Este viernes, el gobernador de Wisconsin, Scott Walker firm\u00f3 el proyecto de ley 206 en el Senado (Sonya Act). Esta importante legislaci\u00f3n requiere que las [&hellip;]<\/p>\n","protected":false},"author":2,"featured_media":1150,"comment_status":"open","ping_status":"open","sticky":false,"template":"","format":"standard","meta":{"spay_email":"","jetpack_publicize_message":"","jetpack_is_tweetstorm":false},"categories":[9,72,70],"tags":[],"aioseo_notices":[],"jetpack_featured_media_url":"http:\/\/catolicasmexico.com\/blog\/wp-content\/uploads\/2013\/07\/20130709-104330.jpg","jetpack_publicize_connections":[],"jetpack_shortlink":"https:\/\/wp.me\/p3B5XH-iz","jetpack-related-posts":[{"id":1278,"url":"http:\/\/catolicasmexico.com\/blog\/texas-limita-el-aborto-radio-canada-lamenta-el-progreso-de-estas-leyes-en-todas-partes-de-los-estados-unidos\/","url_meta":{"origin":1151,"position":0},"title":"Texas limita el aborto, Radio-Canada lamenta el progreso de estas leyes  en todas partes de los Estados Unidos","date":"15 julio 2013","format":false,"excerpt":"Del blog www.qcv.qc.ca del sitio Radio-Canada del 13 de julio de 2013. Traducci\u00f3n y edici\u00f3n libre www.catolicasmexico.com El Senado de Texas aprob\u00f3 el s\u00e1bado uno de los proyectos de ley m\u00e1s restrictivos de los Estados Unidos en materia de aborto. El texto proh\u00edbe abortos despu\u00e9s de 20 semanas de embarazo,\u2026","rel":"","context":"En \u00abAborto\u00bb","img":{"alt_text":"","src":"","width":0,"height":0},"classes":[]},{"id":1283,"url":"http:\/\/catolicasmexico.com\/blog\/el-gobernador-de-texas-no-teme-que-la-ley-que-restringe-el-aborto-sea-declarada-inconstitucional\/","url_meta":{"origin":1151,"position":1},"title":"El gobernador de Texas no teme que la ley que restringe el aborto sea declarada inconstitucional","date":"15 julio 2013","format":false,"excerpt":"EN CASO CONTRARIO, \u00abNO LA HUBI\u00c9RAMOS APROBADO\u00bb El gobernador de Texas no teme que la ley que restringe el aborto sea declarada inconstitucional El gobernador de Texas, Rick Perry, dijo el s\u00e1bado que la ley sobre el aborto que espera por su firma es constitucional y podr\u00e1 hacer frente a\u2026","rel":"","context":"En \u00abAborto\u00bb","img":{"alt_text":"","src":"","width":0,"height":0},"classes":[]},{"id":3958,"url":"http:\/\/catolicasmexico.com\/blog\/ocho-estados-han-dejado-de-subsidiar-planned-parenthood-luego-de-la-revelacion-de-los-videos-en-donde-se-demuestra-el-trafico-de-organos-de-bebes-abortados\/","url_meta":{"origin":1151,"position":2},"title":"Ocho Estados han dejado de subsidiar Planned Parenthood luego de la revelaci\u00f3n de los videos en donde se demuestra el tr\u00e1fico de organos de beb\u00e9s abortados.\u00a0","date":"14 agosto 2015","format":false,"excerpt":"En total, ocho Estados han dejado de asignar fondos a Planned Parenthood : Arizona, Arkansas, Colorado, Indiana, Louisiana, Ohio, Texas y Wisconsin.Alabama pone fin a la financiaci\u00f3n p\u00fablica a Planned Parenthood despu\u00e9s del esc\u00e1ndalo de tr\u00e1fico de \u00f3rganos de beb\u00e9s abortados. MONTGOMERY, AL, 06 de agosto de 2015 - el\u2026","rel":"","context":"En \u00abAborto\u00bb","img":{"alt_text":"","src":"https:\/\/i2.wp.com\/catolicasmexico.com\/blog\/wp-content\/uploads\/2015\/08\/IMG_2921.jpg?resize=350%2C200","width":350,"height":200},"classes":[]},{"id":1334,"url":"http:\/\/catolicasmexico.com\/blog\/dios-sea-alabado-se-promulgo-la-ley-que-restringe-el-aborto-en-texas\/","url_meta":{"origin":1151,"position":3},"title":"\u00a1Dios sea alabado!.. Se promulg\u00f3 la ley que restringe el aborto en Texas","date":"18 julio 2013","format":false,"excerpt":"Del blog www.cqv.cq.ca texto original journal La Presse du 18 juillet 2013 Traducci\u00f3n y edici\u00f3n libre www.catolicasmexico.com El gobernador de Texas, Rick Perry, emiti\u00f3 el jueves una ley que restringe la pr\u00e1ctica del aborto, esto podr\u00eda conducir al cierre de la mayor\u00eda de las cl\u00ednicas de aborto. Mas de 100\u2026","rel":"","context":"En \u00abAborto\u00bb","img":{"alt_text":"","src":"","width":0,"height":0},"classes":[]},{"id":2070,"url":"http:\/\/catolicasmexico.com\/blog\/texas-prohibe-el-aborto-a-partir-de-20-semanas-de-gestacion\/","url_meta":{"origin":1151,"position":4},"title":"Texas  prohibe el aborto a partir de 20 semanas de gestaci\u00f3n.","date":"15 noviembre 2013","format":false,"excerpt":"EE.UU.-(AGENCIALAVOZ)Desde el pasado 1 de noviembre entro en vigencia la nueva ley que restringe el aborto en el estado de Texas. La legislaci\u00f3n declara ilegal practicar abortos en el estado a partir de la semana 20 del embarazo, porque considera que entonces el feto ya puede sufrir dolor, ordena que\u2026","rel":"","context":"En \u00abAborto\u00bb","img":{"alt_text":"","src":"https:\/\/i1.wp.com\/catolicasmexico.com\/blog\/wp-content\/uploads\/2013\/11\/20131115-121216.jpg?resize=350%2C200","width":350,"height":200},"classes":[]},{"id":987,"url":"http:\/\/catolicasmexico.com\/blog\/el-gobernador-de-texas-rick-perry-convoca-a-una-sesion-extraordinaria-para-restringir-el-aborto\/","url_meta":{"origin":1151,"position":5},"title":"El gobernador de Texas Rick Perry, convoca a una sesi\u00f3n extraordinaria para restringir el aborto.","date":"28 junio 2013","format":false,"excerpt":"Del sitio www.qcv.qc.ca Traducci\u00f3n y edici\u00f3n www.catolicasmexico.com Wendy Davis, la senadora dem\u00f3crata por el estado de Texas, que pronunci\u00f3 un discurso de 13 horas este martes por la noche, para evitar la adopci\u00f3n de un proyecto de ley para restringir considerablemente el acceso al aborto en Texas, se convirti\u00f3 r\u00e1pidamente\u2026","rel":"","context":"En \u00abAborto\u00bb","img":{"alt_text":"","src":"","width":0,"height":0},"classes":[]}],"jetpack_likes_enabled":false,"jetpack_sharing_enabled":true,"_links":{"self":[{"href":"http:\/\/catolicasmexico.com\/blog\/wp-json\/wp\/v2\/posts\/1151"}],"collection":[{"href":"http:\/\/catolicasmexico.com\/blog\/wp-json\/wp\/v2\/posts"}],"about":[{"href":"http:\/\/catolicasmexico.com\/blog\/wp-json\/wp\/v2\/types\/post"}],"author":[{"embeddable":true,"href":"http:\/\/catolicasmexico.com\/blog\/wp-json\/wp\/v2\/users\/2"}],"replies":[{"embeddable":true,"href":"http:\/\/catolicasmexico.com\/blog\/wp-json\/wp\/v2\/comments?post=1151"}],"version-history":[{"count":2,"href":"http:\/\/catolicasmexico.com\/blog\/wp-json\/wp\/v2\/posts\/1151\/revisions"}],"predecessor-version":[{"id":1163,"href":"http:\/\/catolicasmexico.com\/blog\/wp-json\/wp\/v2\/posts\/1151\/revisions\/1163"}],"wp:featuredmedia":[{"embeddable":true,"href":"http:\/\/catolicasmexico.com\/blog\/wp-json\/wp\/v2\/media\/1150"}],"wp:attachment":[{"href":"http:\/\/catolicasmexico.com\/blog\/wp-json\/wp\/v2\/media?parent=1151"}],"wp:term":[{"taxonomy":"category","embeddable":true,"href":"http:\/\/catolicasmexico.com\/blog\/wp-json\/wp\/v2\/categories?post=1151"},{"taxonomy":"post_tag","embeddable":true,"href":"http:\/\/catolicasmexico.com\/blog\/wp-json\/wp\/v2\/tags?post=1151"}],"curies":[{"name":"wp","href":"https:\/\/api.w.org\/{rel}","templated":true}]}}