{"id":1125,"date":"2013-07-08T10:50:03","date_gmt":"2013-07-08T15:50:03","guid":{"rendered":"http:\/\/catolicasmexico.com\/blog\/?p=1125"},"modified":"2013-07-08T12:13:23","modified_gmt":"2013-07-08T17:13:23","slug":"mientras-la-vieja-europa-celebra-el-dia-del-orgullo-gay-rusia-festeja-el-dia-de-la-familia-el-amor-y-la-fidelidad","status":"publish","type":"post","link":"http:\/\/catolicasmexico.com\/blog\/mientras-la-vieja-europa-celebra-el-dia-del-orgullo-gay-rusia-festeja-el-dia-de-la-familia-el-amor-y-la-fidelidad\/","title":{"rendered":"Mientras la vieja Europa celebra el D\u00eda del Orgullo Gay, Rusia festeja el D\u00eda de la Familia, el Amor y la Fidelidad."},"content":{"rendered":"<p><a href=\"http:\/\/catolicasmexico.com\/blog\/wp-content\/uploads\/2013\/07\/20130708-1144231.jpg\"><img src=\"http:\/\/catolicasmexico.com\/blog\/wp-content\/uploads\/2013\/07\/20130708-1144231.jpg\" alt=\"20130708-114423.jpg\" class=\"alignnone size-full\"  \/> <\/a><\/p>\n<p>Art\u00edculo de alertadigital<br \/>\nVR.- En Rusia comienzan hoy las actividades festivas por el D\u00eda Nacional de la Familia, el Amor y la Fidelidad. Tradicionalmente, esta fiesta, que se celebra a escala nacional desde 2008, coincide en el calendario ortodoxo con el D\u00eda de San Pedro y Santa Fevronia: el 8 de julio. Pero este a\u00f1o, dado que el 8 de julio es lunes, los festejos comienzan con antelaci\u00f3n, este fin de semana no laborable.<\/p>\n<p>Al igual que el a\u00f1o pasado, las principales actividades tienen lugar en la antigua ciudad rusa de Murom, donde surgi\u00f3 la tradici\u00f3n moderna de festejar esta fiesta de la familia, el amor y la fidelidad. De acuerdo a la leyenda, los esposos Pedro y Fevronia, santos patronos del matrimonio y la familia, viv\u00edan en Murom. Murieron el mismo d\u00eda y sus restos se exponen actualmente en la catedral del Monasterio de Santa Trinidad de Murom.<\/p>\n<p>El obispo de Or\u00e9jovo-Z\u00faevo, Panteleim\u00f3n, vicepresidente de la comisi\u00f3n patriarcal para la Familia y la Protecci\u00f3n de la Maternidad, aclara: \u201cSu gran amor y fidelidad es un ejemplo para todos nosotros. Hay una leyenda que reza que Fevronia era una campesina sencilla, hija de un apicultor trepador de \u00e1rboles. Su matrimonio con el pr\u00edncipe Pedro fue criticado por muchos en aquel entonces. Fevronia ayud\u00f3 a su marino a recuperarse cuando estaba mal de salud y no acept\u00f3 el dinero que se le hab\u00eda ofrecido para que se marchara dej\u00e1ndolo solo. Entonces, enfrentado a la necesidad de escoger entre casarse con una pobre o ascender al trono de pr\u00edncipe, Pedro opt\u00f3 por el matrimonio y la felicidad familiar\u201d.<\/p>\n<p>El programa festivo en Murom incluye muchas actividades, entre ellas, un espect\u00e1culo teatral interactivo, una exposici\u00f3n fotogr\u00e1fica bajo el t\u00edtulo de \u201cLa nave de la felicidad familiar\u201d, un homenaje a las parejas casadas m\u00e1s de veinticinco a\u00f1os y un concierto de m\u00fasica cl\u00e1sica y espiritual.<\/p>\n<p>Los festejos tendr\u00e1n lugar en todas las ciudades rusas. Rita Shli\u00e1jova, presidente de relaciones p\u00fablicas de la administraci\u00f3n de la regi\u00f3n de Vlad\u00edmir, nos habla de la grata sorpresa que las autoridades locales tienen preparada para la poblaci\u00f3n en la fiesta: \u201cHemos acordado premiar a las parejas con muchos a\u00f1os de matrimonio con un monto de cincuenta mil rublos para las que llevan cincuenta a\u00f1os de casados y sesenta mil rublos para las que llevan sesenta a\u00f1os. Hay parejas que llevan setenta a\u00f1os de casados, el premio para ellos ser\u00e1 de setenta mil rublos. En total, son setecientas noventa familias que vamos a premiar con dinero del presupuesto regional\u201d.<\/p>\n<p>La capital del pa\u00eds tambi\u00e9n celebra el D\u00eda de la Familia, el Amor y la Fidelidad. Vlad\u00edmir Fil\u00edppov, vicedirector del departamento de cultura en el Gobierno de Mosc\u00fa, comenta: \u201cVamos a mantener todas las tradiciones festivas, pero la celebraci\u00f3n ser\u00e1 mucho m\u00e1s amplia. Habr\u00e1 m\u00e1s de mil actividades y el evento central ser\u00e1 el Festival Interactivo \u201cPersonas extraordinarias\u201d con numerosos concursos de manualidades para el p\u00fablico. El 7 de julio celebraremos una gran fiesta en el territorio del museo-reserva Tsar\u00edtsino. El 8 de julio, Mosc\u00fa condecorar\u00e1 a las parejas con muchos a\u00f1os de matrimonio y muchos hijos con el distintivo de honor \u201cGloria Paterna\u201d. Este a\u00f1o, ser\u00e1n veintinueve.<\/p>\n<p>La v\u00edspera del D\u00eda de la Familia, el Amor y la Fidelidad, Mosc\u00fa ser\u00e1 escenario de un carnaval de bodas y un baile de la manzanilla. Esta blanca flor es considerada como s\u00edmbolo de la fiesta de la familia. Desde anta\u00f1o se la asocia con la pureza y la fidelidad.<\/p>\n<p>Hace ya varios a\u00f1os que la fiesta de la familia se celebra ampliamente tambi\u00e9n fuera de Rusia, en pa\u00edses como Ucrania, Bielorrusia, Abjasia, Azerbaiy\u00e1n, Bulgaria, Rep\u00fablica Checa, Francia, Gran Breta\u00f1a y algunos pa\u00edses de \u00c1frica y Am\u00e9rica Latina. Este a\u00f1o, los festejos coinciden con el D\u00eda Mundial del Beso. Esta fiesta surgi\u00f3 en Gran Breta\u00f1a, a finales del siglo XIX, y a finales del siglo XX, fue aprobada por la ONU como una fiesta internacional.<\/p>\n","protected":false},"excerpt":{"rendered":"<p>Art\u00edculo de alertadigital VR.- En Rusia comienzan hoy las actividades festivas por el D\u00eda Nacional de la Familia, el Amor y la Fidelidad. Tradicionalmente, esta fiesta, que se celebra a escala nacional desde 2008, coincide en el calendario ortodoxo con el D\u00eda de San Pedro y Santa Fevronia: el 8 de julio. Pero este a\u00f1o, [&hellip;]<\/p>\n","protected":false},"author":2,"featured_media":1124,"comment_status":"open","ping_status":"open","sticky":false,"template":"","format":"standard","meta":{"spay_email":"","jetpack_publicize_message":"","jetpack_is_tweetstorm":false},"categories":[15],"tags":[],"aioseo_notices":[],"jetpack_featured_media_url":"http:\/\/catolicasmexico.com\/blog\/wp-content\/uploads\/2013\/07\/20130708-1144231.jpg","jetpack_publicize_connections":[],"jetpack_shortlink":"https:\/\/wp.me\/p3B5XH-i9","jetpack-related-posts":[{"id":2217,"url":"http:\/\/catolicasmexico.com\/blog\/hoy-la-iglesia-celebra-a-la-virgen-de-guadalupe-patrona-de-america\/","url_meta":{"origin":1125,"position":0},"title":"Hoy la Iglesia celebra a la Virgen de Guadalupe, Patrona de Am\u00e9rica","date":"12 diciembre 2013","format":false,"excerpt":"LIMA, 12 Dic. 13 \/ 12:04 am (ACI).- Hoy 12 de diciembre fieles en el mundo entero festejan a Nuestra Se\u00f1ora de Guadalupe, Patrona de M\u00e9xico y Emperatriz de Am\u00e9rica, y en el marco de esta fecha el Papa Francisco se\u00f1al\u00f3 que la aparici\u00f3n de la Madre de Dios en\u2026","rel":"","context":"En \u00abFe\u00bb","img":{"alt_text":"","src":"","width":0,"height":0},"classes":[]},{"id":3224,"url":"http:\/\/catolicasmexico.com\/blog\/10-de-julio-festividad-de-los-siete-hermanos-martires\/","url_meta":{"origin":1125,"position":1},"title":"10 de Julio, Festividad de los siete hermanos m\u00e1rtires","date":"10 julio 2014","format":false,"excerpt":"Del sitio El Cruzamante. El tema de hoy ocurri\u00f3 unos doscientos a\u00f1os despu\u00e9s del nacimiento de Cristo. En esa \u00e9poca viv\u00eda en Roma una noble viuda cristiana, llamada Felicitas, que ten\u00eda tambi\u00e9n siete hijos, guapos muchachos y fervorosos disc\u00edpulos de Cristo. Todos ellos fueron encarcelados por la fe. Siguiendo el\u2026","rel":"","context":"En \u00abFe\u00bb","img":{"alt_text":"","src":"","width":0,"height":0},"classes":[]},{"id":4367,"url":"http:\/\/catolicasmexico.com\/blog\/los-catolicos-no-pueden-aceptar-elementos-de-la-exhortacion-del-papa-que-amenazan-la-fe-y-la-familia\/","url_meta":{"origin":1125,"position":2},"title":"Los cat\u00f3licos no pueden aceptar elementos de la exhortaci\u00f3n  que amenazan la fe y la familia","date":"20 abril 2016","format":false,"excerpt":"8 de abril de 2016 (Voice of the Family) \u2013 La promulgaci\u00f3n de la exhortaci\u00f3n apost\u00f3lica Amoris Laetitia que marca la conclusi\u00f3n de un proceso sinodal que ha sido dominado por los intentos de socavar la ense\u00f1anza cat\u00f3lica sobre las cuestiones relativas a la vida humana, el matrimonio y la\u2026","rel":"","context":"En \u00abAborto\u00bb","img":{"alt_text":"","src":"https:\/\/i2.wp.com\/catolicasmexico.com\/blog\/wp-content\/uploads\/2016\/04\/IMG_0531.jpg?resize=350%2C200","width":350,"height":200},"classes":[]},{"id":2589,"url":"http:\/\/catolicasmexico.com\/blog\/dia-vergonzoso-para-quebec\/","url_meta":{"origin":1125,"position":3},"title":"D\u00eda vergonzoso para Quebec.","date":"13 febrero 2014","format":false,"excerpt":"Del sitio www.cqv.cq.ca traducci\u00f3n y edici\u00f3n libre www.catolicas mexico.com El dia de ayer en apoyo a los atletas gays del mundo (debido a las medidas pro familia y contra la propaganda homosexual para los ni\u00f1os, que implement\u00f3 Vladimir Putin en Rusia) la provincia de Quebec mando a izar la bandera\u2026","rel":"","context":"En \u00abCanada.\u00bb","img":{"alt_text":"","src":"","width":0,"height":0},"classes":[]},{"id":2750,"url":"http:\/\/catolicasmexico.com\/blog\/hoy-la-iglesia-celebra-a-san-jose-el-castisimo-esposo-de-la-virgen-maria\/","url_meta":{"origin":1125,"position":4},"title":"Hoy la Iglesia celebra a San Jos\u00e9, el cast\u00edsimo esposo de la Virgen Mar\u00eda","date":"19 marzo 2014","format":false,"excerpt":"LIMA, 19 Mar. 14 \/ 12:04 am (ACI).- Hoy 19 de marzo la Iglesia Universal celebra la fiesta del verdadero esposo virginal de la Madre de Dios, San Jos\u00e9, el padre adoptivo de Jesucristo, el var\u00f3n prudente y justo que con paternal amor cuida al mundo entero. San Jos\u00e9 desde\u2026","rel":"","context":"En \u00abFamilia\u00bb","img":{"alt_text":"","src":"https:\/\/i1.wp.com\/catolicasmexico.com\/blog\/wp-content\/uploads\/2014\/03\/20140319-1202221.jpg?resize=350%2C200","width":350,"height":200},"classes":[]},{"id":2689,"url":"http:\/\/catolicasmexico.com\/blog\/mexico-posee-campeonatos-negros-y-medallas-de-la-verguenza\/","url_meta":{"origin":1125,"position":5},"title":"M\u00e9xico posee \"campeonatos negros\u201d y \u201cmedallas de la verguenza\u201d.","date":"10 marzo 2014","format":false,"excerpt":"Comentario www.catolicasmexico.com Este articulo, muestra la decadencia moral de nuestro pa\u00eds, la cantidad alarmante de suicidios, de pornograf\u00eda infantil entre otros. Hace unos a\u00f1os esto se ve\u00eda solo en el extranjero, lo ve\u00edamos como algo lejano y ajeno a nosotros, \u00bfqu\u00e9 nos est\u00e1 pasando? Lo que sucede es que hemos\u2026","rel":"","context":"En \u00abFamilia\u00bb","img":{"alt_text":"","src":"","width":0,"height":0},"classes":[]}],"jetpack_likes_enabled":false,"jetpack_sharing_enabled":true,"_links":{"self":[{"href":"http:\/\/catolicasmexico.com\/blog\/wp-json\/wp\/v2\/posts\/1125"}],"collection":[{"href":"http:\/\/catolicasmexico.com\/blog\/wp-json\/wp\/v2\/posts"}],"about":[{"href":"http:\/\/catolicasmexico.com\/blog\/wp-json\/wp\/v2\/types\/post"}],"author":[{"embeddable":true,"href":"http:\/\/catolicasmexico.com\/blog\/wp-json\/wp\/v2\/users\/2"}],"replies":[{"embeddable":true,"href":"http:\/\/catolicasmexico.com\/blog\/wp-json\/wp\/v2\/comments?post=1125"}],"version-history":[{"count":2,"href":"http:\/\/catolicasmexico.com\/blog\/wp-json\/wp\/v2\/posts\/1125\/revisions"}],"predecessor-version":[{"id":1127,"href":"http:\/\/catolicasmexico.com\/blog\/wp-json\/wp\/v2\/posts\/1125\/revisions\/1127"}],"wp:featuredmedia":[{"embeddable":true,"href":"http:\/\/catolicasmexico.com\/blog\/wp-json\/wp\/v2\/media\/1124"}],"wp:attachment":[{"href":"http:\/\/catolicasmexico.com\/blog\/wp-json\/wp\/v2\/media?parent=1125"}],"wp:term":[{"taxonomy":"category","embeddable":true,"href":"http:\/\/catolicasmexico.com\/blog\/wp-json\/wp\/v2\/categories?post=1125"},{"taxonomy":"post_tag","embeddable":true,"href":"http:\/\/catolicasmexico.com\/blog\/wp-json\/wp\/v2\/tags?post=1125"}],"curies":[{"name":"wp","href":"https:\/\/api.w.org\/{rel}","templated":true}]}}