{"id":1120,"date":"2013-07-08T10:26:17","date_gmt":"2013-07-08T15:26:17","guid":{"rendered":"http:\/\/catolicasmexico.com\/blog\/?p=1120"},"modified":"2013-07-09T14:39:51","modified_gmt":"2013-07-09T19:39:51","slug":"seis-estudiantes-entre-11-y-12-anos-de-edad-son-enviados-al-hospital-al-desmayarsedurante-una-clase-de-educacion-grafica-en-borken-alemania","status":"publish","type":"post","link":"http:\/\/catolicasmexico.com\/blog\/seis-estudiantes-entre-11-y-12-anos-de-edad-son-enviados-al-hospital-al-desmayarsedurante-una-clase-de-educacion-grafica-en-borken-alemania\/","title":{"rendered":"Seis estudiantes entre 11 y 12 a\u00f1os de edad son enviados al hospital al desmayarse,durante una clase de educaci\u00f3n gr\u00e1fica en Borken, Alemania."},"content":{"rendered":"<p><a href=\"http:\/\/catolicasmexico.com\/blog\/wp-content\/uploads\/2013\/07\/20130709-1539123.jpg\"><img src=\"http:\/\/catolicasmexico.com\/blog\/wp-content\/uploads\/2013\/07\/20130709-1539123.jpg\" alt=\"20130709-153912.jpg\" class=\"alignnone size-full\"  \/> <\/a><\/p>\n<p>Alemania, 3 de julio del2013 (LifeSiteNews.com) &#8211; Una clase de educaci\u00f3n sexual en la escuela llamada Remigianum Gymnasium en Borken tom\u00f3 un extra\u00f1o giro cuando, seis estudiantes entre 11 y 12 a\u00f1os de edad se fueron desmayando y cayendo de su escritorios, uno por uno.<br \/>\nSe les hab\u00eda dado a los ni\u00f1os dibujos esquem\u00e1ticos de los genitales masculinos y femeninos, y su maestro les dio instrucciones para que les pusieran nombre y  para colorearlas.<br \/>\nEl profesor de biolog\u00eda (nombre an\u00f3nimo) cont\u00f3 que los estudiantes comenzaron a comportarse de manera alarmante, y cuando una de los ni\u00f1as estaba observando a otro ni\u00f1o que se estaba poniendo p\u00e1lido y todo silencioso, se desmay\u00f3. Posteriormente cinco ni\u00f1os m\u00e1s se fueron desmayando. El profesor todo aterrorizado llam\u00f3 a una ambulancia y los ni\u00f1os fueron llevados al hospital, donde todos menos uno que se qued\u00f3 debido a una infecci\u00f3n no relacionada con el incidente, fueron atendidos y dados de alta.<br \/>\n\u00abFue un momento de horror,\u00bb uno de los ni\u00f1os le dijo al peri\u00f3dico DerWesten.<br \/>\nDorothea Meerkotter, directora de la escuela, dijo que ella cre\u00eda que el primer ni\u00f1o en perder la conciencia estaba sufriendo de un problema circulatorio y que provoc\u00f3 una reacci\u00f3n en cadena en los dem\u00e1s ni\u00f1os.<br \/>\nCuando los periodistas le preguntaron al profesor de biolog\u00eda qu\u00e9 pudo haber causado esa \u00abreacci\u00f3n misteriosa\u00bb de los estudiantes, dijo que estaba sorprendido por la situaci\u00f3n y que \u00abno pod\u00eda identificar la causa.\u00bb<br \/>\nSin embargo el servicio de noticias polaca Polonia Cristiana, inform\u00f3 que el profesor dijo que el m\u00e9todo que hab\u00eda usado para la presentaci\u00f3n de la lecci\u00f3n y habiendo dando a los ni\u00f1os la tarea de colorear en las fotos puedo haber sido \u00abuna shock o conmoci\u00f3n \u00bb para ellos.<br \/>\nPolonia Cristiana tambi\u00e9n inform\u00f3 que adem\u00e1s de los dibujos esquem\u00e1ticos, el maestro hab\u00eda detallado \u00abmodelos educativos\u00bb de los genitales en el aula.<br \/>\nEl Director Meerkotter neg\u00f3 las acusaciones de que la clase tambi\u00e9n hab\u00eda visto un video sobre la circuncisi\u00f3n, pero dijo que la escuela  \u00abaprender\u00eda la lecci\u00f3n\u00bb por lo ocurrido debido a su reputaci\u00f3n como \u00abprogresistas o modernas\u00bb.<\/p>\n","protected":false},"excerpt":{"rendered":"<p>Alemania, 3 de julio del2013 (LifeSiteNews.com) &#8211; Una clase de educaci\u00f3n sexual en la escuela llamada Remigianum Gymnasium en Borken tom\u00f3 un extra\u00f1o giro cuando, seis estudiantes entre 11 y 12 a\u00f1os de edad se fueron desmayando y cayendo de su escritorios, uno por uno. Se les hab\u00eda dado a los ni\u00f1os dibujos esquem\u00e1ticos de [&hellip;]<\/p>\n","protected":false},"author":2,"featured_media":1161,"comment_status":"open","ping_status":"open","sticky":false,"template":"","format":"standard","meta":{"spay_email":"","jetpack_publicize_message":"","jetpack_is_tweetstorm":false},"categories":[17,15],"tags":[],"aioseo_notices":[],"jetpack_featured_media_url":"http:\/\/catolicasmexico.com\/blog\/wp-content\/uploads\/2013\/07\/20130709-1539123.jpg","jetpack_publicize_connections":[],"jetpack_shortlink":"https:\/\/wp.me\/p3B5XH-i4","jetpack-related-posts":[{"id":2082,"url":"http:\/\/catolicasmexico.com\/blog\/cuando-veas-las-barbas-de-tu-vecino-la-isla-del-principe-eduardo-canada-ofrece-educacion-sexual-a-los-ninos-que-es-mas-bien-una-puerta-abierta-a-la-pedofilia\/","url_meta":{"origin":1120,"position":0},"title":"Cuando veas las barbas de tu vecino: \u00a1La Isla del pr\u00edncipe Eduardo (Canad\u00e1) ofrece \"educaci\u00f3n sexual\" a los ni\u00f1os  que es m\u00e1s bien una puerta abierta a la pedofilia\u00a1","date":"19 noviembre 2013","format":false,"excerpt":"Delsitio de www.cqv.cq.cq En el sitio del Socon del 15 de noviembre de 2013 (Comentario sobre la informaci\u00f3n de LifeSiteNews) Traducci\u00f3n y edici\u00f3n libre www.catolicasmexico.com Resumen de dicha gu\u00eda: El Comportamiento \"Sano y natural\" para los ni\u00f1os menores de cinco a\u00f1os es el siguiente: -'Tocar las \"partes privadas\" de familiares\u2026","rel":"","context":"En \u00abCanada.\u00bb","img":{"alt_text":"","src":"","width":0,"height":0},"classes":[]},{"id":3078,"url":"http:\/\/catolicasmexico.com\/blog\/clases-de-civismo-en-francia-matrimonio-entre-personas-del-mismo-sexo\/","url_meta":{"origin":1120,"position":1},"title":"Clases de civismo en Francia: matrimonio entre personas del mismo sexo.","date":"22 junio 2014","format":false,"excerpt":"En Francia fue organizado una simulaci\u00f3n de matrimonio entre homosexuales con ni\u00f1os de 11 a\u00f1os en la clase de civismo. Del sitio www.cqv.cq.ca original del sitio www.valeursactuelles.com traducci\u00f3n y edici\u00f3n libre www.catolicas mexico.com \"Como Aprender civismo\" El colegio de la aldea de Saint-Pol, en Breta\u00f1a, tiene una forma especial de\u2026","rel":"","context":"En \u00abEducaci\u00f3n\u00bb","img":{"alt_text":"","src":"https:\/\/i0.wp.com\/catolicasmexico.com\/blog\/wp-content\/uploads\/2014\/06\/20140623-0857361.jpg?resize=350%2C200","width":350,"height":200},"classes":[]},{"id":2267,"url":"http:\/\/catolicasmexico.com\/blog\/la-organizacion-mundial-de-la-salud-oms-tiene-un-programa-de-sexualidad-depravada-para-los-ninos\/","url_meta":{"origin":1120,"position":2},"title":"La Organizaci\u00f3n  Mundial de la Salud (OMS) tiene un programa de sexualidad depravada para los ni\u00f1os.","date":"23 diciembre 2013","format":false,"excerpt":"Del sitio www.cqv.cq.ca original del sitio Citizen Go.traducci\u00f3n y edici\u00f3n libre www.catolicasmexico.com \u00bfConoces el informe 'Las normas de educaci\u00f3n sexual en Europa'? Es una gu\u00eda para los gobiernos, europeos realizado por la oficina de la organizaci\u00f3n Mundial de la Salud (OMS) conjuntamente con la agencia del gobierno alem\u00e1n para la\u2026","rel":"","context":"En \u00abAborto\u00bb","img":{"alt_text":"","src":"https:\/\/i2.wp.com\/catolicasmexico.com\/blog\/wp-content\/uploads\/2013\/12\/20131223-200813.jpg?resize=350%2C200","width":350,"height":200},"classes":[]},{"id":1739,"url":"http:\/\/catolicasmexico.com\/blog\/el-gobierno-aleman-y-su-sistema-de-educacion-totalitario\/","url_meta":{"origin":1120,"position":3},"title":"El gobierno Alem\u00e1n y su sistema de educaci\u00f3n totalitario","date":"3 septiembre 2013","format":false,"excerpt":"\u00a0 El jueves, a las 8 la Familia Wunderlich, Dirk, Petra y sus cuatro hijos, comenzaron su d\u00eda de escuela en casa. Todo parec\u00eda tranquilo en su casa en las cercan\u00edas de Darmstadt. Pero de repente, son\u00f3 el timbre. A trav\u00e9s de la ventana, el padre vi\u00f3 un verdadero ej\u00e9rcito\u2026","rel":"","context":"En \u00abEducaci\u00f3n\u00bb","img":{"alt_text":"","src":"https:\/\/i2.wp.com\/catolicasmexico.com\/blog\/wp-content\/uploads\/2013\/09\/famille-wunderlich.jpg?resize=350%2C200","width":350,"height":200},"classes":[]},{"id":1443,"url":"http:\/\/catolicasmexico.com\/blog\/la-administracion-obama-obliga-al-distrito-escolar-a-autorizar-que-una-adolescente-use-el-bano-de-las-duchas-y-los-dormitorios-de-varones\/","url_meta":{"origin":1120,"position":4},"title":"La administraci\u00f3n OBAMA obliga  al distrito escolar a autorizar  que una adolescente use el ba\u00f1o de las duchas y los dormitorios de varones.","date":"29 julio 2013","format":false,"excerpt":"ARCADIA, CA, 25 de julio de 2013 (LifeSiteNews.com) Traducci\u00f3n y edici\u00f3n libre Monica Y.A. de www.catolicasmexico.com El Departamento de Justicia del gobierno de Obama ha presionado a una escuela distrital de California para permitir que una estudiante de primer a\u00f1o de secundaria que es anat\u00f3micamente femenino y que se identifica\u2026","rel":"","context":"En \u00abEEUU\u00bb","img":{"alt_text":"","src":"","width":0,"height":0},"classes":[]},{"id":2060,"url":"http:\/\/catolicasmexico.com\/blog\/ataque-espiritual-en-las-escuelas-de-quebec-los-ninos-se-les-ensena-practicas-de-la-nueva-era\/","url_meta":{"origin":1120,"position":5},"title":"Ataque espiritual: en las escuelas de Quebec a los ni\u00f1os se les ense\u00f1a las pr\u00e1cticas de \"La Nueva Era\".","date":"13 noviembre 2013","format":false,"excerpt":"por Peter Baklinski. Del sitio www. cqv.qc.ca traducci\u00f3n y edici\u00f3n libre www.catolicasmexico.com Qu\u00e9bec, 18 de octubre de 2013 (LifeSiteNews.com) - est\u00e1 comprobado que 'animadores espirituales' en Quebec inician a los estudiantes a la meditaci\u00f3n de la nueva era,con ejercicios y sesiones de respiraci\u00f3n r\u00edtmica. \"Entienden bastante f\u00e1cil y bastante r\u00e1pido\",\u2026","rel":"","context":"En \u00abCanada.\u00bb","img":{"alt_text":"","src":"","width":0,"height":0},"classes":[]}],"jetpack_likes_enabled":false,"jetpack_sharing_enabled":true,"_links":{"self":[{"href":"http:\/\/catolicasmexico.com\/blog\/wp-json\/wp\/v2\/posts\/1120"}],"collection":[{"href":"http:\/\/catolicasmexico.com\/blog\/wp-json\/wp\/v2\/posts"}],"about":[{"href":"http:\/\/catolicasmexico.com\/blog\/wp-json\/wp\/v2\/types\/post"}],"author":[{"embeddable":true,"href":"http:\/\/catolicasmexico.com\/blog\/wp-json\/wp\/v2\/users\/2"}],"replies":[{"embeddable":true,"href":"http:\/\/catolicasmexico.com\/blog\/wp-json\/wp\/v2\/comments?post=1120"}],"version-history":[{"count":3,"href":"http:\/\/catolicasmexico.com\/blog\/wp-json\/wp\/v2\/posts\/1120\/revisions"}],"predecessor-version":[{"id":1162,"href":"http:\/\/catolicasmexico.com\/blog\/wp-json\/wp\/v2\/posts\/1120\/revisions\/1162"}],"wp:featuredmedia":[{"embeddable":true,"href":"http:\/\/catolicasmexico.com\/blog\/wp-json\/wp\/v2\/media\/1161"}],"wp:attachment":[{"href":"http:\/\/catolicasmexico.com\/blog\/wp-json\/wp\/v2\/media?parent=1120"}],"wp:term":[{"taxonomy":"category","embeddable":true,"href":"http:\/\/catolicasmexico.com\/blog\/wp-json\/wp\/v2\/categories?post=1120"},{"taxonomy":"post_tag","embeddable":true,"href":"http:\/\/catolicasmexico.com\/blog\/wp-json\/wp\/v2\/tags?post=1120"}],"curies":[{"name":"wp","href":"https:\/\/api.w.org\/{rel}","templated":true}]}}