{"id":1115,"date":"2013-07-08T10:26:48","date_gmt":"2013-07-08T15:26:48","guid":{"rendered":"http:\/\/catolicasmexico.com\/blog\/?p=1115"},"modified":"2013-07-08T10:26:48","modified_gmt":"2013-07-08T15:26:48","slug":"el-comite-de-etica-del-gobierno-de-francia-rechaza-la-legalizacion-del-suicidio-asistido","status":"publish","type":"post","link":"http:\/\/catolicasmexico.com\/blog\/el-comite-de-etica-del-gobierno-de-francia-rechaza-la-legalizacion-del-suicidio-asistido\/","title":{"rendered":"El Comit\u00e9 de \u00c9tica del gobierno de Francia rechaza la legalizaci\u00f3n del suicidio asistido."},"content":{"rendered":"<p><a href=\"http:\/\/catolicasmexico.com\/blog\/wp-content\/uploads\/2013\/07\/20130708-112422.jpg\"><img src=\"http:\/\/catolicasmexico.com\/blog\/wp-content\/uploads\/2013\/07\/20130708-112422.jpg\" alt=\"20130708-112422.jpg\" class=\"alignnone size-full\"  \/> <\/a><\/p>\n<p>Por Alex Schadenberg.<br \/>\nTraducci\u00f3n y edici\u00f3n libre Alejandro P. de www.catolicasmexico.com<\/p>\n<p>Coalici\u00f3n de prevenci\u00f3n de la eutanasia<\/p>\n<p>El Comit\u00e9 Consultivo Oficial de \u00c9tica de Francia(CCNE de Francia) ha rechazado la legalizaci\u00f3n del suicidio asistido despu\u00e9s de un voto mayoritario.<\/p>\n<p>La Comisi\u00f3n encargada de investigar la cuesti\u00f3n de la eutanasia y formular recomendaciones, vot\u00f3 contra el suicidio asistido al estilo suizo, donde el medicamento letal deliberadamente se da a un paciente. La votaci\u00f3n se hizo p\u00fablica el lunes, 1 de julio.<\/p>\n<p>En diciembre pasado, la CCNE de Francia rechaz\u00f3 la legalizaci\u00f3n de la eutanasia. El informe del Comit\u00e9 Consultatif National d&#8217;Ethique, que examina las cuestiones de la eutanasia y el suicidio asistido concluy\u00f3 que el suicidio asistido podr\u00eda legalizarse pero se opuso a la eutanasia. El Comit\u00e9 declar\u00f3 que la eutanasia es:\u00bbun gesto m\u00e9dico radical\u00bb que cruza \u00abla barrera prohibida\u00bb \u2013 y era poco pr\u00e1ctico e inmoral.<\/p>\n<p>El informe \u00abCritica severamente el servicio m\u00e9dico que reciben actualmente los pacientes con enfermedades terminales en Francia y pidi\u00f3 el desarrollo de mejores cuidados paliativos\u00bb y destac\u00f3 el uso moral de la sedaci\u00f3n paliativa en lugar de la eutanasia o el suicidio asistido.<\/p>\n<p>Una encuesta que fue lanzada en enero de 2012 se\u00f1al\u00f3 que el 60% de las personas en Francia prefiere las mejoras de los cuidados paliativos que legalizar la eutanasia.<\/p>\n<p>Un informe de Reuters indic\u00f3 que Francois Hollande el presidente de Francia, presentar\u00e1 un proyecto de ley, m\u00e1s adelante este a\u00f1o, para legalizar la eutanasia. El proyecto de ley de eutanasia ser\u00eda contrario a las recomendaciones de la Comisi\u00f3n Consultiva de \u00e9tica.<\/p>\n<p>En febrero, el Consejo de \u00e9tica dijo que era un \u00abdeber humano\u00bb, y donde hay \u00abpersistentes, l\u00facidas y repetidas peticiones de alguien sufriendo una dolencia para la cual su tratamiento se ha vuelto ineficaz,\u00bb debe ser legal de retirar ese tratamiento y permitir que los individuos puedan morir.<\/p>\n<p>Pero dijo al mismo tiempo que la condici\u00f3n del paciente debe ser verificada \u00abno por un \u00fanico m\u00e9dico sino un equipo m\u00e9dico\u00bb y no us\u00f3 el t\u00e9rmino eutanasia, pero habl\u00f3 de \u00abmuerte asistida\u00bb.<\/p>\n<p>El Comit\u00e9 tambi\u00e9n ha sido enf\u00e1tico en descartar las cl\u00ednicas de suicidio asistido de estilo suizo como Dignitas, donde  individuos que no sufren necesariamente de enfermedades terminales o incurables, se ofrecen como voluntarios para recibir inyecciones letales, para acabar con sus vidas.<\/p>\n<p>El a\u00f1o pasado, varios grupos de oposici\u00f3n a la eutanasia organizaron m\u00edtines eficaces.<\/p>\n<p>La coalici\u00f3n de prevenci\u00f3n de la eutanasia predice que el gobierno de Francia se enfrentar\u00e1 a una oposici\u00f3n masiva a su proyecto de ley de eutanasia. Tambi\u00e9n predecimos que se derrotar\u00e1 la ley de la eutanasia en Francia.<\/p>\n","protected":false},"excerpt":{"rendered":"<p>Por Alex Schadenberg. Traducci\u00f3n y edici\u00f3n libre Alejandro P. de www.catolicasmexico.com Coalici\u00f3n de prevenci\u00f3n de la eutanasia El Comit\u00e9 Consultivo Oficial de \u00c9tica de Francia(CCNE de Francia) ha rechazado la legalizaci\u00f3n del suicidio asistido despu\u00e9s de un voto mayoritario. La Comisi\u00f3n encargada de investigar la cuesti\u00f3n de la eutanasia y formular recomendaciones, vot\u00f3 contra el [&hellip;]<\/p>\n","protected":false},"author":5,"featured_media":1118,"comment_status":"open","ping_status":"open","sticky":false,"template":"","format":"standard","meta":{"spay_email":"","jetpack_publicize_message":"","jetpack_is_tweetstorm":false},"categories":[10,70,71],"tags":[],"aioseo_notices":[],"jetpack_featured_media_url":"http:\/\/catolicasmexico.com\/blog\/wp-content\/uploads\/2013\/07\/20130708-112422.jpg","jetpack_publicize_connections":[],"jetpack_shortlink":"https:\/\/wp.me\/p3B5XH-hZ","jetpack-related-posts":[{"id":1474,"url":"http:\/\/catolicasmexico.com\/blog\/la-asociacion-medica-mundial-se-opone-a-la-eutanasia\/","url_meta":{"origin":1115,"position":0},"title":"La Asociaci\u00f3n M\u00e9dica Mundial se opone a la eutanasia","date":"1 agosto 2013","format":false,"excerpt":"Por Wesley J. Smith Martes, 30 de julio de 2013 10:35 EST Traducci\u00f3n y edici\u00f3n libre Alejandro P. de www.catolicasmexico.com Las Asociaciones m\u00e9dicas profesionales de todo el mundo se oponen abrumadoramente a la eutanasia y al suicidio asistido. La Asociaci\u00f3n M\u00e9dica Mundial reiter\u00f3 su fuerte compromiso hacia la pr\u00e1ctica \u00e9tica\u2026","rel":"","context":"En \u00abEutanasia\u00bb","img":{"alt_text":"","src":"","width":0,"height":0},"classes":[]},{"id":3019,"url":"http:\/\/catolicasmexico.com\/blog\/israel-legaliza-la-eutanasia\/","url_meta":{"origin":1115,"position":1},"title":"Israel legaliza la eutanasia.","date":"10 junio 2014","format":false,"excerpt":"Del sitio www.cqv.cq.ca original del sitio www.i24news.tv traducci\u00f3n y edici\u00f3n libre www.catolicasmexico.com El Comit\u00e9 Ministerial israel\u00ed aprob\u00f3 este domingo el proyecto de ley para el\"suicidio asistido\", inform\u00f3 el diario Haaretz. (...) El m\u00e9dico que le recetar\u00e1 la dosis letal al paciente, no ser\u00e1 castigado y no tendr\u00e1 ninguna responsabilidad. Con\u2026","rel":"","context":"En \u00abEutanasia\u00bb","img":{"alt_text":"","src":"https:\/\/i1.wp.com\/catolicasmexico.com\/blog\/wp-content\/uploads\/2014\/06\/20140610-105135.jpg?resize=350%2C200","width":350,"height":200},"classes":[]},{"id":1252,"url":"http:\/\/catolicasmexico.com\/blog\/error-medico-un-magistrado-italiano-perfectamente-sano-pide-la-eutanasia\/","url_meta":{"origin":1115,"position":2},"title":"Error m\u00e9dico: un magistrado italiano perfectamente sano, pide la eutanasia.","date":"12 julio 2013","format":false,"excerpt":"Del blog de www.cqv.qc.ca del sitio zenit.org Traducci\u00f3n libre www.catolicasmexico.com Un magistrado italiano de 62 que pidi\u00f3 la eutanasia en Suiza, en Basilea, tras el diagn\u00f3stico de una enfermedad incurable: sin embargo, una autopsia revela que \u00e9l estaba en perfecta salud. El hecho tr\u00e1gico relanz\u00f3 el debate sobre la \"eutanasia\"\u2026","rel":"","context":"En \u00abEutanasia\u00bb","img":{"alt_text":"","src":"https:\/\/i1.wp.com\/catolicasmexico.com\/blog\/wp-content\/uploads\/2013\/07\/20130712-115439.jpg?resize=350%2C200","width":350,"height":200},"classes":[]},{"id":413,"url":"http:\/\/catolicasmexico.com\/blog\/marcha-contra-la-eutanasia-en-quebec-canada\/","url_meta":{"origin":1115,"position":3},"title":"Marcha contra la eutanasia en Quebec, Canad\u00e1.","date":"20 mayo 2013","format":false,"excerpt":"Este18 de mayo en la ciudad de Quebec se llevo a cabo la manifestaci\u00f3n \u00a0contra la eutanasia, m\u00e9dicos comprometidos \u00a0con la vida de sus pacientes, familias enteras preocupadas por el futuro de las pr\u00f3ximas generaciones organizaciones pro-vida y ciudadanos en general se dieron cita en \"les plaines d'Abrahaman \"y marcharon\u2026","rel":"","context":"En \u00abEutanasia\u00bb","img":{"alt_text":"","src":"https:\/\/i1.wp.com\/catolicasmexico.com\/blog\/wp-content\/uploads\/2013\/05\/image-32.jpeg?resize=350%2C200","width":350,"height":200},"classes":[]},{"id":1012,"url":"http:\/\/catolicasmexico.com\/blog\/elogio-a-la-eutanasia\/","url_meta":{"origin":1115,"position":4},"title":"Elogio a la eutanasia.","date":"30 junio 2013","format":false,"excerpt":"Del blog www.cqv.qc.ca Traducci\u00f3n y redacci\u00f3n libre www.catolicasmexico.com Este lunes por la noche los holandeses se conectaran a sus pantallas de televisi\u00f3n para ver un documental de 55 minutos de la 'muerte solicitada\" de Priscilla Brouwer, 26 a\u00f1os de edad, la cual no quiere sufrir la lenta degradaci\u00f3n causada por\u2026","rel":"","context":"En \u00abEutanasia\u00bb","img":{"alt_text":"","src":"","width":0,"height":0},"classes":[]},{"id":1050,"url":"http:\/\/catolicasmexico.com\/blog\/el-primer-ministro-de-ontario-kathleen-wynne-considera-la-propuesta-de-eutanasia-de-quebec\/","url_meta":{"origin":1115,"position":5},"title":"El Primer Ministro de Ontario, Kathleen Wynne, considera la propuesta de eutanasia de Quebec","date":"3 julio 2013","format":false,"excerpt":"Del blog de Alex Schadenberg. Traducci\u00f3n y redacci\u00f3n Alejandro P. de www.catolicasmexico.com Kathleen Wynne, Primer Ministro liberal de Ontario, parece considerar propuestas similares a las que Quebec hizo la semana pasada cuando present\u00f3 el proyecto de ley 52, para legalizar la eutanasia en la provincia. \"Necesitamos tener una charla sobre\u2026","rel":"","context":"En \u00abCanada.\u00bb","img":{"alt_text":"","src":"https:\/\/i2.wp.com\/catolicasmexico.com\/blog\/wp-content\/uploads\/2015\/07\/image.jpeg?resize=350%2C200","width":350,"height":200},"classes":[]}],"jetpack_likes_enabled":false,"jetpack_sharing_enabled":true,"_links":{"self":[{"href":"http:\/\/catolicasmexico.com\/blog\/wp-json\/wp\/v2\/posts\/1115"}],"collection":[{"href":"http:\/\/catolicasmexico.com\/blog\/wp-json\/wp\/v2\/posts"}],"about":[{"href":"http:\/\/catolicasmexico.com\/blog\/wp-json\/wp\/v2\/types\/post"}],"author":[{"embeddable":true,"href":"http:\/\/catolicasmexico.com\/blog\/wp-json\/wp\/v2\/users\/5"}],"replies":[{"embeddable":true,"href":"http:\/\/catolicasmexico.com\/blog\/wp-json\/wp\/v2\/comments?post=1115"}],"version-history":[{"count":4,"href":"http:\/\/catolicasmexico.com\/blog\/wp-json\/wp\/v2\/posts\/1115\/revisions"}],"predecessor-version":[{"id":1122,"href":"http:\/\/catolicasmexico.com\/blog\/wp-json\/wp\/v2\/posts\/1115\/revisions\/1122"}],"wp:featuredmedia":[{"embeddable":true,"href":"http:\/\/catolicasmexico.com\/blog\/wp-json\/wp\/v2\/media\/1118"}],"wp:attachment":[{"href":"http:\/\/catolicasmexico.com\/blog\/wp-json\/wp\/v2\/media?parent=1115"}],"wp:term":[{"taxonomy":"category","embeddable":true,"href":"http:\/\/catolicasmexico.com\/blog\/wp-json\/wp\/v2\/categories?post=1115"},{"taxonomy":"post_tag","embeddable":true,"href":"http:\/\/catolicasmexico.com\/blog\/wp-json\/wp\/v2\/tags?post=1115"}],"curies":[{"name":"wp","href":"https:\/\/api.w.org\/{rel}","templated":true}]}}