{"id":1111,"date":"2013-07-07T14:43:24","date_gmt":"2013-07-07T19:43:24","guid":{"rendered":"http:\/\/catolicasmexico.com\/blog\/?p=1111"},"modified":"2013-07-07T15:25:06","modified_gmt":"2013-07-07T20:25:06","slug":"domingo-dia-del-senor","status":"publish","type":"post","link":"http:\/\/catolicasmexico.com\/blog\/domingo-dia-del-senor\/","title":{"rendered":"Domingo d\u00eda del Se\u00f1or."},"content":{"rendered":"<p><a href=\"http:\/\/catolicasmexico.com\/blog\/wp-content\/uploads\/2013\/07\/20130707-154410.jpg\"><img src=\"http:\/\/catolicasmexico.com\/blog\/wp-content\/uploads\/2013\/07\/20130707-154410.jpg\" alt=\"20130707-154410.jpg\" class=\"alignnone size-full\"  \/> <\/a><\/p>\n<p>Hoy domingo d\u00eda del Se\u00f1or, queremos compartir una oraci\u00f3n por los sacerdotes. Para que Dios nos env\u00ede Santos Sacerdotes seg\u00fan su coraz\u00f3n.<br \/>\nAmen.<\/p>\n<p>Oraci\u00f3n de Santa Faustina por la Santa Iglesia y por los Sacerdotes.<br \/>\n\u00a1Oh Jesus m\u00edo! te pido por la Iglesia entera,<br \/>\nOt\u00f3rgale el amor y la luz de tu esp\u00edritu,<br \/>\nconcede a los Sacerdotes el don de la palabra para que los corazones<br \/>\nendurecidos se arrepientan y vuelvan a t\u00ed, Se\u00f1or.<br \/>\nSe\u00f1or danos sacerdotes Santos. T\u00fa mismo cons\u00e9rvalos Santos.<br \/>\n\u00a1Oh divino y grandioso Pastor! que el poder de tu misericordia los acompa\u00f1e<br \/>\nY los proteja de los enga\u00f1os y las trampas diab\u00f3licas,<br \/>\n que amenazan sin  cesar las almas de los Sacerdotes.<br \/>\nQue el poder de tu misericordia, reduzca y elimine<br \/>\nTodo lo que podr\u00eda arrancarles la santidad, porque T\u00fa lo puedes todo.<br \/>\nJes\u00fas te pido el triunfo de la Iglesia, Tu bendici\u00f3n por el Santo Padre<br \/>\ny por todo el clero .<br \/>\nTe pido una bendici\u00f3n particular y la luz,<br \/>\n para los Sacerdotes con los que y a confesar\u00e9 durante mi vida.<br \/>\nAmen.<\/p>\n<p><a href=\"http:\/\/catolicasmexico.com\/blog\/wp-content\/uploads\/2013\/07\/20130707-154430.jpg\"><img src=\"http:\/\/catolicasmexico.com\/blog\/wp-content\/uploads\/2013\/07\/20130707-154430.jpg\" alt=\"20130707-154430.jpg\" class=\"alignnone size-full\"  \/> <\/a><\/p>\n","protected":false},"excerpt":{"rendered":"<p>Hoy domingo d\u00eda del Se\u00f1or, queremos compartir una oraci\u00f3n por los sacerdotes. Para que Dios nos env\u00ede Santos Sacerdotes seg\u00fan su coraz\u00f3n. Amen. Oraci\u00f3n de Santa Faustina por la Santa Iglesia y por los Sacerdotes. \u00a1Oh Jesus m\u00edo! te pido por la Iglesia entera, Ot\u00f3rgale el amor y la luz de tu esp\u00edritu, concede a [&hellip;]<\/p>\n","protected":false},"author":2,"featured_media":1109,"comment_status":"open","ping_status":"open","sticky":false,"template":"","format":"standard","meta":{"spay_email":"","jetpack_publicize_message":"","jetpack_is_tweetstorm":false},"categories":[25,13],"tags":[],"aioseo_notices":[],"jetpack_featured_media_url":"http:\/\/catolicasmexico.com\/blog\/wp-content\/uploads\/2013\/07\/20130707-154410.jpg","jetpack_publicize_connections":[],"jetpack_shortlink":"https:\/\/wp.me\/p3B5XH-hV","jetpack-related-posts":[{"id":1519,"url":"http:\/\/catolicasmexico.com\/blog\/oracion-para-que-los-sacerdotes-respondan-al-amor-de-dios\/","url_meta":{"origin":1111,"position":0},"title":"Oraci\u00f3n para que los Sacerdotes respondan al amor de Dios.","date":"4 agosto 2013","format":false,"excerpt":"\u00a1Oh Jes\u00fas! Te pido por los sacerdotes fieles y fervientes; Por los sacerdotes tibios e infieles; Por lo sacerdotes que trabajan entre nosotros o en misiones lejanas; Por tus sacerdotes tentados; por tus sacerdotes que sufren por La soledad o el abandono; por los sacerdotes j\u00f3venes, Por lo sacerdotes ancianos;\u2026","rel":"","context":"En \u00abOraciones\u00bb","img":{"alt_text":"","src":"","width":0,"height":0},"classes":[]},{"id":3543,"url":"http:\/\/catolicasmexico.com\/blog\/oracion-del-anima-sola-para-alcanzar-el-remedio-de-alguna-gran-necesidad\/","url_meta":{"origin":1111,"position":1},"title":"Oraci\u00f3n del Anima Sola. Para alcanzar el remedio de alguna gran necesidad.","date":"17 noviembre 2014","format":false,"excerpt":"\u00a1Oh Se\u00f1or! \u00a1Cu\u00e1ntas son las gracias que necesitamos, con toda verdad puede decirse que nuestra necesidad es universal. Ahora Se\u00f1or buscando para con Vuestra Divina Majestad, intercesores que am\u00e1is sobre manera El Anima Sola; tan empe\u00f1ada en Vuestro Favor como grata a vuestros ojos. De lo profundo de su c\u00e1rcel\u2026","rel":"","context":"En \u00abOraciones\u00bb","img":{"alt_text":"","src":"","width":0,"height":0},"classes":[]},{"id":2550,"url":"http:\/\/catolicasmexico.com\/blog\/oracion-de-santa-brigida\/","url_meta":{"origin":1111,"position":2},"title":"ORACION DE SANTA BR\u00cdGIDA","date":"7 febrero 2014","format":false,"excerpt":"(A ser rezada durante 12 a\u00f1os) Santa Brigida de Suecia recibi\u00f3 abundantes revelaciones del Se\u00f1or sobre el purgatorio, y en particular fue bendecida con una promesa de liberaci\u00f3n del purgatorio para quien cumpla con una oraci\u00f3n diaria durante 12 a\u00f1os de forma ininterrumpida. El esfuerzo y el compromiso es grande,\u2026","rel":"","context":"En \u00abOraciones\u00bb","img":{"alt_text":"","src":"https:\/\/i0.wp.com\/catolicasmexico.com\/blog\/wp-content\/uploads\/2017\/07\/Santa-Brigida-de-Suecia-692x1024.png?resize=350%2C200","width":350,"height":200},"classes":[]},{"id":1230,"url":"http:\/\/catolicasmexico.com\/blog\/secta-ocultista-en-mexico-que-crece-dramaticamente-el-engano-de-la-santa-muerte\/","url_meta":{"origin":1111,"position":3},"title":"Secta ocult\u00edsta en Mexico  crece dram\u00e1ticamente. El enga\u00f1o de  la \"santa muerte\"","date":"11 julio 2013","format":false,"excerpt":"Catolic.net www.periodicosanmiguel.org Edicion libre www.catolicasmexico.com La santa muerte es en esencia, el ultimo disfraz de satan\u00e1s para enga\u00f1ar a todos los cat\u00f3licos ignorantes e ingenuos. Este personaje es una copia o parodia que satan\u00e1s hace de la Sant\u00edsima Virgen Mar\u00eda. Este culto se difunde en mercados populares, en tiendas esot\u00e9ricas,\u2026","rel":"","context":"En \u00abFe\u00bb","img":{"alt_text":"","src":"https:\/\/i2.wp.com\/catolicasmexico.com\/blog\/wp-content\/uploads\/2013\/07\/20130711-201653.jpg?resize=350%2C200","width":350,"height":200},"classes":[]},{"id":2743,"url":"http:\/\/catolicasmexico.com\/blog\/24-horas-para-el-senor-iglesias-abiertas-para-la-confesion-en-todo-el-mundo\/","url_meta":{"origin":1111,"position":4},"title":"24 horas para el Se\u00f1or: Iglesias abiertas para la confesi\u00f3n en todo el mundo","date":"19 marzo 2014","format":false,"excerpt":"Foto ReinaCani_(CC-BY-NC-ND-2.0) VATICANO, 18 Mar. 14 \/ 10:36 am (ACI).- Iglesias de diversas di\u00f3cesis del mundo abiertas durante 24 horas con la presencia de sacerdotes para que los fieles puedan confesarse: Esa es la propuesta \"24 horas para el Se\u00f1or\" que ha lanzado el Consejo Pontificio para la Promoci\u00f3n de\u2026","rel":"","context":"En \u00abFe\u00bb","img":{"alt_text":"","src":"https:\/\/i2.wp.com\/catolicasmexico.com\/blog\/wp-content\/uploads\/2014\/03\/20140319-114909.jpg?resize=350%2C200","width":350,"height":200},"classes":[]},{"id":1434,"url":"http:\/\/catolicasmexico.com\/blog\/lo-que-al-parecer-es-un-milagro-en-jardines-de-la-paz-guadalajara-mexico\/","url_meta":{"origin":1111,"position":5},"title":"Lo que al parecer es un \"Milagro Eucar\u00edstico\"en Jardines de la Paz, Guadalajara. M\u00e9xico.","date":"26 julio 2013","format":false,"excerpt":"Comentario de www.catolicasmexico.com El hecho se produjo, apenas el d\u00eda de ayer, tendremos que esperar, una vez que se comiencen los estudios un tiempo para conocer el resultados de los mismos. Sin embargo, nosotros como cat\u00f3licos estamos seguros de la presencia de Nuestro Se\u00f1or Jesucristo en la Santa Eucarist\u00eda. He\u2026","rel":"","context":"En \u00abFe\u00bb","img":{"alt_text":"","src":"https:\/\/i0.wp.com\/catolicasmexico.com\/blog\/wp-content\/uploads\/2013\/07\/20130726-142344.jpg?resize=350%2C200","width":350,"height":200},"classes":[]}],"jetpack_likes_enabled":false,"jetpack_sharing_enabled":true,"_links":{"self":[{"href":"http:\/\/catolicasmexico.com\/blog\/wp-json\/wp\/v2\/posts\/1111"}],"collection":[{"href":"http:\/\/catolicasmexico.com\/blog\/wp-json\/wp\/v2\/posts"}],"about":[{"href":"http:\/\/catolicasmexico.com\/blog\/wp-json\/wp\/v2\/types\/post"}],"author":[{"embeddable":true,"href":"http:\/\/catolicasmexico.com\/blog\/wp-json\/wp\/v2\/users\/2"}],"replies":[{"embeddable":true,"href":"http:\/\/catolicasmexico.com\/blog\/wp-json\/wp\/v2\/comments?post=1111"}],"version-history":[{"count":2,"href":"http:\/\/catolicasmexico.com\/blog\/wp-json\/wp\/v2\/posts\/1111\/revisions"}],"predecessor-version":[{"id":1113,"href":"http:\/\/catolicasmexico.com\/blog\/wp-json\/wp\/v2\/posts\/1111\/revisions\/1113"}],"wp:featuredmedia":[{"embeddable":true,"href":"http:\/\/catolicasmexico.com\/blog\/wp-json\/wp\/v2\/media\/1109"}],"wp:attachment":[{"href":"http:\/\/catolicasmexico.com\/blog\/wp-json\/wp\/v2\/media?parent=1111"}],"wp:term":[{"taxonomy":"category","embeddable":true,"href":"http:\/\/catolicasmexico.com\/blog\/wp-json\/wp\/v2\/categories?post=1111"},{"taxonomy":"post_tag","embeddable":true,"href":"http:\/\/catolicasmexico.com\/blog\/wp-json\/wp\/v2\/tags?post=1111"}],"curies":[{"name":"wp","href":"https:\/\/api.w.org\/{rel}","templated":true}]}}