{"id":1091,"date":"2013-07-06T10:56:59","date_gmt":"2013-07-06T15:56:59","guid":{"rendered":"http:\/\/catolicasmexico.com\/blog\/?p=1091"},"modified":"2013-07-06T10:56:59","modified_gmt":"2013-07-06T15:56:59","slug":"lo-que-joyce-arthur-quiere-ocultar","status":"publish","type":"post","link":"http:\/\/catolicasmexico.com\/blog\/lo-que-joyce-arthur-quiere-ocultar\/","title":{"rendered":"Lo que Joyce Arthur quiere ocultar"},"content":{"rendered":"<p><a href=\"http:\/\/catolicasmexico.com\/blog\/wp-content\/uploads\/2013\/07\/20130706-114949.jpg\"><img src=\"http:\/\/catolicasmexico.com\/blog\/wp-content\/uploads\/2013\/07\/20130706-114949.jpg\" alt=\"20130706-114949.jpg\" class=\"alignnone size-full\"  \/> <\/a><\/p>\n<p>Por Jonathon Van Maren.<br \/>\nDel Blog de la CCBR (Canadian Centre for Bio-Ethical Reform).<br \/>\nTraducci\u00f3n y edici\u00f3n libre Alejandro P. de www.catolicasmexico.com<\/p>\n<p>Joyce Arthur de la coalici\u00f3n Canadiense por el Derecho al Aborto debe estar muy, muy molesta, ya que \u00faltimamente los medios de comunicaci\u00f3n han estando llam\u00e1ndola con frecuencia para preguntarle su opini\u00f3n sobre nuestros nuevos proyectos, especialmente sobre nuestro proyecto \u00abFace the Children\u00bb, que consiste en la distribuci\u00f3n masiva de tarjetas postales que muestran pol\u00edticos que apoyan el aborto junto a las v\u00edctimas del aborto. En respuesta a nuestro centro de distribuci\u00f3n postal en St. Catharines, ella public\u00f3 en Facebook que, \u00ablas familias y los ni\u00f1os en St. Catharines son cruelmente acosados en sus hogares por el grupo extremista Centro para la reforma Bio-\u00e9tica.\u00bb Podr\u00eda se\u00f1alar que, nuestras postales representan la realidad de lo que ella se dedica a defender, los cad\u00e1veres de los ni\u00f1os por nacer  \u00abcruelmente acosados \u00bb en el \u00fatero. Pero al parecer, Joyce tiene un problema con nuestras fotos.<\/p>\n<p>\u00abHemos visto este tipo de im\u00e1genes antes\u00bb, dijo a St Catherines&#8217; Standard, \u00aby si las im\u00e1genes son reales, no son im\u00e1genes del tipo de abortos realizados en este pa\u00eds\u00bb.<\/p>\n<p>Entonces public\u00f3 una foto en Facebook mostrando peque\u00f1os restos fetales flotando en alg\u00fan tipo de plato, tratando de probar que en realidad, estos seres humanos son tan peque\u00f1os que no sabe por qu\u00e9 a alguien le importar\u00eda. Si usted acerca la c\u00e1mara lo suficiente, apenas puede ver el cadaver.<\/p>\n<p>La imagen a la que se refiere (si es que a caso la vio), es de un feto desmembrado, decapitado y desmembrado  de veinte semanas. Es espantoso. Y as\u00ed es, exactamente c\u00f3mo los abortos se realizan en este pa\u00eds  de hecho, cuando mi colega Stephanie Gray debati\u00f3 con el Dr. Fraser Fellows especializado en abortos inducidos de London, Ontario y mostr\u00f3 un video con este tipo de im\u00e1genes, ella le pidi\u00f3 que respondiera una pregunta precisa: \u00abdir\u00edas que las im\u00e1genes que he mostrado son un fiel reflejo de lo que ves y lo que haces?\u00bb Su respuesta fue: \u00abAbsolutamente.\u00bb<\/p>\n<p>De hecho, puede leer el testimonio de cualquier m\u00e9dico que describe un procedimiento de aborto. Aqu\u00ed es c\u00f3mo un abortista lo describi\u00f3: \u00abIntroduzca este instrumento ciegamente y empiece a tirar de las extremidades. Se siente aferrado y tirando con fuerza, y quiero decir con fuerza Y aparece un brazo&#8230;seguido por una pierna. Y entonces usted arranca los intestinos, la columna vertebral, el coraz\u00f3n y los pulmones. La parte dif\u00edcil del procedimiento es la cabeza que es aproximadamente del tama\u00f1o de una ciruela. Sabes que lo hiciste bien si usted siente que aplasta y material blanco brota del cuello uterino, es la cabeza del beb\u00e9. \u00bb<\/p>\n<p>\u00bfMe pregunto, sin embargo, lo que la Sra. Arthur y los otros que cuestionan la validez de las fotograf\u00edas del aborto piensan le que es realmente un aborto? Hemos todos visto im\u00e1genes hermosas de los ni\u00f1os en el vientre, de documentales fant\u00e1sticos de National Geographic,los impresionantes videos de embrioscop\u00eda de la Fundaci\u00f3n para el desarrollo humano. Ahora imagine el beb\u00e9 que est\u00e1 siendo despedazado con f\u00f3rceps o un aspirador de succi\u00f3n. Obviamente no va a ser algo bonito. \u00bfLa Sra. Arthur tal vez piensa que \u00aben este pa\u00eds\u00bb los abortistas decapitan fetos en desarrollo m\u00e1s suavemente? \u00bfO que los ni\u00f1os por nacer canadienses sangran menos profusamente?<\/p>\n<p>Por desgracia, no. Y ning\u00fan parloteo de la Sra. Arthur puede encubrir este hecho.<\/p>\n","protected":false},"excerpt":{"rendered":"<p>Por Jonathon Van Maren. Del Blog de la CCBR (Canadian Centre for Bio-Ethical Reform). Traducci\u00f3n y edici\u00f3n libre Alejandro P. de www.catolicasmexico.com Joyce Arthur de la coalici\u00f3n Canadiense por el Derecho al Aborto debe estar muy, muy molesta, ya que \u00faltimamente los medios de comunicaci\u00f3n han estando llam\u00e1ndola con frecuencia para preguntarle su opini\u00f3n sobre [&hellip;]<\/p>\n","protected":false},"author":5,"featured_media":1105,"comment_status":"open","ping_status":"open","sticky":false,"template":"","format":"standard","meta":{"spay_email":"","jetpack_publicize_message":"","jetpack_is_tweetstorm":false},"categories":[9,14,26],"tags":[],"aioseo_notices":[],"jetpack_featured_media_url":"http:\/\/catolicasmexico.com\/blog\/wp-content\/uploads\/2013\/07\/20130706-114949.jpg","jetpack_publicize_connections":[],"jetpack_shortlink":"https:\/\/wp.me\/p3B5XH-hB","jetpack-related-posts":[{"id":1844,"url":"http:\/\/catolicasmexico.com\/blog\/los-centros-de-crisis-de-embarazo-en-vancouver-estan-en-shock-por-la-sentencia-a-favor-del-lider-pro-aborto\/","url_meta":{"origin":1091,"position":0},"title":"Los Centros de Crisis de Embarazo en Vancouver est\u00e1n 'en shock' por la sentencia a favor del l\u00edder pro-aborto","date":"17 septiembre 2013","format":false,"excerpt":"BC, Vancouver, 30 de agosto de 2013 (LifeSiteNews.com) - Dos Centros de Crisis de Embarazo en Vancouver (CPC) est\u00e1n sorprendidos por la decisi\u00f3n de un juez de Columbia Brit\u00e1nica quien dictamin\u00f3 esta semana que la activista pro aborto Joyce Arthur, no ser\u00e1 acusada de difamaci\u00f3n por su informe de 2009\u2026","rel":"","context":"En \u00abAborto\u00bb","img":{"alt_text":"","src":"","width":0,"height":0},"classes":[]},{"id":4014,"url":"http:\/\/catolicasmexico.com\/blog\/mujer-estas-lista-para-abotarmira-antes-estas-fotos-a-donde-van-los-restos-de-bebes-abortados-he-aqui-la-respuesta-impactante\/","url_meta":{"origin":1091,"position":1},"title":"MUJER \u00bfESTAS LISTA PARA ABOTAR?MIRA ANTES ESTAS FOTOS \u00bfA d\u00f3nde van los restos de beb\u00e9s abortados? He Aqu\u00ed la respuesta impactante","date":"6 octubre 2015","format":false,"excerpt":"A trav\u00e9s del vidrio, Tim tom\u00f3 fotos de cientos de envases transl\u00facidos de pl\u00e1stico, cada uno conten\u00eda los restos visibles de beb\u00e9s abortados. Los recipientes no estaban refrigerados, eran de todos los tama\u00f1os, desde recipientes de onzas a decenas de litros. Apenas pude imaginar el olor a muerte que reinar\u00eda\u2026","rel":"","context":"En \u00abAborto\u00bb","img":{"alt_text":"","src":"https:\/\/i0.wp.com\/catolicasmexico.com\/blog\/wp-content\/uploads\/2015\/10\/IMG_0304.jpg?resize=350%2C200","width":350,"height":200},"classes":[]},{"id":2839,"url":"http:\/\/catolicasmexico.com\/blog\/marcha-por-la-vida-en-colombia-este-17-de-mayo\/","url_meta":{"origin":1091,"position":2},"title":"Marcha por la vida en Colombia este 17 de mayo.","date":"21 abril 2014","format":false,"excerpt":"Colombia: Anuncian Marcha por la Vida a ocho a\u00f1os de despenalizaci\u00f3n del aborto BOGOT\u00c1, 21 Abr. 14 \/ 03:40 am (ACI\/EWTN Noticias).- Las organizaciones defensoras de la vida en Colombia anunciaron para el 17 de mayo la realizaci\u00f3n de la 8 Marcha por la Vida, conmemorando los 8 a\u00f1os de\u2026","rel":"","context":"En \u00abAborto\u00bb","img":{"alt_text":"","src":"https:\/\/i1.wp.com\/catolicasmexico.com\/blog\/wp-content\/uploads\/2014\/04\/20140421-120317.jpg?resize=350%2C200","width":350,"height":200},"classes":[]},{"id":1693,"url":"http:\/\/catolicasmexico.com\/blog\/bolivia-podria-despenalizar-el-aborto-los-pro-vida-y-pro-familias-salen-a-las-calles-en-forma-masiva\/","url_meta":{"origin":1091,"position":3},"title":"Bolivia podr\u00eda despenalizar el aborto los pro-vida y pro-familias salen a las calles en forma masiva","date":"26 agosto 2013","format":false,"excerpt":"Noticia de AGENCIALA VOZ. Edici\u00f3n www.catolicasmexico.com LA PAZ, BOLIVIA .- (AGENCIALAVOZ) Miles de personas se manifestaron el jueves en cuatro regiones de Bolivia en contra del aborto despu\u00e9s que una legisladora present\u00f3 un proyecto para su despenalizaci\u00f3n. La protesta, denominada \"En defensa de la vida\", uni\u00f3 a personas en los\u2026","rel":"","context":"En \u00abAborto\u00bb","img":{"alt_text":"","src":"https:\/\/i0.wp.com\/catolicasmexico.com\/blog\/wp-content\/uploads\/2013\/08\/20130826-121724.jpg?resize=350%2C200","width":350,"height":200},"classes":[]},{"id":4260,"url":"http:\/\/catolicasmexico.com\/blog\/hillary-clinton-defensora-del-aborto-por-nacimiento-parcial\/","url_meta":{"origin":1091,"position":4},"title":"Hillary Clinton, defensora del aborto por nacimiento parcial","date":"24 febrero 2016","format":false,"excerpt":"\u00a0 \u00a0 \u00a0 \u00a0 \u00a0 \u00a0 \u00a0 Durante el debate presidencial republicano del s\u00e1bado, el senador pro-vida de Florida Marco Rubio aclar\u00f3 que existe un enorme contraste con Hillary Clinton y su apoyo al aborto ilimitado Rubio dijo que la posici\u00f3n sobre el aborto de Clinton es \"extrema\", agregando que\u2026","rel":"","context":"En \u00abAborto\u00bb","img":{"alt_text":"","src":"https:\/\/i1.wp.com\/catolicasmexico.com\/blog\/wp-content\/uploads\/2016\/02\/hillaryclinton19.png?resize=350%2C200","width":350,"height":200},"classes":[]},{"id":4041,"url":"http:\/\/catolicasmexico.com\/blog\/el-abortista-detenido-con-contenedores-llenos-de-restos-de-bebes-abortados-trabaja-en-un-hospital-catolico\/","url_meta":{"origin":1091,"position":5},"title":"El abortista detenido con contenedores llenos de restos de bebes abortados trabaja en un hospital 'cat\u00f3lico'","date":"21 octubre 2015","format":false,"excerpt":"Original: lifesitenews Traducci\u00f3n libre para catolicasmexico.com \u00a0 \u00a0 Hace unos d\u00edas, LifeNews inform\u00f3 sobre la historia del abortista de\u00a0 Michigan que fue sorprendido con lo que la polic\u00eda local identific\u00f3 como 14 recipientes de pl\u00e1stico que posiblemente conten\u00edan los cuerpos de beb\u00e9s abortados junto con otros tejidos humanos. La polic\u00eda\u2026","rel":"","context":"En \u00abAborto\u00bb","img":{"alt_text":"","src":"https:\/\/i2.wp.com\/catolicasmexico.com\/blog\/wp-content\/uploads\/2015\/10\/michaelroth3.png?resize=350%2C200","width":350,"height":200},"classes":[]}],"jetpack_likes_enabled":false,"jetpack_sharing_enabled":true,"_links":{"self":[{"href":"http:\/\/catolicasmexico.com\/blog\/wp-json\/wp\/v2\/posts\/1091"}],"collection":[{"href":"http:\/\/catolicasmexico.com\/blog\/wp-json\/wp\/v2\/posts"}],"about":[{"href":"http:\/\/catolicasmexico.com\/blog\/wp-json\/wp\/v2\/types\/post"}],"author":[{"embeddable":true,"href":"http:\/\/catolicasmexico.com\/blog\/wp-json\/wp\/v2\/users\/5"}],"replies":[{"embeddable":true,"href":"http:\/\/catolicasmexico.com\/blog\/wp-json\/wp\/v2\/comments?post=1091"}],"version-history":[{"count":3,"href":"http:\/\/catolicasmexico.com\/blog\/wp-json\/wp\/v2\/posts\/1091\/revisions"}],"predecessor-version":[{"id":1106,"href":"http:\/\/catolicasmexico.com\/blog\/wp-json\/wp\/v2\/posts\/1091\/revisions\/1106"}],"wp:featuredmedia":[{"embeddable":true,"href":"http:\/\/catolicasmexico.com\/blog\/wp-json\/wp\/v2\/media\/1105"}],"wp:attachment":[{"href":"http:\/\/catolicasmexico.com\/blog\/wp-json\/wp\/v2\/media?parent=1091"}],"wp:term":[{"taxonomy":"category","embeddable":true,"href":"http:\/\/catolicasmexico.com\/blog\/wp-json\/wp\/v2\/categories?post=1091"},{"taxonomy":"post_tag","embeddable":true,"href":"http:\/\/catolicasmexico.com\/blog\/wp-json\/wp\/v2\/tags?post=1091"}],"curies":[{"name":"wp","href":"https:\/\/api.w.org\/{rel}","templated":true}]}}