{"id":1088,"date":"2013-07-05T08:39:05","date_gmt":"2013-07-05T13:39:05","guid":{"rendered":"http:\/\/catolicasmexico.com\/blog\/?p=1088"},"modified":"2017-07-22T01:07:53","modified_gmt":"2017-07-22T06:07:53","slug":"si-no-fuera-sacerdote-le-pondria-dos-cachetadas","status":"publish","type":"post","link":"http:\/\/catolicasmexico.com\/blog\/si-no-fuera-sacerdote-le-pondria-dos-cachetadas\/","title":{"rendered":"\u00ab\u00a1Si no fuera sacerdote le pondr\u00eda dos cachetadas.!\u00bb"},"content":{"rendered":"<p><a href=\"http:\/\/catolicasmexico.com\/blog\/wp-content\/uploads\/2013\/07\/flag-france-drapeau-bandera.jpg\"><img data-attachment-id=\"4678\" data-permalink=\"http:\/\/catolicasmexico.com\/blog\/si-no-fuera-sacerdote-le-pondria-dos-cachetadas\/flag-france-drapeau-bandera\/\" data-orig-file=\"http:\/\/catolicasmexico.com\/blog\/wp-content\/uploads\/2013\/07\/flag-france-drapeau-bandera.jpg\" data-orig-size=\"505,328\" data-comments-opened=\"1\" data-image-meta=\"{&quot;aperture&quot;:&quot;0&quot;,&quot;credit&quot;:&quot;&quot;,&quot;camera&quot;:&quot;&quot;,&quot;caption&quot;:&quot;&quot;,&quot;created_timestamp&quot;:&quot;0&quot;,&quot;copyright&quot;:&quot;&quot;,&quot;focal_length&quot;:&quot;0&quot;,&quot;iso&quot;:&quot;0&quot;,&quot;shutter_speed&quot;:&quot;0&quot;,&quot;title&quot;:&quot;&quot;,&quot;orientation&quot;:&quot;0&quot;}\" data-image-title=\"flag france drapeau bandera\" data-image-description=\"\" data-medium-file=\"http:\/\/catolicasmexico.com\/blog\/wp-content\/uploads\/2013\/07\/flag-france-drapeau-bandera-300x195.jpg\" data-large-file=\"http:\/\/catolicasmexico.com\/blog\/wp-content\/uploads\/2013\/07\/flag-france-drapeau-bandera.jpg\" src=\"http:\/\/catolicasmexico.com\/blog\/wp-content\/uploads\/2013\/07\/flag-france-drapeau-bandera.jpg\" alt=\"\" width=\"505\" height=\"328\" class=\"alignleft size-full wp-image-4678\" srcset=\"http:\/\/catolicasmexico.com\/blog\/wp-content\/uploads\/2013\/07\/flag-france-drapeau-bandera.jpg 505w, http:\/\/catolicasmexico.com\/blog\/wp-content\/uploads\/2013\/07\/flag-france-drapeau-bandera-300x195.jpg 300w, http:\/\/catolicasmexico.com\/blog\/wp-content\/uploads\/2013\/07\/flag-france-drapeau-bandera-150x150.jpg 150w\" sizes=\"100vw\" \/> <\/a><\/p>\n<p>Art\u00edculo de Nouvelles de France.<br \/>\nTraducci\u00f3n y edici\u00f3n libre www.catolicasmexico.com<\/p>\n<p>Los cat\u00f3licos son los nuevos delincuentes que amenazan la democracia.<br \/>\nEn Saint-Cyr-au-Mont-d&#8217;or ,una peque\u00f1o pueblo en las afueras de Lyon el viernes, 21 de junio de 2013, Manuel Valls y Jean-Marc Ayrault participaron a la ceremonia de graduaci\u00f3n de la promoci\u00f3n 63 de la polic\u00eda, en presencia del prefecto de la regi\u00f3n, Jean-Fran\u00e7ois Carenco. Valls hizo cerrar el per\u00edmetro para impedir que los habitantes participaran en la ceremonia .Entre los invitados se encontraba el P\u00e1rroco del pueblo el Sacerdote Pirrodon.<\/p>\n<p>Mientras que la ceremonia se llevaba a cabo tranquilamente, el sacerdote recibi\u00f3 varios SMS en su tel\u00e9fono m\u00f3vil inform\u00e1ndole que los feligreses estaban siendo controlados por las fuerzas del orden.Rezar en una iglesia representa en nuestros d\u00edas una amenaza para el orden p\u00fablico.<br \/>\nSe trataba de unos feligreses que deseaban expresarse sobre el encarcelamiento de un activista contra el matrimonio homosexual. Se trataba de peligrosos extremistas cat\u00f3licos armados con cochecitos para ni\u00f1os.<\/p>\n<p>Pero el sacerdote no pudo contenerse m\u00e1s cuando recibi\u00f3 un mensaje indicando que todos los feligreses saliendo de la iglesia eran objeto de un control de identidad.<\/p>\n<p>Normalmente, en la Francia democr\u00e1tica, el control esta considerado como legal, pero Un gendarme o un agente de polic\u00eda no puede controlar la identidad sin raz\u00f3n espec\u00edfica. (1) Un control de identidad puede utilizarse para prevenir los ataques contra el orden p\u00fablico,si hay evidencia que sugiera que un individuo se prepara para cometer un delito o un crimen.<\/p>\n<p>Hoy, en la Francia socialista, el simple hecho de estar en una iglesia provoc\u00f3 el control de identidad. Es alucinante, pero es as\u00ed.<br \/>\nEntonces el sacerdote, sorprendido por estos m\u00e9todos antidemocr\u00e1ticos,decidi\u00f3 decirle a su alcalde:\u00bbEl Sarkozysmo pone a los franceses en contra de otros franceses.El Socialismo, es lo contrario\u00bb<\/p>\n<p>El prefecto estuvo a dos dedos de golpear el sacerdote.<\/p>\n<p>Al final de la ceremonia, el Sacerdote Pirrodon le dijo alcalde: \u00abmientras comemos peque\u00f1os bocadillos mis feligreses est\u00e1n siendo detenidos por la polic\u00eda\u00bb, Manuel Valls se interpone: &#8216; calma Se\u00f1ores \u00bb<\/p>\n<p>El prefecto de Rh\u00f4ne, Jean-Fran\u00e7ois Carenco, confundiendo probablemente el vestido del Abad con la burka de un peligroso terrorista, avanza hacia el eclesi\u00e1stico y le dice \u00abSi no fuera un sacerdote le pondr\u00eda dos bofetadas.\u00bb El sacerdote es enviado a la comisar\u00eda.<\/p>\n<p>Este episodio,es otro en la guerra del gobierno socialista contra los opositores al matrimonio gay.La misi\u00f3n de la polic\u00eda es ahora la protecci\u00f3n de altos funcionarios del gobierno.<\/p>\n<p>El uso de gas lacrim\u00f3geno contra las mujeres, los ni\u00f1os o los manifestantes ya no es esta reservada a las dictaduras, se ha convertido tambi\u00e9n en una respuesta pol\u00edtica a los manifestantes pac\u00edficos ;esto se puede confirmar mediante este video en donde algunas personas cantan en la madrugada bajo la ventana de Valls:<br \/>\n(&#8230;)<\/p>\n","protected":false},"excerpt":{"rendered":"<p>Art\u00edculo de Nouvelles de France. Traducci\u00f3n y edici\u00f3n libre www.catolicasmexico.com Los cat\u00f3licos son los nuevos delincuentes que amenazan la democracia. En Saint-Cyr-au-Mont-d&#8217;or ,una peque\u00f1o pueblo en las afueras de Lyon el viernes, 21 de junio de 2013, Manuel Valls y Jean-Marc Ayrault participaron a la ceremonia de graduaci\u00f3n de la promoci\u00f3n 63 de la polic\u00eda, [&hellip;]<\/p>\n","protected":false},"author":2,"featured_media":4678,"comment_status":"open","ping_status":"open","sticky":false,"template":"","format":"standard","meta":{"spay_email":"","jetpack_publicize_message":"","jetpack_is_tweetstorm":false},"categories":[78,13,19],"tags":[],"aioseo_notices":[],"jetpack_featured_media_url":"http:\/\/catolicasmexico.com\/blog\/wp-content\/uploads\/2013\/07\/flag-france-drapeau-bandera.jpg","jetpack_publicize_connections":[],"jetpack_shortlink":"https:\/\/wp.me\/p3B5XH-hy","jetpack-related-posts":[{"id":1484,"url":"http:\/\/catolicasmexico.com\/blog\/diez-objeciones-a-la-misa-tradicional\/","url_meta":{"origin":1088,"position":0},"title":"Diez objeciones a la Misa Tradicional","date":"3 agosto 2013","format":false,"excerpt":"Art\u00edculo de Religi\u00f3n en Libertad Tan grande es la confusi\u00f3n y falta de conocimiento sobre la misa tradicional que hemos querido resumir en 10 puntos las objeciones m\u00e1s habituales que se oyen entre la gente. Nuestra esperanza es contribuir a la aclaraci\u00f3n de ciertos puntos. 1) Fue abolida por el\u2026","rel":"","context":"En \u00abFe\u00bb","img":{"alt_text":"","src":"https:\/\/i0.wp.com\/catolicasmexico.com\/blog\/wp-content\/uploads\/2013\/08\/Misa-Tridentina2.jpg?resize=350%2C200","width":350,"height":200},"classes":[]},{"id":2409,"url":"http:\/\/catolicasmexico.com\/blog\/un-sacerdote-se-ve-obligado-a-oficiar-la-misa-con-chaleco-antibalas-ya-han-planeado-su-asesinato\/","url_meta":{"origin":1088,"position":1},"title":"Un sacerdote se ve obligado a oficiar la Misa con chaleco antibalas: ya han planeado su asesinato","date":"20 enero 2014","format":false,"excerpt":"Por favor, pedimos oraciones por este Sacerdote y por todo nuestro pa\u00eds. Art\u00edculo de Religi\u00f3n en libertad- ReL Frente a la terrible situaci\u00f3n de violencia que se vive en Apatzig\u00e1n, estado de Michoac\u00e1n (M\u00e9xico) y ante las diversas amenazas del crimen organizado contra el clero, el padre Gregorio L\u00f3pez, de\u2026","rel":"","context":"En \u00abIglesia cat\u00f3lica\u00bb","img":{"alt_text":"","src":"https:\/\/i1.wp.com\/catolicasmexico.com\/blog\/wp-content\/uploads\/2014\/01\/20140120-183213.jpg?resize=350%2C200","width":350,"height":200},"classes":[]},{"id":2567,"url":"http:\/\/catolicasmexico.com\/blog\/julian-cruzalta-falso-sacerdote-promotor-del-aborto-fue-desenmascarado\/","url_meta":{"origin":1088,"position":2},"title":"Juli\u00e1n Cruzalta, falso sacerdote promotor del aborto fue desenmascarado.","date":"11 febrero 2014","format":false,"excerpt":"M\u00c9XICO D.F., 31 Ene. 14 \/ 10:17 am (ACI).- Esta vez fue el turno de la Arquidi\u00f3cesis mexicana de Durango de desenmascarar al falso sacerdote, promotor del aborto y miembro del lobby gay, Juli\u00e1n Cruzalta, que hace unos d\u00edas dio una conferencia para promover la agenda anti-vida de la autodenominada\u2026","rel":"","context":"En \u00abAborto\u00bb","img":{"alt_text":"","src":"https:\/\/i0.wp.com\/catolicasmexico.com\/blog\/wp-content\/uploads\/2014\/02\/20140211-182757.jpg?resize=350%2C200","width":350,"height":200},"classes":[]},{"id":313,"url":"http:\/\/catolicasmexico.com\/blog\/sacerdote-espanol-salva-vida-de-un-hombre-ante-inminente-suicidio\/","url_meta":{"origin":1088,"position":3},"title":"Sacerdote espa\u00f1ol salva vida de un hombre ante inminente suicidio","date":"14 mayo 2013","format":false,"excerpt":"MADRID, 13 May. 13 \/ 04:35 am (ACI\/EWTN Noticias).- El sacerdote Ismael Rojo salv\u00f3 la\u00a0vida\u00a0de un hombre que pretend\u00eda suicidarse lanz\u00e1ndose por un viaducto de 23 metros de altura situado en pleno centro de Madrid (Espa\u00f1a). El sacerdote \u2013que fue ordenado presb\u00edtero hace menos de dos semanas\u2013 caminaba rezando el\u2026","rel":"","context":"En \u00abIglesia cat\u00f3lica\u00bb","img":{"alt_text":"","src":"","width":0,"height":0},"classes":[]},{"id":583,"url":"http:\/\/catolicasmexico.com\/blog\/policia-china-rodea-pueblo-catolico-para-impedir-procesion-mariana\/","url_meta":{"origin":1088,"position":4},"title":"Polic\u00eda china rodea pueblo cat\u00f3lico para impedir procesi\u00f3n mariana","date":"28 mayo 2013","format":false,"excerpt":"Noticia de ETWN. La polic\u00eda china rode\u00f3 el domingo el pueblo de Donglu para impedir que el 90 por ciento de su poblaci\u00f3n que se declara cat\u00f3lica celebra una procesi\u00f3n a la Virgen Mar\u00eda, que seg\u00fan la tradici\u00f3n local se apareci\u00f3 en el cielo en 1900 durante la rebeli\u00f3n de\u2026","rel":"","context":"En \u00abFe\u00bb","img":{"alt_text":"","src":"","width":0,"height":0},"classes":[]},{"id":2511,"url":"http:\/\/catolicasmexico.com\/blog\/el-gobierno-frances-no-se-esconde-mas-el-ministro-del-interior-frances-se-reune-con-cuatro-logias-masonicas\/","url_meta":{"origin":1088,"position":5},"title":"El gobierno franc\u00e9s no se esconde m\u00e1s: el ministro del Interior franc\u00e9s se re\u00fane con cuatro logias mas\u00f3nicas.","date":"3 febrero 2014","format":false,"excerpt":"articulo de Religi\u00f3n en libertad. Las estrechas vinculaciones ideol\u00f3gicas e incluso personales entre la presidencia francesa de Fran\u00e7ois Hollande y la masoner\u00eda no son ning\u00fan secreto. Uno de los ministros del gobierno de Jean-Marc Ayrault que fue con certeza mas\u00f3n es el barcelon\u00e9s Manuel Valls, quien se habr\u00eda iniciado en\u2026","rel":"","context":"En \u00abFrancia\u00bb","img":{"alt_text":"","src":"https:\/\/i0.wp.com\/catolicasmexico.com\/blog\/wp-content\/uploads\/2014\/02\/20140204-131200.jpg?resize=350%2C200","width":350,"height":200},"classes":[]}],"jetpack_likes_enabled":false,"jetpack_sharing_enabled":true,"_links":{"self":[{"href":"http:\/\/catolicasmexico.com\/blog\/wp-json\/wp\/v2\/posts\/1088"}],"collection":[{"href":"http:\/\/catolicasmexico.com\/blog\/wp-json\/wp\/v2\/posts"}],"about":[{"href":"http:\/\/catolicasmexico.com\/blog\/wp-json\/wp\/v2\/types\/post"}],"author":[{"embeddable":true,"href":"http:\/\/catolicasmexico.com\/blog\/wp-json\/wp\/v2\/users\/2"}],"replies":[{"embeddable":true,"href":"http:\/\/catolicasmexico.com\/blog\/wp-json\/wp\/v2\/comments?post=1088"}],"version-history":[{"count":11,"href":"http:\/\/catolicasmexico.com\/blog\/wp-json\/wp\/v2\/posts\/1088\/revisions"}],"predecessor-version":[{"id":4679,"href":"http:\/\/catolicasmexico.com\/blog\/wp-json\/wp\/v2\/posts\/1088\/revisions\/4679"}],"wp:featuredmedia":[{"embeddable":true,"href":"http:\/\/catolicasmexico.com\/blog\/wp-json\/wp\/v2\/media\/4678"}],"wp:attachment":[{"href":"http:\/\/catolicasmexico.com\/blog\/wp-json\/wp\/v2\/media?parent=1088"}],"wp:term":[{"taxonomy":"category","embeddable":true,"href":"http:\/\/catolicasmexico.com\/blog\/wp-json\/wp\/v2\/categories?post=1088"},{"taxonomy":"post_tag","embeddable":true,"href":"http:\/\/catolicasmexico.com\/blog\/wp-json\/wp\/v2\/tags?post=1088"}],"curies":[{"name":"wp","href":"https:\/\/api.w.org\/{rel}","templated":true}]}}