{"id":1080,"date":"2013-07-04T22:48:23","date_gmt":"2013-07-05T03:48:23","guid":{"rendered":"http:\/\/catolicasmexico.com\/blog\/?p=1080"},"modified":"2013-07-05T09:28:15","modified_gmt":"2013-07-05T14:28:15","slug":"continua-la-lucha-por-la-libertad-de-conciencia-en-los-estados-unidos","status":"publish","type":"post","link":"http:\/\/catolicasmexico.com\/blog\/continua-la-lucha-por-la-libertad-de-conciencia-en-los-estados-unidos\/","title":{"rendered":"Contin\u00faa la lucha por la libertad de conciencia en los Estados Unidos."},"content":{"rendered":"<p><a href=\"http:\/\/catolicasmexico.com\/blog\/wp-content\/uploads\/2013\/07\/20130704-145617.jpg\"><img src=\"http:\/\/catolicasmexico.com\/blog\/wp-content\/uploads\/2013\/07\/20130704-145617.jpg\" alt=\"20130704-145617.jpg\" class=\"alignnone size-full\"  \/> <\/a><\/p>\n<p>En el blog de www.cqv.qc.ca original de genethique.org<br \/>\nTraducci\u00f3n y edici\u00f3n libre www.catolicasmexico.com<\/p>\n<p>El 2 de julio, cerca de 70 grupos religiosos, liderados por la Conferencia de obispos cat\u00f3licos, han publicado una carta abierta para rebelarse contra la reforma de salud del Presidente Obama en la que se estipula que se debe contribuir para la anticoncepci\u00f3n.<\/p>\n<p>El texto, (&#8230;) le pide \u00abrespetar la cl\u00e1usula de libertad de conciencia de cualquier organizaci\u00f3n o individuo que tiene objeciones religiosas o morales sobre la anticoncepci\u00f3n\u00bb. Al mismo tiempo, se dirige al Congreso para que tome \u00abmedidas para evitar este tipo de ataques en el futuro\u00bb.<\/p>\n<p>Los firmantes de esta carta expresaron su preocupaci\u00f3n diciendo: \u00absi el gobierno federal puede obligar a quienes se oponen moralmente a pagar la p\u00edldora de anticoncepci\u00f3n o el aborto (&#8230;) entonces forzar\u00e1 a otros americanos a no respetar sus creencias? \u00ab.<\/p>\n","protected":false},"excerpt":{"rendered":"<p>En el blog de www.cqv.qc.ca original de genethique.org Traducci\u00f3n y edici\u00f3n libre www.catolicasmexico.com El 2 de julio, cerca de 70 grupos religiosos, liderados por la Conferencia de obispos cat\u00f3licos, han publicado una carta abierta para rebelarse contra la reforma de salud del Presidente Obama en la que se estipula que se debe contribuir para la [&hellip;]<\/p>\n","protected":false},"author":2,"featured_media":1079,"comment_status":"open","ping_status":"open","sticky":false,"template":"","format":"standard","meta":{"spay_email":"","jetpack_publicize_message":"","jetpack_is_tweetstorm":false},"categories":[72,70],"tags":[],"aioseo_notices":[],"jetpack_featured_media_url":"http:\/\/catolicasmexico.com\/blog\/wp-content\/uploads\/2013\/07\/20130704-145617.jpg","jetpack_publicize_connections":[],"jetpack_shortlink":"https:\/\/wp.me\/p3B5XH-hq","jetpack-related-posts":[{"id":3440,"url":"http:\/\/catolicasmexico.com\/blog\/los-grandes-triunfos-provida-en-eeuu-y-el-poder-de-la-oracion\/","url_meta":{"origin":1080,"position":0},"title":"Los grandes triunfos provida en EEUU y el poder de la oraci\u00f3n.","date":"30 septiembre 2014","format":false,"excerpt":"10,000 beb\u00e9s fueron salvados durante 3 a\u00f1os, gracias a que el aborto por parto parcial fue prohibido en 2003, (consiste en inducir el parto, sacando al beb\u00e9 por los pies y una vez que se alcanza la cabeza esta se perfora a nivel de la fontanela , para retirar el\u2026","rel":"","context":"En \u00abAborto\u00bb","img":{"alt_text":"","src":"https:\/\/i1.wp.com\/catolicasmexico.com\/blog\/wp-content\/uploads\/2014\/09\/20140930-161915.jpg?resize=350%2C200","width":350,"height":200},"classes":[]},{"id":3734,"url":"http:\/\/catolicasmexico.com\/blog\/hillary-clinton-quiere-obligar-a-los-partidarios-de-la-tradicion-a-aceptar-el-aborto\/","url_meta":{"origin":1080,"position":1},"title":"Hillary Clinton quiere obligar a los partidarios de la tradici\u00f3n a aceptar el aborto","date":"29 abril 2015","format":false,"excerpt":"Hillary Clinton contendiente por el partido democr\u00e1tico en las pr\u00f3ximas elecciones en 2016, no teme atacar directamente a la fe - y sobre todo a los cat\u00f3licos americanos - en una conferencia en Nueva York afirm\u00f3 que \"se debe cambiar\" las creencias religiosas que condenan 'derechos reproductivos'\" palabras sacadas del\u2026","rel":"","context":"En \u00abataques contra la Iglesia Catolica\u00bb","img":{"alt_text":"","src":"","width":0,"height":0},"classes":[]},{"id":4966,"url":"http:\/\/catolicasmexico.com\/blog\/estan-relacionados-la-anticoncepcion-y-el-aborto-los-hechos-hablan\/","url_meta":{"origin":1080,"position":2},"title":"\u00bfEst\u00e1n relacionados la anticoncepci\u00f3n y el aborto?... los hechos hablan","date":"28 julio 2021","format":false,"excerpt":"Foto :\u00a0bisonov\/AdobeStock Publicado por Augustin Hamilton el 27\/07\/2021 18:17 Por Anne Marie Williams (LiveActionNews) - Traducido por Campagne Qu\u00e9bec-Vie - Foto: bisonov \/ AdobeStock . traducci\u00f3n libre CM Molly Jong-Fast, autora y periodista, escribi\u00f3 un art\u00edculo en Vogue: \u201cEl movimiento contra la anticoncepci\u00f3n es el nuevo movimiento contra el aborto\u201d;\u2026","rel":"","context":"En \u00abAborto\u00bb","img":{"alt_text":"","src":"https:\/\/i1.wp.com\/catolicasmexico.com\/blog\/wp-content\/uploads\/2021\/07\/Pilules-contraception-bisonov.jpg?resize=350%2C200","width":350,"height":200},"classes":[]},{"id":300,"url":"http:\/\/catolicasmexico.com\/blog\/los-sanitarios-y-medicos-andaluces-objetores-al-aborto-acuden-al-tribunal-constitucional\/","url_meta":{"origin":1080,"position":3},"title":"Los Sanitarios y m\u00e9dicos andaluces objetores al aborto, acuden al Tribunal Constitucional","date":"14 mayo 2013","format":false,"excerpt":"Articulo de Religi\u00f3n en\u00a0libertad.com El litigio que mantiene un grupo de m\u00e9dicos de familia frente al Servicio Andaluz de Salud(SAS), al que\u00a0exigen que les exima de los tr\u00e1mites previos de informaci\u00f3n y derivaci\u00f3n de pacientes\u00a0que solicitan la pr\u00e1ctica de un aborto por motivos de conciencia, ser\u00e1 analizado y resuelto por\u2026","rel":"","context":"En \u00abAborto\u00bb","img":{"alt_text":"","src":"","width":0,"height":0},"classes":[]},{"id":2491,"url":"http:\/\/catolicasmexico.com\/blog\/el-domingo-marcha-por-la-familia-en-7-capitales-europeas\/","url_meta":{"origin":1080,"position":4},"title":"El domingo, Marcha por la Familia en 7 capitales europeas.","date":"31 enero 2014","format":false,"excerpt":"Articulo de religi\u00f3n en libertad. Como habr\u00e1n comprobado los lectores de ReL que sigan la secci\u00f3n de \"Europa\" y la de \"Vida y Familia\", los lobbies anti-familia europeos en 2013 han logrado algunas victorias nacionales (redefinir el matrimonio en Francia y en Inglaterra, por ejemplo) pero en las instituciones y\u2026","rel":"","context":"En \u00abEspa\u00f1a\u00bb","img":{"alt_text":"","src":"https:\/\/i2.wp.com\/catolicasmexico.com\/blog\/wp-content\/uploads\/2014\/01\/20140131-104126.jpg?resize=350%2C200","width":350,"height":200},"classes":[]},{"id":389,"url":"http:\/\/catolicasmexico.com\/blog\/pildora-del-dia-siguiente-produce-aborto-y-no-es-anticoncepcion-de-emergencia-denuncian\/","url_meta":{"origin":1080,"position":5},"title":"P\u00edldora del d\u00eda siguiente produce aborto y no es anticoncepci\u00f3n de emergencia, denuncian","date":"20 mayo 2013","format":false,"excerpt":"BUENOS AIRES, 17 May. 13 \/ 11:13 am (ACI).- La Sociedad Argentina de \u00c9tica M\u00e9dica y Biol\u00f3gica (SAEMB) critic\u00f3 las recientes estad\u00edsticas de Sociedad Argentina de Farmac\u00e9uticos y Bioqu\u00edmicos donde se denomina a la \"p\u00edldora del d\u00eda despu\u00e9s\" como \"anticoncepci\u00f3n de emergencia\", y en este sentido, reafirmaron que la ingesta\u2026","rel":"","context":"En \u00abContracepci\u00f3n\u00bb","img":{"alt_text":"","src":"https:\/\/i1.wp.com\/catolicasmexico.com\/blog\/wp-content\/uploads\/2013\/05\/image-26.jpeg?resize=350%2C200","width":350,"height":200},"classes":[]}],"jetpack_likes_enabled":false,"jetpack_sharing_enabled":true,"_links":{"self":[{"href":"http:\/\/catolicasmexico.com\/blog\/wp-json\/wp\/v2\/posts\/1080"}],"collection":[{"href":"http:\/\/catolicasmexico.com\/blog\/wp-json\/wp\/v2\/posts"}],"about":[{"href":"http:\/\/catolicasmexico.com\/blog\/wp-json\/wp\/v2\/types\/post"}],"author":[{"embeddable":true,"href":"http:\/\/catolicasmexico.com\/blog\/wp-json\/wp\/v2\/users\/2"}],"replies":[{"embeddable":true,"href":"http:\/\/catolicasmexico.com\/blog\/wp-json\/wp\/v2\/comments?post=1080"}],"version-history":[{"count":3,"href":"http:\/\/catolicasmexico.com\/blog\/wp-json\/wp\/v2\/posts\/1080\/revisions"}],"predecessor-version":[{"id":1090,"href":"http:\/\/catolicasmexico.com\/blog\/wp-json\/wp\/v2\/posts\/1080\/revisions\/1090"}],"wp:featuredmedia":[{"embeddable":true,"href":"http:\/\/catolicasmexico.com\/blog\/wp-json\/wp\/v2\/media\/1079"}],"wp:attachment":[{"href":"http:\/\/catolicasmexico.com\/blog\/wp-json\/wp\/v2\/media?parent=1080"}],"wp:term":[{"taxonomy":"category","embeddable":true,"href":"http:\/\/catolicasmexico.com\/blog\/wp-json\/wp\/v2\/categories?post=1080"},{"taxonomy":"post_tag","embeddable":true,"href":"http:\/\/catolicasmexico.com\/blog\/wp-json\/wp\/v2\/tags?post=1080"}],"curies":[{"name":"wp","href":"https:\/\/api.w.org\/{rel}","templated":true}]}}