{"id":1073,"date":"2013-07-04T13:13:04","date_gmt":"2013-07-04T18:13:04","guid":{"rendered":"http:\/\/catolicasmexico.com\/blog\/?p=1073"},"modified":"2013-07-04T13:13:04","modified_gmt":"2013-07-04T18:13:04","slug":"las-fotos-de-la-peregrinacion-a-la-basilica-de-nuestra-senora-de-guadalupe","status":"publish","type":"post","link":"http:\/\/catolicasmexico.com\/blog\/las-fotos-de-la-peregrinacion-a-la-basilica-de-nuestra-senora-de-guadalupe\/","title":{"rendered":"Las fotos de la peregrinaci\u00f3n a la Bas\u00edlica de Nuestra Se\u00f1ora de Guadalupe."},"content":{"rendered":"<p><a href=\"http:\/\/catolicasmexico.com\/blog\/wp-content\/uploads\/2013\/07\/20130704-141236.jpg\"><img src=\"http:\/\/catolicasmexico.com\/blog\/wp-content\/uploads\/2013\/07\/20130704-141236.jpg\" alt=\"20130704-141236.jpg\" class=\"alignnone size-full\"  \/> <\/a><\/p>\n<p><a href=\"http:\/\/catolicasmexico.com\/blog\/wp-content\/uploads\/2013\/07\/20130704-141143.jpg\"><img src=\"http:\/\/catolicasmexico.com\/blog\/wp-content\/uploads\/2013\/07\/20130704-141143.jpg\" alt=\"20130704-141143.jpg\" class=\"alignnone size-full\"  \/> <\/a><\/p>\n<p>Las fotos fueron fueron compartidas por los organizadores del evento \u00abUnion de voluntades\u00bb.<br \/>\nAgradecemos, profundamente el poder constatar la fe de un pueblo profundamente cat\u00f3lico.<br \/>\nNos llena de orgullo, el hecho de ver que los ni\u00f1os participan entusiastas a la peregrinaci\u00f3n, felicitamos a aquellos padres que han sabido sembrar en ellos la fe, que es la mejor herencia y la que nadie nos puede arrancar. <\/p>\n<p>\u00a1Viva Cristo Rey!<br \/>\n\u00a1Viva la Sant\u00edsima Virgen de Guadalupe!<br \/>\n\u00a1Viva M\u00e9xico cat\u00f3lico!<\/p>\n<p><a href=\"http:\/\/catolicasmexico.com\/blog\/wp-content\/uploads\/2013\/07\/20130704-1411111.jpg\"><img src=\"http:\/\/catolicasmexico.com\/blog\/wp-content\/uploads\/2013\/07\/20130704-1411111.jpg\" alt=\"20130704-141111.jpg\" class=\"alignnone size-full\"  \/> <\/a><\/p>\n<p><a href=\"http:\/\/catolicasmexico.com\/blog\/wp-content\/uploads\/2013\/07\/20130704-141202.jpg\"><img src=\"http:\/\/catolicasmexico.com\/blog\/wp-content\/uploads\/2013\/07\/20130704-141202.jpg\" alt=\"20130704-141202.jpg\" class=\"alignnone size-\n\n<a href=\"  \/> <img src=\"http:\/\/catolicasmexico.com\/blog\/wp-content\/uploads\/2013\/07\/20130704-141433.jpg\" alt=\"20130704-141433.jpg\" class=\"alignnone size-full\"  \/> <\/a><\/p>\n","protected":false},"excerpt":{"rendered":"<p>Las fotos fueron fueron compartidas por los organizadores del evento \u00abUnion de voluntades\u00bb. Agradecemos, profundamente el poder constatar la fe de un pueblo profundamente cat\u00f3lico. Nos llena de orgullo, el hecho de ver que los ni\u00f1os participan entusiastas a la peregrinaci\u00f3n, felicitamos a aquellos padres que han sabido sembrar en ellos la fe, que es [&hellip;]<\/p>\n","protected":false},"author":2,"featured_media":1070,"comment_status":"open","ping_status":"open","sticky":false,"template":"","format":"standard","meta":{"spay_email":"","jetpack_publicize_message":"","jetpack_is_tweetstorm":false},"categories":[25,57,14],"tags":[],"aioseo_notices":[],"jetpack_featured_media_url":"http:\/\/catolicasmexico.com\/blog\/wp-content\/uploads\/2013\/07\/20130704-141236.jpg","jetpack_publicize_connections":[],"jetpack_shortlink":"https:\/\/wp.me\/p3B5XH-hj","jetpack-related-posts":[{"id":3695,"url":"http:\/\/catolicasmexico.com\/blog\/gloria-a-dios-viva-cristo-rey-viva-la-santisima-virgen-de-guadalupe-2-centros-de-exterminio-prenatal-fueron-cerrados\/","url_meta":{"origin":1073,"position":0},"title":"\u00a1Gloria a Dios, Viva Cristo Rey, Viva la Sant\u00edsima Virgen de Guadalupe! 2 centros de exterminio prenatal fueron cerrados.\u00a0","date":"13 abril 2015","format":false,"excerpt":"En el sitio de 40 days for life internacional se puede leer : noticia de \u00faltimo minuto dos de las tres cl\u00ednicas de aborto en la regi\u00f3n metropolitana de m\u00e9xico city acaban de cerrar.Una de las cl\u00ednicas era l\u00edder en la rep\u00fablica Marie stopes en la colonia roma. La cl\u00ednica\u2026","rel":"","context":"En \u00ab40 D\u00edas por la vida\u00bb","img":{"alt_text":"","src":"https:\/\/i0.wp.com\/catolicasmexico.com\/blog\/wp-content\/uploads\/2015\/04\/IMG_0238.jpg?resize=350%2C200","width":350,"height":200},"classes":[]},{"id":994,"url":"http:\/\/catolicasmexico.com\/blog\/recordatorio-de-la-peregrinacion-a-la-basilica-de-guadalupe\/","url_meta":{"origin":1073,"position":1},"title":"Recordatorio de la peregrinaci\u00f3n a la Bas\u00edlica de Guadalupe.","date":"28 junio 2013","format":false,"excerpt":"CONFIRMAMOS LA PEREGRINACI\u00d3N SER\u00c1 ENCABEZADA POR POCO M\u00c1S DE 180 RELIQUIAS DE SANTOS Y BEATOS. Informaci\u00f3n: www.uniondevoluntades.org.mex Nos vemos el S\u00e1bado 29 de Junio a las 11:00 hrs. en la Ex-Glorieta de Peralvillo de ah\u00ed partiremos todos juntos hacia el Tepeyac donde la Virgen de Guadalupe nos espera. La Misa\u2026","rel":"","context":"En \u00abFamilia\u00bb","img":{"alt_text":"","src":"","width":0,"height":0},"classes":[]},{"id":1729,"url":"http:\/\/catolicasmexico.com\/blog\/que-mexico-viva-magno-evento-provida-en-queretaro\/","url_meta":{"origin":1073,"position":2},"title":"\u00a1Que M\u00e9xico...Viva! Magno evento provida en Quer\u00e9taro","date":"30 agosto 2013","format":false,"excerpt":"1. Habr\u00e1 venta de alimentos y se recomienda llevar sombrilla para el sol y agua para hidratarse 2. Las puertas del estadio abrir\u00e1n desde las 6:00 am 3. EL EVENTO NO TIENE BOLETOS Y ES GRATUITO 4. Marino Restrepo y el Padre Luis de Moya participan en formato video, todas\u2026","rel":"","context":"En \u00abAborto\u00bb","img":{"alt_text":"","src":"https:\/\/i2.wp.com\/catolicasmexico.com\/blog\/wp-content\/uploads\/2013\/08\/20130830-1248581.jpg?resize=350%2C200","width":350,"height":200},"classes":[]},{"id":853,"url":"http:\/\/catolicasmexico.com\/blog\/peregrinacion-por-la-fe-la-unidad-y-la-esperanza-de-la-iglesia\/","url_meta":{"origin":1073,"position":3},"title":"Peregrinaci\u00f3n  por la Fe, la Unidad y la Esperanza de la iglesia","date":"15 junio 2013","format":false,"excerpt":"Informaci\u00f3n del sitio de www.forumvida.org S\u00e1bado 29 de Junio del 2013. Bas\u00edlica de Guadalupe. La salida es a las 11:00 en la Ex-Glorieta de Peralvillo. Habr\u00e1 m\u00e1s de 150 reliquias de Santos y Beatos.","rel":"","context":"En \u00abFe\u00bb","img":{"alt_text":"","src":"","width":0,"height":0},"classes":[]},{"id":1703,"url":"http:\/\/catolicasmexico.com\/blog\/los-cristeros-y-su-viril-ideal\/","url_meta":{"origin":1073,"position":4},"title":"LOS CRISTEROS Y SU VIRIL IDEAL","date":"27 agosto 2013","format":false,"excerpt":"Art\u00edculo original de\u00a0http:\/\/radiocristiandad.wordpress.com\u00a0comentario de Alejandro P. para catolicasmexico.com NECESITAMOS QUE \u00c9L REINE Aqu\u00e9l por el que M\u00e9xico luch\u00f3 y muri\u00f3 hace 84 a\u00f1os. Sus enemigos los llamaron \u201cCristeros\u201d por su grito de guerra:\u00a0\u00a1Viva Cristo Rey!\u00a0Ese bendito grito que empez\u00f3 a o\u00edrse en nuestra Patria por primera vez en 1854, cuando\u2026","rel":"","context":"En \u00abFe\u00bb","img":{"alt_text":"","src":"https:\/\/i1.wp.com\/catolicasmexico.com\/blog\/wp-content\/uploads\/2013\/08\/christusrex.jpg?resize=350%2C200","width":350,"height":200},"classes":[]},{"id":2217,"url":"http:\/\/catolicasmexico.com\/blog\/hoy-la-iglesia-celebra-a-la-virgen-de-guadalupe-patrona-de-america\/","url_meta":{"origin":1073,"position":5},"title":"Hoy la Iglesia celebra a la Virgen de Guadalupe, Patrona de Am\u00e9rica","date":"12 diciembre 2013","format":false,"excerpt":"LIMA, 12 Dic. 13 \/ 12:04 am (ACI).- Hoy 12 de diciembre fieles en el mundo entero festejan a Nuestra Se\u00f1ora de Guadalupe, Patrona de M\u00e9xico y Emperatriz de Am\u00e9rica, y en el marco de esta fecha el Papa Francisco se\u00f1al\u00f3 que la aparici\u00f3n de la Madre de Dios en\u2026","rel":"","context":"En \u00abFe\u00bb","img":{"alt_text":"","src":"","width":0,"height":0},"classes":[]}],"jetpack_likes_enabled":false,"jetpack_sharing_enabled":true,"_links":{"self":[{"href":"http:\/\/catolicasmexico.com\/blog\/wp-json\/wp\/v2\/posts\/1073"}],"collection":[{"href":"http:\/\/catolicasmexico.com\/blog\/wp-json\/wp\/v2\/posts"}],"about":[{"href":"http:\/\/catolicasmexico.com\/blog\/wp-json\/wp\/v2\/types\/post"}],"author":[{"embeddable":true,"href":"http:\/\/catolicasmexico.com\/blog\/wp-json\/wp\/v2\/users\/2"}],"replies":[{"embeddable":true,"href":"http:\/\/catolicasmexico.com\/blog\/wp-json\/wp\/v2\/comments?post=1073"}],"version-history":[{"count":1,"href":"http:\/\/catolicasmexico.com\/blog\/wp-json\/wp\/v2\/posts\/1073\/revisions"}],"predecessor-version":[{"id":1074,"href":"http:\/\/catolicasmexico.com\/blog\/wp-json\/wp\/v2\/posts\/1073\/revisions\/1074"}],"wp:featuredmedia":[{"embeddable":true,"href":"http:\/\/catolicasmexico.com\/blog\/wp-json\/wp\/v2\/media\/1070"}],"wp:attachment":[{"href":"http:\/\/catolicasmexico.com\/blog\/wp-json\/wp\/v2\/media?parent=1073"}],"wp:term":[{"taxonomy":"category","embeddable":true,"href":"http:\/\/catolicasmexico.com\/blog\/wp-json\/wp\/v2\/categories?post=1073"},{"taxonomy":"post_tag","embeddable":true,"href":"http:\/\/catolicasmexico.com\/blog\/wp-json\/wp\/v2\/tags?post=1073"}],"curies":[{"name":"wp","href":"https:\/\/api.w.org\/{rel}","templated":true}]}}