{"id":1060,"date":"2013-07-04T11:28:50","date_gmt":"2013-07-04T16:28:50","guid":{"rendered":"http:\/\/catolicasmexico.com\/blog\/?p=1060"},"modified":"2013-07-04T23:00:48","modified_gmt":"2013-07-05T04:00:48","slug":"una-pareja-del-mismo-sexo-condenados-por-haber-adoptado-un-nino-con-el-fin-de-explotarlo-sexualmente","status":"publish","type":"post","link":"http:\/\/catolicasmexico.com\/blog\/una-pareja-del-mismo-sexo-condenados-por-haber-adoptado-un-nino-con-el-fin-de-explotarlo-sexualmente\/","title":{"rendered":"Una pareja del mismo sexo condenados por haber adoptado un ni\u00f1o con el fin de explotarlo sexualmente."},"content":{"rendered":"<p><a href=\"http:\/\/catolicasmexico.com\/blog\/wp-content\/uploads\/2013\/07\/20130703-194812.jpg\"><img src=\"http:\/\/catolicasmexico.com\/blog\/wp-content\/uploads\/2013\/07\/20130703-194812.jpg\" alt=\"20130703-194812.jpg\" class=\"alignnone size-full\"  \/> <\/a><\/p>\n<p>(&#8230;)\u00ab Mark Newton y su novio australiano Peter Truong. Que, seg\u00fan su relato, quer\u00edan experimentar las&#8217; alegr\u00edas de la paternidad \u00ab, en 2005, despu\u00e9s de un largo procesoobtuvieron en Rusia por la suma de 8000 d\u00f3lares un ni\u00f1o concebido por GPA (maternidad subrogada) con los gametos de uno de los dos hombres.<\/p>\n<p>Del blog de www.qcv.qc.ca<br \/>\nTraducci\u00f3n y redacci\u00f3n libre www.catolicasmexico.com<\/p>\n<p>A la edad de 22 meses, el ni\u00f1o comenz\u00f3 a ser objeto de abuso sexual todos los d\u00edas, por sus \u00abpadres\u00bb y por lo menos ocho otros adultos en Australia, Francia, Alemania y Estados Unidos.<\/p>\n<p>El nivel de explotaci\u00f3n sexual hab\u00eda alcanzado un nivel tal, que el ni\u00f1o creci\u00f3 creyendo que los actos de los cuales era v\u00edctima era la vida normal. Incluso fue entrenado de c\u00f3mo negar todo si alguien le hacia una pregunta.<\/p>\n<p>(&#8230;)<\/p>\n<p>Cuando se comenz\u00f3 a sospechar de los dos hombres, acusaron a las autoridades de estigmatizarlos debido a su orientaci\u00f3n sexual.<\/p>\n<p>En 2010, entrevistado por una radio australiana, la pareja actu\u00f3 para dar la imagen de una familia como cualquier otra. Para los investigadores, est\u00e1 muy claro que compraron al ni\u00f1o con el \u00fanico prop\u00f3sito de explotarlo sexualmente.<\/p>\n<p>Esta familia vive en Los Angeles, Estados Unidos. Marc Newton ha sido condenado a 40 a\u00f1os de prisi\u00f3n. Mientras  Truong se encuentra en espera de que su condena sea pronunciada. \u00bb<\/p>\n","protected":false},"excerpt":{"rendered":"<p>(&#8230;)\u00ab Mark Newton y su novio australiano Peter Truong. Que, seg\u00fan su relato, quer\u00edan experimentar las&#8217; alegr\u00edas de la paternidad \u00ab, en 2005, despu\u00e9s de un largo procesoobtuvieron en Rusia por la suma de 8000 d\u00f3lares un ni\u00f1o concebido por GPA (maternidad subrogada) con los gametos de uno de los dos hombres. Del blog de [&hellip;]<\/p>\n","protected":false},"author":2,"featured_media":1058,"comment_status":"open","ping_status":"open","sticky":false,"template":"","format":"standard","meta":{"spay_email":"","jetpack_publicize_message":"","jetpack_is_tweetstorm":false},"categories":[72,12],"tags":[],"aioseo_notices":[],"jetpack_featured_media_url":"http:\/\/catolicasmexico.com\/blog\/wp-content\/uploads\/2013\/07\/20130703-194812.jpg","jetpack_publicize_connections":[],"jetpack_shortlink":"https:\/\/wp.me\/p3B5XH-h6","jetpack-related-posts":[{"id":4949,"url":"http:\/\/catolicasmexico.com\/blog\/el-aborto-mata-a-un-ser-humano\/","url_meta":{"origin":1060,"position":0},"title":"El aborto mata a un ser humano.","date":"5 agosto 2020","format":false,"excerpt":"Algunas especies de animales benefician de una protecci\u00f3n jur\u00eddica en pa\u00edses como Canad\u00e1. Sin embargo no existe ninguna protecci\u00f3n para el ni\u00f1o en el vientre materno. Algunos animales son tratados con m\u00e1s respeto que un beb\u00e9 antes de su nacimiento. \u00bfEl ni\u00f1o en el seno materno es un ser humano?\u2026","rel":"","context":"En \u00abAborto\u00bb","img":{"alt_text":"","src":"https:\/\/i0.wp.com\/catolicasmexico.com\/blog\/wp-content\/uploads\/2020\/08\/c7600f24-2bb1-4f0a-b47b-f2ea6c37d2fe-898-00000457eab088e4-1.jpg?resize=350%2C200","width":350,"height":200},"classes":[]},{"id":2082,"url":"http:\/\/catolicasmexico.com\/blog\/cuando-veas-las-barbas-de-tu-vecino-la-isla-del-principe-eduardo-canada-ofrece-educacion-sexual-a-los-ninos-que-es-mas-bien-una-puerta-abierta-a-la-pedofilia\/","url_meta":{"origin":1060,"position":1},"title":"Cuando veas las barbas de tu vecino: \u00a1La Isla del pr\u00edncipe Eduardo (Canad\u00e1) ofrece \"educaci\u00f3n sexual\" a los ni\u00f1os  que es m\u00e1s bien una puerta abierta a la pedofilia\u00a1","date":"19 noviembre 2013","format":false,"excerpt":"Delsitio de www.cqv.cq.cq En el sitio del Socon del 15 de noviembre de 2013 (Comentario sobre la informaci\u00f3n de LifeSiteNews) Traducci\u00f3n y edici\u00f3n libre www.catolicasmexico.com Resumen de dicha gu\u00eda: El Comportamiento \"Sano y natural\" para los ni\u00f1os menores de cinco a\u00f1os es el siguiente: -'Tocar las \"partes privadas\" de familiares\u2026","rel":"","context":"En \u00abCanada.\u00bb","img":{"alt_text":"","src":"","width":0,"height":0},"classes":[]},{"id":3912,"url":"http:\/\/catolicasmexico.com\/blog\/testimonio-personal-medico-explica-como-los-bebes-que-sobreviven-al-aborto-son-asesinados-o-abandonados-a-su-suerte\/","url_meta":{"origin":1060,"position":2},"title":"Testimonio: Personal m\u00e9dico explica c\u00f3mo los beb\u00e9s que sobreviven al aborto son asesinados o abandonados a su suerte","date":"21 julio 2015","format":false,"excerpt":"El ni\u00f1o naci\u00f3 vivo y para impedirle gritar, el m\u00e9dico r\u00e1pidamente cubri\u00f3 su rostro. Luego lo llev\u00f3 a otra habitaci\u00f3n... No vi ning\u00fan defecto en \u00e9l, luch\u00f3 para respirar e hizo algunos gestos leves. Estaba completamente formado, ten\u00eda pesta\u00f1as, pelo, u\u00f1as... El doctor se acerc\u00f3 y pregunt\u00f3 si a\u00fan estaba\u2026","rel":"","context":"En \u00abAborto\u00bb","img":{"alt_text":"","src":"https:\/\/i0.wp.com\/catolicasmexico.com\/blog\/wp-content\/uploads\/2015\/07\/nouveau-ne.jpg?resize=350%2C200","width":350,"height":200},"classes":[]},{"id":3711,"url":"http:\/\/catolicasmexico.com\/blog\/un-estudiante-de-medicina-horrorizado-era-pro-aborto-hasta-que-vio-a-un-bebe-ser-descuartizado-por-el-aborto\/","url_meta":{"origin":1060,"position":3},"title":"Fui pro-aborto hasta que vi un beb\u00e9 ser descuartizado por el aborto...L\u00e1grimas brotaron de mis ojos cuando removieron al ni\u00f1o de la mesa y metieron su cuerpo en un recipiente para desecharlo. ( Un estudiante de medicina)","date":"24 abril 2015","format":false,"excerpt":"\u00a0 Por Sarah Terzo (LiveActionNews)\u00a0 traducci\u00f3n libre para catolicasmexico.com Hace alg\u00fan tiempo, me envi\u00f3 este testimonio de un estudiante de medicina (...) \u00a0 Para empezar, debo decir que hasta ayer, viernes, 02 de julio de 2004, era absolutamente pro-elecci\u00f3n. Soy un estudiante de medicina y siendo cient\u00edfico, comprend\u00eda que la\u2026","rel":"","context":"En \u00abAborto\u00bb","img":{"alt_text":"","src":"https:\/\/i0.wp.com\/catolicasmexico.com\/blog\/wp-content\/uploads\/2015\/04\/10-weeks-abortion1_344_226_55.jpg?resize=350%2C200","width":350,"height":200},"classes":[]},{"id":271,"url":"http:\/\/catolicasmexico.com\/blog\/si-es-un-nino-y-si-vamos-a-matarlo-los-aborteros-estrenan-franqueza-ante-las-madres-que-dudan\/","url_meta":{"origin":1060,"position":4},"title":"\"Si es un ni\u00f1o y si vamos a matarlo\" Los aborteros estrenan franqueza, ante las madres que dudan.","date":"12 mayo 2013","format":false,"excerpt":"Articulo de RELIGION EN LIBERTAD. Antes se trataba de enga\u00f1ar a las mujeres a quienes remord\u00eda la conciencia por lo que iban a hacer.\u00a0Si preguntaban \"\u00bfAbortar es matar a mi hijo?\" la respuesta deb\u00eda ser \"No\". Carol Everett, antigua propietaria de dos abortorios y administradora de otros cuatro,\u00a0lo explica as\u00ed:\u2026","rel":"","context":"En \u00abAborto\u00bb","img":{"alt_text":"","src":"https:\/\/i1.wp.com\/catolicasmexico.com\/blog\/wp-content\/uploads\/2013\/05\/image-12.jpeg?resize=350%2C200","width":350,"height":200},"classes":[]},{"id":4755,"url":"http:\/\/catolicasmexico.com\/blog\/vive-gracias-a-sus-padres\/","url_meta":{"origin":1060,"position":5},"title":"Vive gracias a sus padres.","date":"16 agosto 2017","format":false,"excerpt":"Par Nancy Flanders (Live Action News ) traducido por Campagne Qu\u00e9bec-Vie. Estos padres rechazaron el aborto de su hijo a pesar de las presiones intensas del personal m\u00e9dico. La madre se le rompi\u00f3 la fuente prematuramente cuando ten\u00eda 20 semanas de embarazo raz\u00f3n por la cual los m\u00e9dicos le sugirieron\u2026","rel":"","context":"En \u00abAborto\u00bb","img":{"alt_text":"","src":"https:\/\/i1.wp.com\/catolicasmexico.com\/blog\/wp-content\/uploads\/2017\/08\/38849c75-f114-4c5c-8f0b-d98660c38fd2.jpg?resize=350%2C200","width":350,"height":200},"classes":[]}],"jetpack_likes_enabled":false,"jetpack_sharing_enabled":true,"_links":{"self":[{"href":"http:\/\/catolicasmexico.com\/blog\/wp-json\/wp\/v2\/posts\/1060"}],"collection":[{"href":"http:\/\/catolicasmexico.com\/blog\/wp-json\/wp\/v2\/posts"}],"about":[{"href":"http:\/\/catolicasmexico.com\/blog\/wp-json\/wp\/v2\/types\/post"}],"author":[{"embeddable":true,"href":"http:\/\/catolicasmexico.com\/blog\/wp-json\/wp\/v2\/users\/2"}],"replies":[{"embeddable":true,"href":"http:\/\/catolicasmexico.com\/blog\/wp-json\/wp\/v2\/comments?post=1060"}],"version-history":[{"count":2,"href":"http:\/\/catolicasmexico.com\/blog\/wp-json\/wp\/v2\/posts\/1060\/revisions"}],"predecessor-version":[{"id":1083,"href":"http:\/\/catolicasmexico.com\/blog\/wp-json\/wp\/v2\/posts\/1060\/revisions\/1083"}],"wp:featuredmedia":[{"embeddable":true,"href":"http:\/\/catolicasmexico.com\/blog\/wp-json\/wp\/v2\/media\/1058"}],"wp:attachment":[{"href":"http:\/\/catolicasmexico.com\/blog\/wp-json\/wp\/v2\/media?parent=1060"}],"wp:term":[{"taxonomy":"category","embeddable":true,"href":"http:\/\/catolicasmexico.com\/blog\/wp-json\/wp\/v2\/categories?post=1060"},{"taxonomy":"post_tag","embeddable":true,"href":"http:\/\/catolicasmexico.com\/blog\/wp-json\/wp\/v2\/tags?post=1060"}],"curies":[{"name":"wp","href":"https:\/\/api.w.org\/{rel}","templated":true}]}}