{"id":1050,"date":"2013-07-03T12:01:50","date_gmt":"2013-07-03T17:01:50","guid":{"rendered":"http:\/\/catolicasmexico.com\/blog\/?p=1050"},"modified":"2013-07-03T12:43:35","modified_gmt":"2013-07-03T17:43:35","slug":"el-primer-ministro-de-ontario-kathleen-wynne-considera-la-propuesta-de-eutanasia-de-quebec","status":"publish","type":"post","link":"http:\/\/catolicasmexico.com\/blog\/el-primer-ministro-de-ontario-kathleen-wynne-considera-la-propuesta-de-eutanasia-de-quebec\/","title":{"rendered":"El Primer Ministro de Ontario, Kathleen Wynne, considera la propuesta de eutanasia de Quebec"},"content":{"rendered":"<p>Del blog de Alex Schadenberg.<br \/>\nTraducci\u00f3n y redacci\u00f3n Alejandro P. de www.catolicasmexico.com<\/p>\n<p>Kathleen Wynne, Primer Ministro liberal de Ontario, parece considerar propuestas similares a las que Quebec hizo la semana pasada cuando present\u00f3 el proyecto de ley 52, para legalizar la eutanasia en la provincia.<\/p>\n<p><img class=\"alignright\" src=\"http:\/\/www.cp24.com\/polopoly_fs\/1.1131261!\/httpImage\/image.jpeg_gen\/derivatives\/landscape_960\/image.jpeg\" alt=\"\" width=\"346\" height=\"194\"  \/> <\/p>\n<div>\n<p>\u00abNecesitamos tener una charla sobre las decisiones de &#8216;fin de vida&#8217;, como el debate de eutanasia que la Primer Ministro de Quebec, Pauline Marois encendi\u00f3 en su provincia recientemente.\u00bb<\/p>\n<p>La semana pasada, CBC news inform\u00f3 que Wynne hab\u00eda mostrado signos de apoyo al proyecto de Ley 52, que pretende legalizar la eutanasia en Quebec, y ahora el Sol de Toronto ha publicado una entrevista con Wynne, quien usa un lenguaje prudente pero partidario:<\/p>\n<p style=\"padding-left: 30px;\"> En una entrevista amplia, Franca el martes, Wynne dijo al Sol de Toronto que considera el debate sobre la eutanasia y decisiones de fin de vida, \u00abel tema de salud de nuestro tiempo.\u00bb<\/p>\n<p style=\"padding-left: 30px;\"> El gran n\u00famero de \u00abbaby boomers\u00bb listos para jubilarse y que requieren mayor atenci\u00f3n m\u00e9dica al envejecer\u2014 plantea el debate acerca de cu\u00e1ndo acabar con la vida, y al mismo tiempo, la lucha de los gobiernos en todo el pa\u00eds para hacer frente a esta bomba de tiempo y que los mayores quieren tomar el control de sus propias vidas y destinos.<\/p>\n<p style=\"padding-left: 30px;\"> \u00abEs un gran debate \u00e9tico, por lo que creo que es algo que cada persona en este pa\u00eds va a tener que enfrentar y discutir y obviamente la gente de Ontario no va a ser una excepci\u00f3n.\u00bb Wynne a\u00f1adi\u00f3 que varis individuos y grupos est\u00e1n presionando a los gobiernos para que los enfermos en fase terminal puedan tomar el control de sus muertes por medio del suicidio asistido.<\/p>\n<p style=\"padding-left: 30px;\"> Es parte de una discusi\u00f3n m\u00e1s grande alrededor de cuidados paliativos y hospicios, dijo.<\/p>\n<p> El art\u00edculo cita luego del informe de gobierno de Ontario emitido por Don Drummond sobre las financias del gobierno que declar\u00f3:<\/p>\n<p style=\"padding-left: 30px;\"> En su informe el a\u00f1o pasado sobre <strong>c\u00f3mo frenar el gasto provincial<\/strong>, el economista Don Drummond dijo que los m\u00e9dicos <strong>deben presentar a las personas de mediana edad las decisiones de fin de vida<\/strong>.<\/p>\n<p style=\"padding-left: 30px;\"> \u00abLos m\u00e9dicos tienen que abrir un di\u00e1logo sobre un testamento que exponga c\u00f3mo los individuos desean ser atendidos cuando sean incapaces de hacerlo, incluyendo la necesidad de discutir el testamento con la familia previamente para mitigar cualquier conflicto posible m\u00e1s adelante\u00bb, dijo Drummond en su informe.<\/p>\n<p style=\"padding-left: 30px;\"> No es un pensamiento alegre, pero en t\u00e9rminos puramente econ\u00f3micos, entre m\u00e1s viejo eres, m\u00e1s cuestas al sistema de salud. No olvide que el informe de Drummond se trata  de ahorrar dinero \u2014 no sobre c\u00f3mo salvar vidas.<\/p>\n<p>&nbsp;<\/p>\n<\/div>\n","protected":false},"excerpt":{"rendered":"<p>Del blog de Alex Schadenberg. Traducci\u00f3n y redacci\u00f3n Alejandro P. de www.catolicasmexico.com Kathleen Wynne, Primer Ministro liberal de Ontario, parece considerar propuestas similares a las que Quebec hizo la semana pasada cuando present\u00f3 el proyecto de ley 52, para legalizar la eutanasia en la provincia. \u00abNecesitamos tener una charla sobre las decisiones de &#8216;fin de [&hellip;]<\/p>\n","protected":false},"author":5,"featured_media":3889,"comment_status":"open","ping_status":"open","sticky":false,"template":"","format":"standard","meta":{"spay_email":"","jetpack_publicize_message":"","jetpack_is_tweetstorm":false},"categories":[84,10,70,71],"tags":[],"aioseo_notices":[],"jetpack_featured_media_url":"http:\/\/catolicasmexico.com\/blog\/wp-content\/uploads\/2015\/07\/image.jpeg","jetpack_publicize_connections":[],"jetpack_shortlink":"https:\/\/wp.me\/p3B5XH-gW","jetpack-related-posts":[{"id":2937,"url":"http:\/\/catolicasmexico.com\/blog\/en-quebec-paso-el-proyecto-de-ley-para-legalizar-la-eutanasia-el-colectivo-de-medicos-ira-a-la-corte-superior\/","url_meta":{"origin":1050,"position":0},"title":"En Quebec pas\u00f3 el proyecto de ley para legalizar la eutanasia, el colectivo de m\u00e9dicos ir\u00e1 a la Corte Superior.","date":"23 mayo 2014","format":false,"excerpt":"Del sitio www.cqv.cq.ca traducci\u00f3n y edici\u00f3n libre www.catolicas mexico.com(...)el colectivo de m\u00e9dicos contra la eutanasia y la red de ciudadanos vivir con dignidad est\u00e1n cuestionando la validez de la Ley 52 en la asistencia m\u00e9dica para morir, consider\u00e1ndola inconstitucional. Las dos organizaciones dijeron este jueves estar listos para enfrentarla ,la\u2026","rel":"","context":"En \u00abCanada.\u00bb","img":{"alt_text":"","src":"https:\/\/i0.wp.com\/catolicasmexico.com\/blog\/wp-content\/uploads\/2014\/05\/20140523-151928.jpg?resize=350%2C200","width":350,"height":200},"classes":[]},{"id":2565,"url":"http:\/\/catolicasmexico.com\/blog\/unete-a-la-jornada-de-ayuno-y-de-oracion-por-quebec\/","url_meta":{"origin":1050,"position":1},"title":"\u00a1Unete a la jornada de ayuno y de oraci\u00f3n por Quebec!","date":"10 febrero 2014","format":false,"excerpt":"Monse\u00f1or Lepine hizo un llamado a la oraci\u00f3n y al ayuno para evitar la adopci\u00f3n de la ley que permite la eutanasia. Este 11 de febrero d\u00eda de la Virgen de Lourdes y d\u00eda mundial de los enfermos un\u00e1monos por medio de la oraci\u00f3n y el ayuno con todos aquellos\u2026","rel":"","context":"En \u00abCanada.\u00bb","img":{"alt_text":"","src":"https:\/\/i2.wp.com\/catolicasmexico.com\/blog\/wp-content\/uploads\/2014\/02\/20140210-194830.jpg?resize=350%2C200","width":350,"height":200},"classes":[]},{"id":1115,"url":"http:\/\/catolicasmexico.com\/blog\/el-comite-de-etica-del-gobierno-de-francia-rechaza-la-legalizacion-del-suicidio-asistido\/","url_meta":{"origin":1050,"position":2},"title":"El Comit\u00e9 de \u00c9tica del gobierno de Francia rechaza la legalizaci\u00f3n del suicidio asistido.","date":"8 julio 2013","format":false,"excerpt":"Por Alex Schadenberg. Traducci\u00f3n y edici\u00f3n libre Alejandro P. de www.catolicasmexico.com Coalici\u00f3n de prevenci\u00f3n de la eutanasia El Comit\u00e9 Consultivo Oficial de \u00c9tica de Francia(CCNE de Francia) ha rechazado la legalizaci\u00f3n del suicidio asistido despu\u00e9s de un voto mayoritario. La Comisi\u00f3n encargada de investigar la cuesti\u00f3n de la eutanasia y\u2026","rel":"","context":"En \u00abEutanasia\u00bb","img":{"alt_text":"","src":"","width":0,"height":0},"classes":[]},{"id":940,"url":"http:\/\/catolicasmexico.com\/blog\/la-eutanasia-infantil-en-belgica-y-los-paises-bajos-70-anos-despues-del-regimen-nazi\/","url_meta":{"origin":1050,"position":3},"title":"La eutanasia infantil en B\u00e9lgica y los Pa\u00edses Bajos 70 a\u00f1os despu\u00e9s del r\u00e9gimen Nazi","date":"21 junio 2013","format":false,"excerpt":"POR PETER SAUNDERS \u00a0 18 De junio del 2013 (PJSaunders) - La semana pasada B\u00e9lgica y Holanda han tomado pasos importantes para la legalizacion de la eutanasia para los ni\u00f1os. \u00a0 Seg\u00fan los informes, un acuerdo se ha formado entre los miembros del Parlamento Federal belga en apoyo a la\u2026","rel":"","context":"En \u00abEutanasia\u00bb","img":{"alt_text":"","src":"https:\/\/i1.wp.com\/catolicasmexico.com\/blog\/wp-content\/uploads\/2013\/06\/Karl_Brandt_SS-Arzt.jpg?resize=350%2C200","width":350,"height":200},"classes":[]},{"id":413,"url":"http:\/\/catolicasmexico.com\/blog\/marcha-contra-la-eutanasia-en-quebec-canada\/","url_meta":{"origin":1050,"position":4},"title":"Marcha contra la eutanasia en Quebec, Canad\u00e1.","date":"20 mayo 2013","format":false,"excerpt":"Este18 de mayo en la ciudad de Quebec se llevo a cabo la manifestaci\u00f3n \u00a0contra la eutanasia, m\u00e9dicos comprometidos \u00a0con la vida de sus pacientes, familias enteras preocupadas por el futuro de las pr\u00f3ximas generaciones organizaciones pro-vida y ciudadanos en general se dieron cita en \"les plaines d'Abrahaman \"y marcharon\u2026","rel":"","context":"En \u00abEutanasia\u00bb","img":{"alt_text":"","src":"https:\/\/i1.wp.com\/catolicasmexico.com\/blog\/wp-content\/uploads\/2013\/05\/image-32.jpeg?resize=350%2C200","width":350,"height":200},"classes":[]},{"id":1266,"url":"http:\/\/catolicasmexico.com\/blog\/un-alto-funcionario-de-ontario-que-decia-que-el-programa-de-educacion-sexual-pro-equidad-era-una-prioridad-fue-detenido-por-produccion-de-pornografia-infantil\/","url_meta":{"origin":1050,"position":5},"title":"Un alto funcionario de Ontario que dec\u00eda que el programa de educaci\u00f3n sexual \"pro-equidad\" era una \"prioridad\" fue detenido por producci\u00f3n de pornograf\u00eda infantil","date":"14 julio 2013","format":false,"excerpt":"Levin, primero a la izquierda, en el centro Justin Trudeau ( \u00bfcat\u00f3lico? proaborto y promatrimonio homosexual) Kathleen Wynne Primer Ministro de Ontario Por Patrick B. Craine. Traducci\u00f3n y edici\u00f3n libre Alejandro P. De www.catolicasmexico.com Mi\u00e9rcoles, 10 de julio de 2013 11:46 EST TORONTO, 10 de julio de 2013 (LifeSiteNews.com) \u2013\u2026","rel":"","context":"En \u00abCanada.\u00bb","img":{"alt_text":"","src":"","width":0,"height":0},"classes":[]}],"jetpack_likes_enabled":false,"jetpack_sharing_enabled":true,"_links":{"self":[{"href":"http:\/\/catolicasmexico.com\/blog\/wp-json\/wp\/v2\/posts\/1050"}],"collection":[{"href":"http:\/\/catolicasmexico.com\/blog\/wp-json\/wp\/v2\/posts"}],"about":[{"href":"http:\/\/catolicasmexico.com\/blog\/wp-json\/wp\/v2\/types\/post"}],"author":[{"embeddable":true,"href":"http:\/\/catolicasmexico.com\/blog\/wp-json\/wp\/v2\/users\/5"}],"replies":[{"embeddable":true,"href":"http:\/\/catolicasmexico.com\/blog\/wp-json\/wp\/v2\/comments?post=1050"}],"version-history":[{"count":5,"href":"http:\/\/catolicasmexico.com\/blog\/wp-json\/wp\/v2\/posts\/1050\/revisions"}],"predecessor-version":[{"id":1057,"href":"http:\/\/catolicasmexico.com\/blog\/wp-json\/wp\/v2\/posts\/1050\/revisions\/1057"}],"wp:featuredmedia":[{"embeddable":true,"href":"http:\/\/catolicasmexico.com\/blog\/wp-json\/wp\/v2\/media\/3889"}],"wp:attachment":[{"href":"http:\/\/catolicasmexico.com\/blog\/wp-json\/wp\/v2\/media?parent=1050"}],"wp:term":[{"taxonomy":"category","embeddable":true,"href":"http:\/\/catolicasmexico.com\/blog\/wp-json\/wp\/v2\/categories?post=1050"},{"taxonomy":"post_tag","embeddable":true,"href":"http:\/\/catolicasmexico.com\/blog\/wp-json\/wp\/v2\/tags?post=1050"}],"curies":[{"name":"wp","href":"https:\/\/api.w.org\/{rel}","templated":true}]}}