{"id":1033,"date":"2013-07-02T09:59:48","date_gmt":"2013-07-02T14:59:48","guid":{"rendered":"http:\/\/catolicasmexico.com\/blog\/?p=1033"},"modified":"2013-07-02T11:52:12","modified_gmt":"2013-07-02T16:52:12","slug":"historia-de-una-manipulacion-testimonio-sobre-las-clinicas-de-aborto-de-la-mujer-que-permitio-la-despenalizacion-del-aborto-en-eeuu","status":"publish","type":"post","link":"http:\/\/catolicasmexico.com\/blog\/historia-de-una-manipulacion-testimonio-sobre-las-clinicas-de-aborto-de-la-mujer-que-permitio-la-despenalizacion-del-aborto-en-eeuu\/","title":{"rendered":"Historia de una manipulaci\u00f3n: Testimonio sobre las cl\u00ednicas de aborto, de la mujer que permiti\u00f3 la despenalizaci\u00f3n del aborto en EEUU."},"content":{"rendered":"<p><a href=\"http:\/\/catolicasmexico.com\/blog\/wp-content\/uploads\/2013\/07\/20130702-121001.jpg\"><img src=\"http:\/\/catolicasmexico.com\/blog\/wp-content\/uploads\/2013\/07\/20130702-121001.jpg\" alt=\"20130702-121001.jpg\" class=\"alignnone size-full\"  \/> <\/a><br \/><br \/\n\nDel blog www.cqv.cq.ca\nTraducci\u00f3n y edici\u00f3n libre: www.catolicasmexico.com\n\nNorma McCorvey, alias Jane Roe y Sandra Cano, alias Mary Doe, que fueron explotadas por los lobbies 'pro-elecci\u00f3n', tienen una placa en el \"National Memorial for Unborn Children\".\n\n\nMI NOMBRE ES NORMA MCCORVEY, FUI CONOCIDA CON EL NOMBRE DE JANE ROE EL 22 DE ENERO DE 1973, CUANDO LA CORTE SUPREMA DIO SU SENTENCIA EN EL CASO ROE CONTRA WADE, QUE CRE\u00d3 EL DERECHO DE LAS MUJERES AL ABORTO.\nMI NOMBRE ES SANDRA CANO, FUI CONOCIDA COMO MARY DOE EL  22 ENERO DE 1973, CUANDO LA CORTE SUPREMA ENTREG\u00d3 SU SENTENCIA EN LOS DOS CASOS SIMILARES: ROE VERSUS WADE,  Y DOE VS BOLTON, PERMITIENDO A LAS MUJERES DE ABORTAR POR CUALQUIER MOTIVO. \nAhora fuimos  perdonadas y redimidas como nuevas criaturas en Cristo e hijas de Dios . Hoy, repudiamos p\u00fablicamente nuestro papel en la tragedia del aborto. Pedimos humildemente perd\u00f3n a las millones de mujeres y ni\u00f1os por nacer, que han sufrido la violencia del aborto. En este lugar de sanaci\u00f3n   el \"National Memorial for Unborn Children\", estamos aqu\u00ed para honrar el valor de cada ni\u00f1o por nacer como seres creados a la imagen de Dios. \n\n\nNorma McCorvey, la Jane Roe de la sentencia Roe contra Wade que permiti\u00f3 la despenalizaci\u00f3n del aborto en los Estados Unidos atestigu\u00f3 en los Estados Unidos hace unos a\u00f1os. Este testimonio conmovedor fue traducido al franc\u00e9s recientemente bajo el t\u00edtulo: \u00abl'affaire Jane Roe, historia de una manipulaci\u00f3n\"\nEl abogado de Jane Roe reescribi\u00f3 su historia para sugerir que estaba embarazada,como consecuencia de una violaci\u00f3n colectiva, Cuando la verdad es que ella estaba embarazada de su novio. (...)\n\nNorma McCorvey ,trabaj\u00f3 en una cl\u00ednica de aborto, milagrosamente, se di\u00f3 cuenta de la atrocidad del aborto.\n\nExplica que \" La Sala de piezas desmembradas\"donde se conservaban los beb\u00e9s abortados , era particularmente siniestro. A nadie le gustaba tener que entrar y a\u00fan menos limpiarlo. (...) Si un beb\u00e9 no cab\u00eda en el cubo, se quedaba botado por ah\u00ed. Otros beb\u00e9s eran amontonados como trozos de madera, despu\u00e9s de que todos sus miembros hab\u00edan sido reunidos y contados (despu\u00e9s de los abortos, los m\u00e9dicos deben contar los miembros principales - brazos, piernas, tronco y cabeza - para estar seguros de no haber olvidado algo en el vientre de la madre).\n\nEsta habitaci\u00f3n ol\u00eda asqueroso. Us\u00e1bamos detergentes a olores fuert\u00edsimos, en pocas horas resurg\u00eda el potente olor de residuos m\u00e9dicos y putrefacci\u00f3n - esto explica por qu\u00e9 las ratas nos visitaban cada noche. \"(p.26 - 27)\" el congelador estaba lleno de frascos, hab\u00eda docenas y cada uno de ellos estaba lleno de miembros\". \"(p.131)(...)Las cl\u00ednicas veterinarias tienen regulaciones m\u00e1s estrictas que las practican el aborto.\". (p.27)\n\n(...)En general, las mujer  que abortaban comenzaban a llorar tan pronto como la m\u00e1quina paraba. Nuestra explicaci\u00f3n era siempre la misma  \"mi amor, tomaste 15 miligramos de Valium l\u00edquido, es normal que est\u00e9s tan emocional. No te preocupes no pasa nada\". Nunca podr\u00edamos admitir que pod\u00edan lloran porque se dieron cuenta que hab\u00edan matado a su beb\u00e9.\n\n(...) El doctor aumentaba sus ganancias mediante el uso de personal no calificado, como en mi caso, que trabajaba  por seis d\u00f3lares la hora.\n\n\u00bfQu\u00e9 me hizo permanecer all\u00ed? Me encari\u00f1\u00e9 con las pacientes y olvid\u00e9 el  asunto del aborto.De alguna manera, sent\u00ed que ten\u00eda que estar ah\u00ed para protegerlas y hacer el proceso m\u00e1s humano. Tu coraz\u00f3n se derrite  cuando ves aquellas ni\u00f1as ,que abrazaban a sus osos de peluche.Las escuch\u00e1bamos  llorar ,orar, decir groser\u00edas, rogarles a su hijos  por su perd\u00f3n. (...) Despu\u00e9s les   d\u00e1bamos una receta  m\u00e9dica, les asegur\u00e1bamos que hab\u00edan hecho \"la elecci\u00f3n correcta\" y que \"por supuesto no era realmente un beb\u00e9; Que era s\u00f3lo un retraso de reglas\", y a veces ten\u00edamos que marcar el n\u00famero de tel\u00e9fono en su lugar,si sus manos temblaban demasiado.\n\nLas mujeres que era esperadas por un hombre trataban de limpiarse la cara y mostrar una d\u00e9bil sonrisa antes de salir. Con su madre, tend\u00edan a ser m\u00e1s honestas. O\u00ed una muchacha llamar a su madre y decirle: \"mam\u00e1, yo Mat\u00e9 a mi beb\u00e9. \u00a1 Estoy tan contenta que t\u00fa no me hayas matado!\"\n\n(...) No estoy orgullosa de admitir que tambi\u00e9n asist\u00ed a abortos de segundo trimestre. Estas son mucho m\u00e1s delicados y dif\u00edciles para todos - asistente, m\u00e9dico y paciente. En primer lugar, la mujer debe someterse  a las laminar\u00edas, que son comprimidos de algas (aproximadamente la longitud de un palillo de dientes) con una cadena en un extremo. El m\u00e9dico la introduce dentro de la mujer estas comienzan a hincharse, abriendo el cuello  uterino, triturando lentamente el ni\u00f1o dentro. Los abortos  del \u00faltimo trimestre, se llevan a cabo de manera similar a los del primer trimestre. El m\u00e9dico utiliza un bistur\u00ed para cortar al beb\u00e9. La mayor\u00eda de las mujeres est\u00e1n  bajo anestesia general, lo que hace que el m\u00e9dico puede trabajar mas en\u00e9rgicamente si fuera necesario sin tener que preocuparse por las reacciones del paciente.\n\nSiempre recuerdo un aborto en particular que tuvo lugar en el per\u00edodo del segundo trimestre. Era una joven muy atractiva, piel blanca, ojos azules y cabello ligeramente rojo,dir\u00eda que ten\u00eda dieciocho a\u00f1os de edad. Ella era tan dulce y tan agradable, (...)era una estudiante que no estaba segura de estar embarazada, pero , en realidad comenzaba su segundo trimestre.\n\nDespu\u00e9s de discutir el precio, decidi\u00f3 ahorrar  $ 250 de la anestesia general.  Por desgracia, durante la operaci\u00f3n, vio la mano del beb\u00e9 en el momento que el doctor la sac\u00f3.Escuch\u00e9 un grito ahogado, vi lo que vio y r\u00e1pidamente cubr\u00ed sus ojos, pero ya era demasiado tarde. Ya  se hab\u00eda desmayado.\n\nCuando recuper\u00f3 el conocimiento, el m\u00e9dico hab\u00eda terminado. La joven se levant\u00f3 con una mirada horrorizada y me interrog\u00f3 sobre lo que hab\u00eda visto.\n\n\n-No s\u00e9 de lo que est\u00e1 hablando, ment\u00ed.\n\n- Pero yo he visto alguna parte de mi beb\u00e9! S\u00e9 lo que he visto!\n\n-Querida  he estado todo el tiempo y no vi nada. Lo imaginaste.\n\nSi usted piensa que es dif\u00edcil guardar la sangre fr\u00eda en tales situaciones, tiene raz\u00f3n. Cr\u00e9anme, un mont\u00f3n de cerveza son necesario para hacerte olvidar lo que has hecho.(...)\n\n\n\n\n\n\n\n\n\n\n\n\n\n<a href=\"http:\/\/catolicasmexico.com\/blog\/wp-content\/uploads\/2013\/07\/20130702-125059.jpg\"><img src=\"http:\/\/catolicasmexico.com\/blog\/wp-content\/uploads\/2013\/07\/20130702-125059.jpg\" alt=\"20130702-125059.jpg\" class=\"alignnone size-full\"  \/> <\/a><\/p>\n","protected":false},"excerpt":{"rendered":"","protected":false},"author":2,"featured_media":1039,"comment_status":"open","ping_status":"open","sticky":false,"template":"","format":"standard","meta":{"spay_email":"","jetpack_publicize_message":"","jetpack_is_tweetstorm":false},"categories":[9,72],"tags":[],"aioseo_notices":[],"jetpack_featured_media_url":"http:\/\/catolicasmexico.com\/blog\/wp-content\/uploads\/2013\/07\/20130702-121001.jpg","jetpack_publicize_connections":[],"jetpack_shortlink":"https:\/\/wp.me\/p3B5XH-gF","jetpack-related-posts":[{"id":4359,"url":"http:\/\/catolicasmexico.com\/blog\/162-centros-de-aborto-en-los-eeuu-asesinan-a-bebes-de-mas-de-20-semanas-de-gestacion\/","url_meta":{"origin":1033,"position":0},"title":"162 centros de aborto en los EEUU asesinan a beb\u00e9s de m\u00e1s de 20 semanas de gestaci\u00f3n.","date":"7 abril 2016","format":false,"excerpt":"Cuando el peri\u00f3dico \"Marist\" hizo una encuesta p\u00fablica sobre el aborto tard\u00edo, en noviembre del 2015, los resultados fueron sorprendentes. 81% de los americanos est\u00e1n por la prohibici\u00f3n del aborto despu\u00e9s del primer trimestre del embarazo. 66% de los pro elecci\u00f3n tambi\u00e9n se oponen al aborto en tales condiciones. Considerando\u2026","rel":"","context":"En \u00abAborto\u00bb","img":{"alt_text":"","src":"https:\/\/i0.wp.com\/catolicasmexico.com\/blog\/wp-content\/uploads\/2016\/04\/IMG_0519.jpg?resize=350%2C200","width":350,"height":200},"classes":[]},{"id":4320,"url":"http:\/\/catolicasmexico.com\/blog\/eeuu-clinto-y-sanders-fueron-cuestionados-sobre-el-aborto-en-un-debate-en-fox-news\/","url_meta":{"origin":1033,"position":1},"title":"EEUU: Clinto y Sanders fueron cuestionados sobre el aborto en un debate en Fox News.","date":"23 marzo 2016","format":false,"excerpt":"todos los que siguen la campa\u00f1a nacional del Partido Dem\u00f3crata saben que es el partido de los derechos por aborto en los \u00faltimos 45 a\u00f1os. Los medios de comunicaci\u00f3n hab\u00edan evitado cuestionarlos sobre sus puntos de vista sobre el aborto. Pero por la presi\u00f3n de los telespectadores en un debate\u2026","rel":"","context":"En \u00abAborto\u00bb","img":{"alt_text":"","src":"https:\/\/i2.wp.com\/catolicasmexico.com\/blog\/wp-content\/uploads\/2016\/03\/IMG_0489.jpg?resize=350%2C200","width":350,"height":200},"classes":[]},{"id":3440,"url":"http:\/\/catolicasmexico.com\/blog\/los-grandes-triunfos-provida-en-eeuu-y-el-poder-de-la-oracion\/","url_meta":{"origin":1033,"position":2},"title":"Los grandes triunfos provida en EEUU y el poder de la oraci\u00f3n.","date":"30 septiembre 2014","format":false,"excerpt":"10,000 beb\u00e9s fueron salvados durante 3 a\u00f1os, gracias a que el aborto por parto parcial fue prohibido en 2003, (consiste en inducir el parto, sacando al beb\u00e9 por los pies y una vez que se alcanza la cabeza esta se perfora a nivel de la fontanela , para retirar el\u2026","rel":"","context":"En \u00abAborto\u00bb","img":{"alt_text":"","src":"https:\/\/i1.wp.com\/catolicasmexico.com\/blog\/wp-content\/uploads\/2014\/09\/20140930-161915.jpg?resize=350%2C200","width":350,"height":200},"classes":[]},{"id":2643,"url":"http:\/\/catolicasmexico.com\/blog\/dakota-del-sur-prohibe-el-aborto-selectivo\/","url_meta":{"origin":1033,"position":3},"title":"Dakota del sur proh\u00edbe  el aborto selectivo.","date":"26 febrero 2014","format":false,"excerpt":"El Capitolio del estado de Dakota del sur) (Foto: J. Stephen Conn en flickr.com licencia de creative commons) Del sitio www.cqv.cq.ca original del sitio les observateurs.ch traducci\u00f3n y edici\u00f3n libre www.catolicasmexico.com 25 de febrero de 2014 Dakota del sur prohibe el aborto selectivo, fue aprobado por 60 votos a favor\u2026","rel":"","context":"En \u00abAborto\u00bb","img":{"alt_text":"","src":"https:\/\/i2.wp.com\/catolicasmexico.com\/blog\/wp-content\/uploads\/2014\/02\/20140226-130841.jpg?resize=350%2C200","width":350,"height":200},"classes":[]},{"id":2804,"url":"http:\/\/catolicasmexico.com\/blog\/triunfo-pro-vida-en-eeuu\/","url_meta":{"origin":1033,"position":4},"title":"Triunfo pro vida en EEUU","date":"3 abril 2014","format":false,"excerpt":"Marzo 27, fuente La voz de Houston. AUSTIN - Un tribunal federal de apelaciones ha confirmado las nuevas restricciones al aborto que han causado el cierre de muchas cl\u00ednicas que brindan este servicio en Texas. La Corte Federal de Quinto Circuito, con sede en Nueva Orleans, determin\u00f3 el jueves revocar\u2026","rel":"","context":"En \u00abAborto\u00bb","img":{"alt_text":"","src":"","width":0,"height":0},"classes":[]},{"id":1769,"url":"http:\/\/catolicasmexico.com\/blog\/los-democratas-agradecen-a-dios-por-el-aborto\/","url_meta":{"origin":1033,"position":5},"title":"Los dem\u00f3cratas agradecen a Dios por el aborto.","date":"5 septiembre 2013","format":false,"excerpt":"Midge Slater, una activista pro-aborto, acompa\u00f1ada por dos candidatos dem\u00f3cratas para gobernador de Iowa, agradecieron a Dios por el aborto y rezaron para que haya a\u00fan m\u00e1s, puesto que el aborto por \"telemedicina\" ha sido prohibido en el estado y su pr\u00e1ctica a disminuido en un 30% en cinco a\u00f1os\u2026","rel":"","context":"En \u00abAborto\u00bb","img":{"alt_text":"","src":"","width":0,"height":0},"classes":[]}],"jetpack_likes_enabled":false,"jetpack_sharing_enabled":true,"_links":{"self":[{"href":"http:\/\/catolicasmexico.com\/blog\/wp-json\/wp\/v2\/posts\/1033"}],"collection":[{"href":"http:\/\/catolicasmexico.com\/blog\/wp-json\/wp\/v2\/posts"}],"about":[{"href":"http:\/\/catolicasmexico.com\/blog\/wp-json\/wp\/v2\/types\/post"}],"author":[{"embeddable":true,"href":"http:\/\/catolicasmexico.com\/blog\/wp-json\/wp\/v2\/users\/2"}],"replies":[{"embeddable":true,"href":"http:\/\/catolicasmexico.com\/blog\/wp-json\/wp\/v2\/comments?post=1033"}],"version-history":[{"count":6,"href":"http:\/\/catolicasmexico.com\/blog\/wp-json\/wp\/v2\/posts\/1033\/revisions"}],"predecessor-version":[{"id":1041,"href":"http:\/\/catolicasmexico.com\/blog\/wp-json\/wp\/v2\/posts\/1033\/revisions\/1041"}],"wp:featuredmedia":[{"embeddable":true,"href":"http:\/\/catolicasmexico.com\/blog\/wp-json\/wp\/v2\/media\/1039"}],"wp:attachment":[{"href":"http:\/\/catolicasmexico.com\/blog\/wp-json\/wp\/v2\/media?parent=1033"}],"wp:term":[{"taxonomy":"category","embeddable":true,"href":"http:\/\/catolicasmexico.com\/blog\/wp-json\/wp\/v2\/categories?post=1033"},{"taxonomy":"post_tag","embeddable":true,"href":"http:\/\/catolicasmexico.com\/blog\/wp-json\/wp\/v2\/tags?post=1033"}],"curies":[{"name":"wp","href":"https:\/\/api.w.org\/{rel}","templated":true}]}}