{"id":1018,"date":"2013-07-01T10:40:08","date_gmt":"2013-07-01T15:40:08","guid":{"rendered":"http:\/\/catolicasmexico.com\/blog\/?p=1018"},"modified":"2013-07-01T10:40:09","modified_gmt":"2013-07-01T15:40:09","slug":"crece-la-hostilidad-contra-los-cristianos-en-europa","status":"publish","type":"post","link":"http:\/\/catolicasmexico.com\/blog\/crece-la-hostilidad-contra-los-cristianos-en-europa\/","title":{"rendered":"Crece la hostilidad contra los cristianos en Europa."},"content":{"rendered":"<p><a href=\"http:\/\/catolicasmexico.com\/blog\/wp-content\/uploads\/2013\/07\/20130701-114225.jpg\"><img src=\"http:\/\/catolicasmexico.com\/blog\/wp-content\/uploads\/2013\/07\/20130701-114225.jpg\" alt=\"20130701-114225.jpg\" class=\"alignnone size-full\"  \/> <\/a><\/p>\n<p>Created on Saturday, 29 June 2013 13:31<br \/>\nWritten by Wendy Wright<br \/>\nNUEVA YORK, 28 de junio (C-FAM) Los cristianos en Europa son v\u00edctimas de arrestos, multas, actos vand\u00e1licos, y sanciones profesionales debido a una corriente de intolerancia social y restricciones gubernamentales cada vez mayor, seg\u00fan un nuevo informe.<\/p>\n<p>Este vincula la discriminaci\u00f3n a una ola de nuevas leyes que afectan de manera selectiva a los cristianos.<\/p>\n<p>\u00abSon quienes se esfuerzan por vivir de acuerdo con las altas demandas \u00e9ticas del cristianismo los que experimentan un choque\u00bb, no los creyentes nominales que se alinean con la corriente social dominante, afirma la dra. Gudrun Kugler.<\/p>\n<p>Kugler dirige el Observatory on Intolerance and Discrimination against Christians (Observatorio sobre intolernacia y discriminaci\u00f3n contra Cristianos), el cual public\u00f3 el informe en una conferencia internacional sobre la materia, que se celebr\u00f3 en Albania, en mayo.<\/p>\n<p>Los pa\u00edses europeos se enorgullecen de estar a la vanguardia de los derechos humanos, y con frecuencia aprovechan foros como el Consejo de Derechos Humanos de la ONU para presionar a otros pa\u00edses. No obstante, el informe descubre que hay una serie de leyes nuevas que estigmatizan a los cristianos y desaf\u00edan derechos humanos internacionales como el de la libertad de conciencia, de expresi\u00f3n y los derechos de los padres.<\/p>\n<p>En los Pa\u00edses Bajos, pese a regir el derecho a no participar en intervenciones m\u00e9dicas anti\u00e9ticas, el aborto forma parte de la capacitaci\u00f3n obligatoria de obstetras y ginec\u00f3logos. Un tribunal del Reino Unido orden\u00f3 a dos parteras cat\u00f3licas que supervisen a otras colegas cuando perpetran abortos.<\/p>\n<p>Suecia no otorga derechos de conciencia a trabajadores de la salud, parteras, estudiantes de medicina ni farmac\u00e9uticos.<\/p>\n<p>En Irlanda, los funcionarios de los registros civiles pueden ser encarcelados hasta seis meses por no oficiar ceremonias entre parejas del mismo sexo. Las iglesias pueden ser multadas por no permitir que sus instalaciones se utilicen para solemnizar esa clase de uniones.<\/p>\n<p>Francia proh\u00edbe las expresiones negativas en contra de la homosexualidad. Predicadores callejeros cristianos, manifestantes provida y una pareja cristiana que manten\u00eda una conversaci\u00f3n privada fueron acusados de violar una ley del Reino Unido contra expresiones o conductas \u00absusceptibles de motivar hostilidad, despertar alarma o provocar angustia\u00bb.<\/p>\n<p>Mientras que se permiten las obscenas marchas de \u00abOrgullo gay\u00bb, se ve con recelo el derecho de asociaci\u00f3n del que gozan los cristianos. Las protestas silenciosas, los asesoramientos y las oraciones elevadas en cl\u00ednicas abortistas pueden acabar en arrestos por acoso en Austria.<\/p>\n<p>Los propietarios cristianos de un hostal en el Reino Unido fueron multados por no alquilar una habitaci\u00f3n de su casa, donde viven con sus hijos, a una pareja de homosexuales. En los Pa\u00edses Bajos se exige a las instituciones gubernamentales que rescindan contratos celebrados con partes privadas que se niegan a participar en uniones entre personas del mismo sexo.<\/p>\n<p>Un m\u00e9dico cristiano del Reino Unido fue despedido por enviar una oraci\u00f3n a sus colegas mediante correo electr\u00f3nico. Un juez dictamin\u00f3 que los cristianos no tienen derecho a abstenerse de trabajar los domingos afirmando que eso no constituye un \u00abcomponente fundamental\u00bb de sus creencias.<\/p>\n<p>Los padres tienen el derecho universal de educar a sus hijos. No obstante, en Alemania se penaliza la escolarizaci\u00f3n en el hogar, mientras que Austria amenaza a las familias con llevarse a sus hijos. La educaci\u00f3n sexual gr\u00e1fica es obligatoria para los ni\u00f1os en Suecia, donde una peque\u00f1a de once a\u00f1os se someti\u00f3 a dos abortos sin el consentimiento de sus padres.<\/p>\n<p>En el informe se presume que estas leyes propician un clima hostil que da cabida a ataques que quedan impunes.<\/p>\n<p>Un artista prendi\u00f3 fuego a una cruz en Eslovenia (hab\u00eda cometido el mismo acto diez a\u00f1o antes, pero result\u00f3 sobrese\u00eddo). Una librer\u00eda cat\u00f3lica francesa fue destrozada veintis\u00e9is veces sin que hubiera respuesta por parte de las autoridades p\u00fablicas o de los medios. La Asociaci\u00f3n Polaca de F\u00fatbol prohibi\u00f3 las cruces y las biblias por considerarlas \u00abmaterial racista y xen\u00f3fobo\u00bb.<\/p>\n<p>En Francia, el 84 % de los actos vand\u00e1licos ocurridos en 2010 fueron contra lugares cristianos. Una ciudad espa\u00f1ola prohibi\u00f3 la presencia de un obispo en sus actos p\u00fablicos oficiales por criticar el estilo de vida homosexual.<\/p>\n<p>\u00abLos cristianos no piden un trato especial\u00bb, dijo Gary Streeter, miembro del parlamento del Reino Unido, \u00abpero buscamos condiciones iguales para todos y que se conceda el mismo lugar en nuestra legislaci\u00f3n y en nuestra sociedad a las creencias que se mantienen de forma sincera \u00bb.<\/p>\n<p>Traducido por Luciana Mar\u00eda Palazzo de Castellano<\/p>\n","protected":false},"excerpt":{"rendered":"<p>Created on Saturday, 29 June 2013 13:31 Written by Wendy Wright NUEVA YORK, 28 de junio (C-FAM) Los cristianos en Europa son v\u00edctimas de arrestos, multas, actos vand\u00e1licos, y sanciones profesionales debido a una corriente de intolerancia social y restricciones gubernamentales cada vez mayor, seg\u00fan un nuevo informe. Este vincula la discriminaci\u00f3n a una ola [&hellip;]<\/p>\n","protected":false},"author":2,"featured_media":1017,"comment_status":"open","ping_status":"open","sticky":false,"template":"","format":"standard","meta":{"spay_email":"","jetpack_publicize_message":"","jetpack_is_tweetstorm":false},"categories":[70,19],"tags":[],"aioseo_notices":[],"jetpack_featured_media_url":"http:\/\/catolicasmexico.com\/blog\/wp-content\/uploads\/2013\/07\/20130701-114225.jpg","jetpack_publicize_connections":[],"jetpack_shortlink":"https:\/\/wp.me\/p3B5XH-gq","jetpack-related-posts":[{"id":3108,"url":"http:\/\/catolicasmexico.com\/blog\/arrestados-en-paris-porque-parecian-ser-cristianos-segun-un-policia\/","url_meta":{"origin":1018,"position":0},"title":"Arrestados en Par\u00eds porque parec\u00edan ser cristianos, seg\u00fan un polic\u00eda.","date":"24 junio 2014","format":false,"excerpt":"Del sitio Nouvelles de France traducci\u00f3n y edici\u00f3n libre www. catolicasmexico.com \u00abUna peque\u00f1a historia para compartir lo que le sucedi\u00f3 a uno de mis hijos, parece ser que fue una acci\u00f3n de christianofobia, por parte de la polic\u00eda de Par\u00eds\u00bb. Mi hijo estaba en Par\u00eds con un amigo. Hablaban tranquilamente\u2026","rel":"","context":"En \u00abataques contra la Iglesia Catolica\u00bb","img":{"alt_text":"","src":"","width":0,"height":0},"classes":[]},{"id":420,"url":"http:\/\/catolicasmexico.com\/blog\/el-abandono-de-los-principios-cristianos-a-llevado-a-europa-a-la-crisis-economica-segun-el-primer-ministro-hungaro\/","url_meta":{"origin":1018,"position":1},"title":"El abandono de los principios Cristianos, a llevado a Europa a la Crisis econ\u00f3mica, seg\u00fan el Primer Ministro H\u00fangaro.","date":"21 mayo 2013","format":false,"excerpt":"Articulo Original \u00a0Revista \u00a0Cat\u00f3lica \"VERS DEMAIN\" Traducci\u00f3n libre y edici\u00f3n realizada por P.G. Europa debe regresar al cristianismo antes de cualquier regeneraci\u00f3n econ\u00f3mica posible, declar\u00f3 el Se\u00f1or Viktor Orban , primer ministro de Hungr\u00eda, luego de una conferencia organizada por el Congreso de cat\u00f3licos y la v\u00eda p\u00fablica, con el\u2026","rel":"","context":"En \u00abFe\u00bb","img":{"alt_text":"","src":"https:\/\/i1.wp.com\/catolicasmexico.com\/blog\/wp-content\/uploads\/2013\/05\/image-33.jpeg?resize=350%2C200","width":350,"height":200},"classes":[]},{"id":2596,"url":"http:\/\/catolicasmexico.com\/blog\/cada-vez-mas-persecucion-contra-los-cristianos-en-el-mundo\/","url_meta":{"origin":1018,"position":2},"title":"Cada vez m\u00e1s persecuci\u00f3n contra los cristianos en el mundo","date":"14 febrero 2014","format":false,"excerpt":"EE.UU.-(AGENCIALAVOZ) Las amenazas a la libertad religiosa se manifiestan no s\u00f3lo bajo regimenes autoritarios sino tambi\u00e9n en las grandes democracias del mundo. Lo subray\u00f3 mons. Francis Chullikatt, nuncio apost\u00f3lico ante las Naciones Unidas en Nueva York enviado, el martes pasado 11 de febrero, a formar parte de un debate p\u00fablico\u2026","rel":"","context":"En \u00abFe\u00bb","img":{"alt_text":"","src":"https:\/\/i2.wp.com\/catolicasmexico.com\/blog\/wp-content\/uploads\/2014\/02\/20140214-123443.jpg?resize=350%2C200","width":350,"height":200},"classes":[]},{"id":919,"url":"http:\/\/catolicasmexico.com\/blog\/piden-presionar-a-paises-islamicos-para-que-respeten-libertad-religiosa-de-cristianos-en-el-mundo\/","url_meta":{"origin":1018,"position":3},"title":"Piden presionar a pa\u00edses isl\u00e1micos para que respeten libertad religiosa de cristianos  en el mundo.","date":"20 junio 2013","format":false,"excerpt":"M\u00c9XICO D.F., 20 Jun. 13 \/ 07:23 am (ACI\/EWTN Noticias).- El semanario Desde la Fe, de la Arquidi\u00f3cesis de M\u00e9xico (M\u00e9xico), expres\u00f3 la necesidad de una presi\u00f3n internacional para que se respete el derecho a la libertad religiosa de las minor\u00edas en los pa\u00edses isl\u00e1micos donde son v\u00edctimas de abusos,\u2026","rel":"","context":"En \u00abIglesia cat\u00f3lica\u00bb","img":{"alt_text":"","src":"","width":0,"height":0},"classes":[]},{"id":1632,"url":"http:\/\/catolicasmexico.com\/blog\/los-medios-y-los-politicos-ultra-democraticos-silencian-el-drama-que-viven-los-cristianos-en-egipto\/","url_meta":{"origin":1018,"position":4},"title":"LOS MEDIOS Y LOS POLITICOS \"ULTRA DEMOCRATICOS\", SILENCIAN EL DRAMA QUE VIVEN LOS CRISTIANOS EN EGIPTO","date":"19 agosto 2013","format":false,"excerpt":"Los cristianos de Egipto est\u00e1n siendo perseguidos y martirizados brutalmente por los seguidores de Mursi. Hasta 60 Iglesias (que se sepa) han sido profanadas, saqueadas y destruidas a fecha de hoy \u00bfCu\u00e1ntos cristianos est\u00e1n siendo asesinados por su fe en Egipto? La quema de sus iglesias representa un drama inenarrable\u2026","rel":"","context":"En \u00abFe\u00bb","img":{"alt_text":"","src":"https:\/\/i1.wp.com\/catolicasmexico.com\/blog\/wp-content\/uploads\/2013\/08\/20130819-093723.jpg?resize=350%2C200","width":350,"height":200},"classes":[]},{"id":2333,"url":"http:\/\/catolicasmexico.com\/blog\/cuba-aprueba-ley-de-proteccion-laboral-para-los-gays\/","url_meta":{"origin":1018,"position":5},"title":"Cuba aprueba ley de protecci\u00f3n laboral para los gays","date":"9 enero 2014","format":false,"excerpt":"CUBA.-(AGENCIALAVOZ) El periodista y \u201ccomunista gay\u201d, Francisco Rodr\u00edguez o \u201cPaquito el de Cuba\u201d, (...)a trav\u00e9s de su cuenta de Twitter y blog que Rodr\u00edguez anunci\u00f3 la decisi\u00f3n hist\u00f3rica. En una de las entradas de su blog, Rodr\u00edguez cita un p\u00e1rrafo de la nueva ley: \u201cTodo ciudadano en condiciones de trabajar\u2026","rel":"","context":"En \u00abHomosexualidad\u00bb","img":{"alt_text":"","src":"https:\/\/i1.wp.com\/catolicasmexico.com\/blog\/wp-content\/uploads\/2014\/01\/20140109-1258311.jpg?resize=350%2C200","width":350,"height":200},"classes":[]}],"jetpack_likes_enabled":false,"jetpack_sharing_enabled":true,"_links":{"self":[{"href":"http:\/\/catolicasmexico.com\/blog\/wp-json\/wp\/v2\/posts\/1018"}],"collection":[{"href":"http:\/\/catolicasmexico.com\/blog\/wp-json\/wp\/v2\/posts"}],"about":[{"href":"http:\/\/catolicasmexico.com\/blog\/wp-json\/wp\/v2\/types\/post"}],"author":[{"embeddable":true,"href":"http:\/\/catolicasmexico.com\/blog\/wp-json\/wp\/v2\/users\/2"}],"replies":[{"embeddable":true,"href":"http:\/\/catolicasmexico.com\/blog\/wp-json\/wp\/v2\/comments?post=1018"}],"version-history":[{"count":1,"href":"http:\/\/catolicasmexico.com\/blog\/wp-json\/wp\/v2\/posts\/1018\/revisions"}],"predecessor-version":[{"id":1019,"href":"http:\/\/catolicasmexico.com\/blog\/wp-json\/wp\/v2\/posts\/1018\/revisions\/1019"}],"wp:featuredmedia":[{"embeddable":true,"href":"http:\/\/catolicasmexico.com\/blog\/wp-json\/wp\/v2\/media\/1017"}],"wp:attachment":[{"href":"http:\/\/catolicasmexico.com\/blog\/wp-json\/wp\/v2\/media?parent=1018"}],"wp:term":[{"taxonomy":"category","embeddable":true,"href":"http:\/\/catolicasmexico.com\/blog\/wp-json\/wp\/v2\/categories?post=1018"},{"taxonomy":"post_tag","embeddable":true,"href":"http:\/\/catolicasmexico.com\/blog\/wp-json\/wp\/v2\/tags?post=1018"}],"curies":[{"name":"wp","href":"https:\/\/api.w.org\/{rel}","templated":true}]}}