{"id":1015,"date":"2013-06-30T16:03:59","date_gmt":"2013-06-30T21:03:59","guid":{"rendered":"http:\/\/catolicasmexico.com\/blog\/?p=1015"},"modified":"2013-07-06T22:52:02","modified_gmt":"2013-07-07T03:52:02","slug":"el-marxismo-desea-destruir-la-institucion-de-la-familia","status":"publish","type":"post","link":"http:\/\/catolicasmexico.com\/blog\/el-marxismo-desea-destruir-la-institucion-de-la-familia\/","title":{"rendered":"El marxismo, desea destruir la instituci\u00f3n de la familia."},"content":{"rendered":"<p><a href=\"http:\/\/catolicasmexico.com\/blog\/wp-content\/uploads\/2013\/06\/20130630-170640.jpg\"><img class=\"alignnone size-full\" src=\"http:\/\/catolicasmexico.com\/blog\/wp-content\/uploads\/2013\/06\/20130630-170640.jpg\" alt=\"20130630-170640.jpg\"  \/> <\/a><\/p>\n<p>En el sitio d&#8217;Itinerarium.fr du 20 mars 2013<br \/>\nDel blog de www.cqv.qc.ca<br \/>\nTraducido y editado por www.catolicasmexico.com<br \/>\nLa l\u00f3gica global de la sociedad o de una civilizaci\u00f3n en la que adjuntamos el \u00abprogresismo\u00bb encuentra en Marx, sus ra\u00edces filos\u00f3ficas m\u00e1s profundas. El editorial del peri\u00f3dico \u00abThe Guardian\u00bb del 23 de junio de 2012, el partido comunista de Australia,opina sobre el debate del matrimonio de homosexuales. Record\u00f3 estas frases de Marx en el manifiesto comunista (1847):<\/p>\n<p>\u00abLa familia debe ser suprimida &#8230;\u00bb.Y reemplazar la educaci\u00f3n del hogar por la educaci\u00f3n en la sociedad.<\/p>\n<p>\u00abLos marxistas deben luchar contra esta instituci\u00f3n\u00bb<\/p>\n<p>\u00abSe debe abiertamente legalizar las comunidades de mujeres\u00bb.<\/p>\n<p>El Dr. Paul Kengor escribi\u00f3 en este diario comunista:<\/p>\n<p>\u00abLa prioridad de los comunistas no es el implantar el matrimonio homosexual en si, sino la utilidad de este para destruir la familia\u00bb<\/p>\n<p>-Ver m\u00e1s en: http:\/\/www.cqv.qc.ca\/fr\/le-marxisme-racine-du-feminisme-quebecois-desire-detruire-linstitution-familiale#sthash.v39iJsEM.dpuf<\/p>\n","protected":false},"excerpt":{"rendered":"<p>En el sitio d&#8217;Itinerarium.fr du 20 mars 2013 Del blog de www.cqv.qc.ca Traducido y editado por www.catolicasmexico.com La l\u00f3gica global de la sociedad o de una civilizaci\u00f3n en la que adjuntamos el \u00abprogresismo\u00bb encuentra en Marx, sus ra\u00edces filos\u00f3ficas m\u00e1s profundas. El editorial del peri\u00f3dico \u00abThe Guardian\u00bb del 23 de junio de 2012, el partido [&hellip;]<\/p>\n","protected":false},"author":2,"featured_media":3890,"comment_status":"open","ping_status":"open","sticky":false,"template":"","format":"standard","meta":{"spay_email":"","jetpack_publicize_message":"","jetpack_is_tweetstorm":false},"categories":[15,71],"tags":[],"aioseo_notices":[],"jetpack_featured_media_url":"http:\/\/catolicasmexico.com\/blog\/wp-content\/uploads\/2015\/07\/20130630-170640.jpg","jetpack_publicize_connections":[],"jetpack_shortlink":"https:\/\/wp.me\/p3B5XH-gn","jetpack-related-posts":[{"id":2697,"url":"http:\/\/catolicasmexico.com\/blog\/la-verdad-sobre-el-dia-de-la-mujer-por-augusto-torchson\/","url_meta":{"origin":1015,"position":0},"title":"LA VERDAD SOBRE EL D\u00cdA DE LA MUJER - Por Augusto TorchSon","date":"11 marzo 2014","format":false,"excerpt":"Del Sitio Nacionalismo Cat\u00f3lico San Juan Bautista Publicado originalmente el 08\/03\/2013 Excelente articulo. Partamos por la definici\u00f3n de la enciclopedia del Nuevo Orden mundial al respecto, es decir Wikipedia: \u201cEl D\u00eda Internacional de la Mujer Trabajadora o D\u00eda Internacional de la Mujer conmemora la lucha de la mujer por su\u2026","rel":"","context":"En \u00abEEUU\u00bb","img":{"alt_text":"","src":"https:\/\/i0.wp.com\/catolicasmexico.com\/blog\/wp-content\/uploads\/2014\/03\/20140311-113539.jpg?resize=350%2C200","width":350,"height":200},"classes":[]},{"id":528,"url":"http:\/\/catolicasmexico.com\/blog\/piden-retomar-los-valores-para-evitar-mas-violencia-familiar-en-mexico\/","url_meta":{"origin":1015,"position":1},"title":"Piden retomar los valores para evitar m\u00e1s violencia familiar en M\u00e9xico","date":"27 mayo 2013","format":false,"excerpt":"El vocero de la Di\u00f3cesis de Quer\u00e9taro (M\u00e9xico), P. Sa\u00fal Ragoitia Vega, llam\u00f3 a las autoridades y a la sociedad en general a retomar los valores para as\u00ed combatir la violencia dentro de la familia, que est\u00e1 sufriendo un deterioro como consecuencia de la cultura de la muerte. El vocero\u2026","rel":"","context":"En \u00abFamilia\u00bb","img":{"alt_text":"","src":"https:\/\/i0.wp.com\/catolicasmexico.com\/blog\/wp-content\/uploads\/2013\/05\/image-102.jpeg?resize=350%2C200","width":350,"height":200},"classes":[]},{"id":4016,"url":"http:\/\/catolicasmexico.com\/blog\/4016-2\/","url_meta":{"origin":1015,"position":2},"title":"\"Voice of the Family\" ha\u2026","date":"7 octubre 2015","format":false,"excerpt":"\"Voice of the Family\" ha publicado un manifiesto para hacer que la voz de los laicos en el S\u00ednodo sobre la familia sea escuchado. Art\u00edculo del blog de Jeanne Smits traducci\u00f3n y edici\u00f3n libre CM. Se trata de combatir todos los aspectos de la cultura de la muerte ahora que\u2026","rel":"","context":"En \u00abEducaci\u00f3n\u00bb","img":{"alt_text":"","src":"https:\/\/i0.wp.com\/catolicasmexico.com\/blog\/wp-content\/uploads\/2015\/10\/IMG_0307.png?resize=350%2C200","width":350,"height":200},"classes":[]},{"id":2941,"url":"http:\/\/catolicasmexico.com\/blog\/europa-bajo-la-influencia-del-lobby-gay-el-lgbt-posee-un-poderoso-lobby-en-estrasburgo\/","url_meta":{"origin":1015,"position":3},"title":"Europa bajo la influencia del lobby gay. El  LGBT posee un poderoso lobby en Estrasburgo","date":"26 mayo 2014","format":false,"excerpt":"En la foto el eurodiputado Michael Cashman miembro del LGTB como la cuarta parte de los parlamentarios europeos. Del sitio www.valeurs actuelles traducci\u00f3n y edici\u00f3n libre www.catolicas mexico.com (...) Casi una cuarta parte de los diputados es miembro del Intergrupo LGTB (lesbianas, gays, bisexuales y transexuales), que defiende los intereses\u2026","rel":"","context":"En \u00abAborto\u00bb","img":{"alt_text":"","src":"https:\/\/i1.wp.com\/catolicasmexico.com\/blog\/wp-content\/uploads\/2014\/05\/20140526-094750.jpg?resize=350%2C200","width":350,"height":200},"classes":[]},{"id":2503,"url":"http:\/\/catolicasmexico.com\/blog\/el-sexo-salvaje-y-el-genero-quieren-destruir-la-familia-y-crear-un-nuevo-orden-mundial\/","url_meta":{"origin":1015,"position":4},"title":"El sexo salvaje y el g\u00e9nero quieren destruir la familia y crear un nuevo orden mundial.","date":"3 febrero 2014","format":false,"excerpt":"Religi\u00f3n en libertad. (Traduccci\u00f3n de Helena Faccia Serrano, Alcal\u00e1 de Henares) La alemana Gabriele Kuby, nacida en Constanza en 1944, es por formaci\u00f3n soci\u00f3loga y autora de ensayos dedicados a la educaci\u00f3n y a la sexualidad. Madre de tres chicos, se dedic\u00f3 durante m\u00e1s de 20 a\u00f1os a traducir desde\u2026","rel":"","context":"En \u00abFamilia\u00bb","img":{"alt_text":"","src":"https:\/\/i2.wp.com\/catolicasmexico.com\/blog\/wp-content\/uploads\/2014\/02\/20140203-091324.jpg?resize=350%2C200","width":350,"height":200},"classes":[]},{"id":1713,"url":"http:\/\/catolicasmexico.com\/blog\/la-ley-rusa-ha-despertado-la-ira-lgtb-frente-al-no-adoctrinamiento-homosexual-a-ninos\/","url_meta":{"origin":1015,"position":5},"title":"La ley Rusa ha despertado la ira LGTB frente al No adoctrinamiento homosexual a Ni\u00f1os","date":"28 agosto 2013","format":false,"excerpt":"(Nuestra obligaci\u00f3n como padres es defender el derecho a la patria potestad sobre el educando, los hijos son de Dios, no fueron creados para ser objetos del estado, fueron creados para ir al cielo) ESPA\u00d1A-.(AGENCIALAVOZ) Como era previsible, la ley rusa ha despertado la ira de algunos lobbies que promueven\u2026","rel":"","context":"En \u00abEducaci\u00f3n\u00bb","img":{"alt_text":"","src":"","width":0,"height":0},"classes":[]}],"jetpack_likes_enabled":false,"jetpack_sharing_enabled":true,"_links":{"self":[{"href":"http:\/\/catolicasmexico.com\/blog\/wp-json\/wp\/v2\/posts\/1015"}],"collection":[{"href":"http:\/\/catolicasmexico.com\/blog\/wp-json\/wp\/v2\/posts"}],"about":[{"href":"http:\/\/catolicasmexico.com\/blog\/wp-json\/wp\/v2\/types\/post"}],"author":[{"embeddable":true,"href":"http:\/\/catolicasmexico.com\/blog\/wp-json\/wp\/v2\/users\/2"}],"replies":[{"embeddable":true,"href":"http:\/\/catolicasmexico.com\/blog\/wp-json\/wp\/v2\/comments?post=1015"}],"version-history":[{"count":2,"href":"http:\/\/catolicasmexico.com\/blog\/wp-json\/wp\/v2\/posts\/1015\/revisions"}],"predecessor-version":[{"id":1108,"href":"http:\/\/catolicasmexico.com\/blog\/wp-json\/wp\/v2\/posts\/1015\/revisions\/1108"}],"wp:featuredmedia":[{"embeddable":true,"href":"http:\/\/catolicasmexico.com\/blog\/wp-json\/wp\/v2\/media\/3890"}],"wp:attachment":[{"href":"http:\/\/catolicasmexico.com\/blog\/wp-json\/wp\/v2\/media?parent=1015"}],"wp:term":[{"taxonomy":"category","embeddable":true,"href":"http:\/\/catolicasmexico.com\/blog\/wp-json\/wp\/v2\/categories?post=1015"},{"taxonomy":"post_tag","embeddable":true,"href":"http:\/\/catolicasmexico.com\/blog\/wp-json\/wp\/v2\/tags?post=1015"}],"curies":[{"name":"wp","href":"https:\/\/api.w.org\/{rel}","templated":true}]}}