{"id":1012,"date":"2013-06-30T15:38:52","date_gmt":"2013-06-30T20:38:52","guid":{"rendered":"http:\/\/catolicasmexico.com\/blog\/?p=1012"},"modified":"2013-07-01T10:54:25","modified_gmt":"2013-07-01T15:54:25","slug":"elogio-a-la-eutanasia","status":"publish","type":"post","link":"http:\/\/catolicasmexico.com\/blog\/elogio-a-la-eutanasia\/","title":{"rendered":"Elogio a la eutanasia."},"content":{"rendered":"<p><a href=\"http:\/\/catolicasmexico.com\/blog\/wp-content\/uploads\/2013\/07\/20130701-115500.jpg\"><img src=\"http:\/\/catolicasmexico.com\/blog\/wp-content\/uploads\/2013\/07\/20130701-115500.jpg\" alt=\"20130701-115500.jpg\" class=\"alignnone size-full\"  \/> <\/a><\/p>\n<p>Del blog www.cqv.qc.ca<br \/>\nTraducci\u00f3n y redacci\u00f3n libre www.catolicasmexico.com<\/p>\n<p>Este lunes por la noche los holandeses se conectaran a sus pantallas de televisi\u00f3n para ver un documental de 55 minutos de la &#8216;muerte solicitada\u00bb de Priscilla Brouwer, 26 a\u00f1os de edad, la cual no quiere sufrir la lenta degradaci\u00f3n causada por una enfermedad hereditaria, que caus\u00f3 la muerte de su madre cuando era todav\u00eda una ni\u00f1a.<\/p>\n<p>La pel\u00edcula se estrenar\u00e1 a trav\u00e9s de una cadena de estado, Nederland 2, bajo el t\u00edtulo Nachtvlinder, que quiere decir \u00abPolilla\u00bb, el apodo de la chica, que desde el diagn\u00f3stico de su enfermedad, a la edad de 16 a\u00f1os, decidi\u00f3 aprovechar cada momento. Se convirti\u00f3 en una figura de la vida nocturna en Amsterdam.<\/p>\n<p>El documental, presenta a la joven Priscilla y a quienes la han apoyado como un ejemplo, sigui\u00e9ndola,  durante sus \u00faltimos d\u00edas. Mostrando a dos amigos cercanos, que le acompa\u00f1an en su trayectoria que la llevar\u00e1 al suicidio asistido,visitando al m\u00e9dico de familia, para reclamar la muerte.<br \/>\nPriscilla  no est\u00e1, en sus mejores d\u00edas, sin embargo no se encuentra en face terminal. Pero ella prefiri\u00f3 partir de la edad de 26 a\u00f1os.<\/p>\n<p>Ella hace los que m\u00e1s le gusta &#8230; Un viaje en taxi en Amsterdam, saluda por \u00faltima vez a su ciudad. Tambi\u00e9n polilla muestra como danza , sus risas, como bebe, como grita, como salta sobre los mostradores y como juega a la star.<br \/>\nobviamente est\u00e1 prohibido pensar que est\u00e1 triste y vac\u00eda, sin objetivo, ni direcci\u00f3n. Debemos expresar nuestra admiraci\u00f3n, respeto, comprensi\u00f3n, compasi\u00f3n y mirar su\u00bbvalent\u00eda\u00bb. Este es el objetivo de la prensa, igualmente el prop\u00f3sito De  la Asociaci\u00f3n de Pa\u00edses Bajos para la muerte voluntaria (NVVE)este documental servir\u00e1 como una herramienta educativa para los m\u00e1s peque\u00f1os. <\/p>\n<p>(&#8230;)<\/p>\n<p>Sufrir sin ninguna esperanza en  el futuro es normal  en los ateos, ya que cualquier persona sufre en el transcurso de la vida, pero que los creyentes conservan siempre una esperanza.<\/p>\n","protected":false},"excerpt":{"rendered":"<p>Del blog www.cqv.qc.ca Traducci\u00f3n y redacci\u00f3n libre www.catolicasmexico.com Este lunes por la noche los holandeses se conectaran a sus pantallas de televisi\u00f3n para ver un documental de 55 minutos de la &#8216;muerte solicitada\u00bb de Priscilla Brouwer, 26 a\u00f1os de edad, la cual no quiere sufrir la lenta degradaci\u00f3n causada por una enfermedad hereditaria, que caus\u00f3 [&hellip;]<\/p>\n","protected":false},"author":2,"featured_media":1022,"comment_status":"open","ping_status":"open","sticky":false,"template":"","format":"standard","meta":{"spay_email":"","jetpack_publicize_message":"","jetpack_is_tweetstorm":false},"categories":[10],"tags":[],"aioseo_notices":[],"jetpack_featured_media_url":"http:\/\/catolicasmexico.com\/blog\/wp-content\/uploads\/2013\/07\/20130701-115500.jpg","jetpack_publicize_connections":[],"jetpack_shortlink":"https:\/\/wp.me\/p3B5XH-gk","jetpack-related-posts":[{"id":2599,"url":"http:\/\/catolicasmexico.com\/blog\/belgica-aprueba-la-eutanasia-a-ninos-en-cualquier-edad-con-capacidad-de-discernimiento-y-aun-quiere-ampliarla-mas\/","url_meta":{"origin":1012,"position":0},"title":"B\u00e9lgica aprueba la eutanasia a ni\u00f1os en cualquier edad con \"capacidad de discernimiento\" y a\u00fan quiere ampliarla m\u00e1s.","date":"14 febrero 2014","format":false,"excerpt":"Traducci\u00f3n de Helena Faccia Serrano, Alcal\u00e1 de Henares Articulo de Religi\u00f3n en libertad edici\u00f3n www.catolicasmexico.com Con 86 votos a favor, 44 en contra y 12 abstenciones, la c\u00e1mara de los diputados en B\u00e9lgica ha votado este 13 de febrero el \u00abproyecto de ley que modifica la ley del 28 de\u2026","rel":"","context":"En \u00abEutanasia\u00bb","img":{"alt_text":"","src":"","width":0,"height":0},"classes":[]},{"id":3819,"url":"http:\/\/catolicasmexico.com\/blog\/laura-sera-eutanasiada-este-verano-goza-de-perfecta-salud\/","url_meta":{"origin":1012,"position":1},"title":"Laura\" ser\u00e1 eutanasiada este verano. Goza de perfecta salud.","date":"22 junio 2015","format":false,"excerpt":"\"Laura\" ser\u00e1 eutanasiada este verano. Goza de perfecta salud. \"En este momento la psiquiatra le pide que se interne y que deje el teatro. Ah\u00ed sus lesiones autoinfligidas aumentan en intensidad, se golpea contra las paredes. Tiene la impresi\u00f3n de que la posee un monstruo que est\u00e1 tratando de escapar\u2026","rel":"","context":"En \u00abEuropa\u00bb","img":{"alt_text":"","src":"https:\/\/i2.wp.com\/catolicasmexico.com\/blog\/wp-content\/uploads\/2015\/06\/20150622-112808.jpg?resize=350%2C200","width":350,"height":200},"classes":[]},{"id":1474,"url":"http:\/\/catolicasmexico.com\/blog\/la-asociacion-medica-mundial-se-opone-a-la-eutanasia\/","url_meta":{"origin":1012,"position":2},"title":"La Asociaci\u00f3n M\u00e9dica Mundial se opone a la eutanasia","date":"1 agosto 2013","format":false,"excerpt":"Por Wesley J. Smith Martes, 30 de julio de 2013 10:35 EST Traducci\u00f3n y edici\u00f3n libre Alejandro P. de www.catolicasmexico.com Las Asociaciones m\u00e9dicas profesionales de todo el mundo se oponen abrumadoramente a la eutanasia y al suicidio asistido. La Asociaci\u00f3n M\u00e9dica Mundial reiter\u00f3 su fuerte compromiso hacia la pr\u00e1ctica \u00e9tica\u2026","rel":"","context":"En \u00abEutanasia\u00bb","img":{"alt_text":"","src":"","width":0,"height":0},"classes":[]},{"id":1252,"url":"http:\/\/catolicasmexico.com\/blog\/error-medico-un-magistrado-italiano-perfectamente-sano-pide-la-eutanasia\/","url_meta":{"origin":1012,"position":3},"title":"Error m\u00e9dico: un magistrado italiano perfectamente sano, pide la eutanasia.","date":"12 julio 2013","format":false,"excerpt":"Del blog de www.cqv.qc.ca del sitio zenit.org Traducci\u00f3n libre www.catolicasmexico.com Un magistrado italiano de 62 que pidi\u00f3 la eutanasia en Suiza, en Basilea, tras el diagn\u00f3stico de una enfermedad incurable: sin embargo, una autopsia revela que \u00e9l estaba en perfecta salud. El hecho tr\u00e1gico relanz\u00f3 el debate sobre la \"eutanasia\"\u2026","rel":"","context":"En \u00abEutanasia\u00bb","img":{"alt_text":"","src":"https:\/\/i1.wp.com\/catolicasmexico.com\/blog\/wp-content\/uploads\/2013\/07\/20130712-115439.jpg?resize=350%2C200","width":350,"height":200},"classes":[]},{"id":940,"url":"http:\/\/catolicasmexico.com\/blog\/la-eutanasia-infantil-en-belgica-y-los-paises-bajos-70-anos-despues-del-regimen-nazi\/","url_meta":{"origin":1012,"position":4},"title":"La eutanasia infantil en B\u00e9lgica y los Pa\u00edses Bajos 70 a\u00f1os despu\u00e9s del r\u00e9gimen Nazi","date":"21 junio 2013","format":false,"excerpt":"POR PETER SAUNDERS \u00a0 18 De junio del 2013 (PJSaunders) - La semana pasada B\u00e9lgica y Holanda han tomado pasos importantes para la legalizacion de la eutanasia para los ni\u00f1os. \u00a0 Seg\u00fan los informes, un acuerdo se ha formado entre los miembros del Parlamento Federal belga en apoyo a la\u2026","rel":"","context":"En \u00abEutanasia\u00bb","img":{"alt_text":"","src":"https:\/\/i1.wp.com\/catolicasmexico.com\/blog\/wp-content\/uploads\/2013\/06\/Karl_Brandt_SS-Arzt.jpg?resize=350%2C200","width":350,"height":200},"classes":[]},{"id":2021,"url":"http:\/\/catolicasmexico.com\/blog\/en-belgica-se-esta-tratando-el-tema-de-la-eutanasia-para-los-ninos\/","url_meta":{"origin":1012,"position":5},"title":"En B\u00e9lgica se est\u00e1 tratando el tema de la eutanasia para los ni\u00f1os.","date":"5 noviembre 2013","format":false,"excerpt":"Traducci\u00f3n y edici\u00f3n libre www.catolicasmexico.com Del sitio de campagne quebec-vie original del Sitio web de Radio-Canada de 02 de noviembre de 2013. (Foto: Fr\u00e9d\u00e9rique Laporte en flickr.com de Creative Commons) Mientras que en Quebec se ha comenzado a hablar de la ayuda a morir , B\u00e9lgica evoca la posibilidad de\u2026","rel":"","context":"En \u00abEutanasia\u00bb","img":{"alt_text":"","src":"https:\/\/i0.wp.com\/catolicasmexico.com\/blog\/wp-content\/uploads\/2013\/11\/20131105-125149.jpg?resize=350%2C200","width":350,"height":200},"classes":[]}],"jetpack_likes_enabled":false,"jetpack_sharing_enabled":true,"_links":{"self":[{"href":"http:\/\/catolicasmexico.com\/blog\/wp-json\/wp\/v2\/posts\/1012"}],"collection":[{"href":"http:\/\/catolicasmexico.com\/blog\/wp-json\/wp\/v2\/posts"}],"about":[{"href":"http:\/\/catolicasmexico.com\/blog\/wp-json\/wp\/v2\/types\/post"}],"author":[{"embeddable":true,"href":"http:\/\/catolicasmexico.com\/blog\/wp-json\/wp\/v2\/users\/2"}],"replies":[{"embeddable":true,"href":"http:\/\/catolicasmexico.com\/blog\/wp-json\/wp\/v2\/comments?post=1012"}],"version-history":[{"count":3,"href":"http:\/\/catolicasmexico.com\/blog\/wp-json\/wp\/v2\/posts\/1012\/revisions"}],"predecessor-version":[{"id":1025,"href":"http:\/\/catolicasmexico.com\/blog\/wp-json\/wp\/v2\/posts\/1012\/revisions\/1025"}],"wp:featuredmedia":[{"embeddable":true,"href":"http:\/\/catolicasmexico.com\/blog\/wp-json\/wp\/v2\/media\/1022"}],"wp:attachment":[{"href":"http:\/\/catolicasmexico.com\/blog\/wp-json\/wp\/v2\/media?parent=1012"}],"wp:term":[{"taxonomy":"category","embeddable":true,"href":"http:\/\/catolicasmexico.com\/blog\/wp-json\/wp\/v2\/categories?post=1012"},{"taxonomy":"post_tag","embeddable":true,"href":"http:\/\/catolicasmexico.com\/blog\/wp-json\/wp\/v2\/tags?post=1012"}],"curies":[{"name":"wp","href":"https:\/\/api.w.org\/{rel}","templated":true}]}}