{"id":1009,"date":"2013-07-03T12:04:18","date_gmt":"2013-07-03T17:04:18","guid":{"rendered":"http:\/\/catolicasmexico.com\/blog\/?p=1009"},"modified":"2017-07-22T01:01:24","modified_gmt":"2017-07-22T06:01:24","slug":"nancy-pelosi-gracias-a-dios-por-el-matrimonio-homosexual","status":"publish","type":"post","link":"http:\/\/catolicasmexico.com\/blog\/nancy-pelosi-gracias-a-dios-por-el-matrimonio-homosexual\/","title":{"rendered":"Nancy Pelosi: &#8216;gracias a Dios&#8217; por el &#8216;matrimonio&#8217; homosexual"},"content":{"rendered":"<p><a href=\"http:\/\/catolicasmexico.com\/blog\/wp-content\/uploads\/2013\/07\/Nacy-Pelosi.jpeg\"><img data-attachment-id=\"4676\" data-permalink=\"http:\/\/catolicasmexico.com\/blog\/nancy-pelosi-gracias-a-dios-por-el-matrimonio-homosexual\/nacy-pelosi\/\" data-orig-file=\"http:\/\/catolicasmexico.com\/blog\/wp-content\/uploads\/2013\/07\/Nacy-Pelosi.jpeg\" data-orig-size=\"2280,2280\" data-comments-opened=\"1\" data-image-meta=\"{&quot;aperture&quot;:&quot;0&quot;,&quot;credit&quot;:&quot;&quot;,&quot;camera&quot;:&quot;&quot;,&quot;caption&quot;:&quot;&quot;,&quot;created_timestamp&quot;:&quot;0&quot;,&quot;copyright&quot;:&quot;&quot;,&quot;focal_length&quot;:&quot;0&quot;,&quot;iso&quot;:&quot;0&quot;,&quot;shutter_speed&quot;:&quot;0&quot;,&quot;title&quot;:&quot;&quot;,&quot;orientation&quot;:&quot;0&quot;}\" data-image-title=\"Nacy Pelosi\" data-image-description=\"\" data-medium-file=\"http:\/\/catolicasmexico.com\/blog\/wp-content\/uploads\/2013\/07\/Nacy-Pelosi-300x300.jpeg\" data-large-file=\"http:\/\/catolicasmexico.com\/blog\/wp-content\/uploads\/2013\/07\/Nacy-Pelosi-1024x1024.jpeg\" src=\"http:\/\/catolicasmexico.com\/blog\/wp-content\/uploads\/2013\/07\/Nacy-Pelosi-1024x1024.jpeg\" alt=\"\" width=\"600\" height=\"600\" class=\"alignleft size-large wp-image-4676\" srcset=\"http:\/\/catolicasmexico.com\/blog\/wp-content\/uploads\/2013\/07\/Nacy-Pelosi-1024x1024.jpeg 600w, http:\/\/catolicasmexico.com\/blog\/wp-content\/uploads\/2013\/07\/Nacy-Pelosi-300x300.jpeg 300w, http:\/\/catolicasmexico.com\/blog\/wp-content\/uploads\/2013\/07\/Nacy-Pelosi-150x150.jpeg 150w\" sizes=\"100vw\" \/> <\/a><\/p>\n<p>Por Ben Johnson<\/p>\n<p>Jue 27 de junio de 2013 10:00 EST<\/p>\n<p>&nbsp;<\/p>\n<p>WASHINGTON, D.C., 27 de junio de 2013 (LifeSiteNews.com) \u2013 Entre los que celebraron las sentencias de los dos casos de la Corte Suprema que favorecen la agenda pol\u00edtica homosexual est\u00e1 la ex presidenta de la c\u00e1mara, Nancy Pelosi, quien dijo a<em> Politico<\/em> que su primera reacci\u00f3n fue, \u00abGracias a Dios.\u00bb<\/p>\n<p>&nbsp;<\/p>\n<p>Pelosi, que regularmente se identifica como una cat\u00f3lica practicante y \u00abdevota\u00bb, dijo que el Deo Gratias sali\u00f3 de su coraz\u00f3n el momento en que oy\u00f3 que el Tribunal Supremo anul\u00f3 la Proposici\u00f3n de su estado natal e invalid\u00f3 una parte de la ley de defensa del matrimonio (DOMA).<\/p>\n<p>&nbsp;<\/p>\n<p>\u00abEstaba pensando cuando \u00edbamos caminando por aqu\u00ed,\u00bb &#8216; Estar\u00e9 devastada si no es as\u00ed, por dos razones, \u00abdijo. \u00abPor lo que implica para la vida de las personas, ante todo, pero en segundo lugar porque es claramente inconstitucional. Me alegra saber que la corte est\u00e1 de acuerdo.\u00bb<\/p>\n<p>Otra figura prominente que agradeci\u00f3 que se derog\u00f3 la DOMA es el mismo presidente que transform\u00f3 el proyecto de ley ,en ley efectiva, la cual dur\u00f3 17 a\u00f1os. El ex presidente Bill Clinton, quien firm\u00f3 la DOMA en 1996, dijo, \u00abAl cambiar la ley de defensa del matrimonio, el Tribunal reconoci\u00f3 que la discriminaci\u00f3n hacia cualquier grupo nos detiene en nuestros esfuerzos para formar una uni\u00f3n m\u00e1s perfecta\u00bb.<\/p>\n<p>Su esposa, y ex Secretaria de estado Hilary Clinton, se uni\u00f3 a su declaraci\u00f3n. Durante su mandato como Secretario de estado, Hilary puso la promoci\u00f3n de la homosexualidad en el coraz\u00f3n de la pol\u00edtica exterior de Estados Unidos, una t\u00e1ctica continuada por su sucesor, John Kerry.<\/p>\n<p>\u00abTambi\u00e9n estamos animados que la igualdad del matrimonio pueda volver pronto a California\u00bb, dijeron. \u00abAplaudo el trabajo de los abogados que han luchado tan implacablemente por este d\u00eda y felicitamos a Edie Windsor por su victoria hist\u00f3rica\u00bb.<\/p>\n","protected":false},"excerpt":{"rendered":"<p>Por Ben Johnson Jue 27 de junio de 2013 10:00 EST &nbsp; WASHINGTON, D.C., 27 de junio de 2013 (LifeSiteNews.com) \u2013 Entre los que celebraron las sentencias de los dos casos de la Corte Suprema que favorecen la agenda pol\u00edtica homosexual est\u00e1 la ex presidenta de la c\u00e1mara, Nancy Pelosi, quien dijo a Politico que [&hellip;]<\/p>\n","protected":false},"author":5,"featured_media":4676,"comment_status":"open","ping_status":"open","sticky":false,"template":"","format":"standard","meta":{"spay_email":"","jetpack_publicize_message":"","jetpack_is_tweetstorm":false},"categories":[72,12,13,11],"tags":[],"aioseo_notices":[],"jetpack_featured_media_url":"http:\/\/catolicasmexico.com\/blog\/wp-content\/uploads\/2013\/07\/Nacy-Pelosi.jpeg","jetpack_publicize_connections":[],"jetpack_shortlink":"https:\/\/wp.me\/p3B5XH-gh","jetpack-related-posts":[{"id":965,"url":"http:\/\/catolicasmexico.com\/blog\/pelosi-se-rie-de-la-carta-del-sacerdote-que-desafio-su-posicion-sobre-el-aborto-esta-actuando-histericamente\/","url_meta":{"origin":1009,"position":0},"title":"Pelosi se r\u00ede de la carta del sacerdote que desafi\u00f3 su posici\u00f3n sobre el aborto: \"Est\u00e1 actuando hist\u00e9ricamente\"","date":"27 junio 2013","format":false,"excerpt":"Por John Jalsevac. Traducido y editado por Alejandro P. de www.catolicasmexico.com Martes, 25 de junio de 2013 15:51 25 De junio del 2013 (LifeSiteNews.com) - La ex presidente de la c\u00e1mara de representantes, Nancy Pelosi se ha re\u00eddo de una carta redactada por el fundador de Sacerdotes por la Vida,\u2026","rel":"","context":"En \u00abAborto\u00bb","img":{"alt_text":"","src":"https:\/\/i0.wp.com\/catolicasmexico.com\/blog\/wp-content\/uploads\/2013\/07\/Nacy-Pelosi-1024x1024.jpeg?resize=350%2C200","width":350,"height":200},"classes":[]},{"id":1531,"url":"http:\/\/catolicasmexico.com\/blog\/yo-todavia-no-consigo-lo-que-quiero-pareja-gay-demanda-a-la-iglesia-por-negarles-boda\/","url_meta":{"origin":1009,"position":1},"title":"Yo todav\u00eda no consigo lo que quiero\": Pareja gay demanda a la iglesia por negarles  \u201cboda\u201d.","date":"5 agosto 2013","format":false,"excerpt":"Londres, 02 de agosto 2013 LifeSiteNews.com Traducci\u00f3n y edici\u00f3n libre de Monica Y.A. de www.catolicasmexico.com Menos de dos semanas despu\u00e9s de la firma de la ley del \"matrimonio gay\" del gobierno de coalici\u00f3n,un hombre homosexual ha puesto en marcha una demanda contra la Iglesia de una parroquia de Inglaterra en\u2026","rel":"","context":"En \u00abFamilia\u00bb","img":{"alt_text":"","src":"","width":0,"height":0},"classes":[]},{"id":1392,"url":"http:\/\/catolicasmexico.com\/blog\/el-matrimonio-homosexual-es-una-senal-del-apocalipsis\/","url_meta":{"origin":1009,"position":2},"title":"El 'matrimonio' homosexual es 'una se\u00f1al del Apocalipsis'","date":"25 julio 2013","format":false,"excerpt":"Por Hilary White Lunes, 22 de julio de 2013 16:32 EST Traducci\u00f3n y edici\u00f3n libre Alejandro P. de www.catolicasmexico.com Mosc\u00fa, 22 de julio de 2013 (LifeSiteNews.com) \u2013 en su serm\u00f3n del domingo este fin de semana en la Catedral de Kazan en Mosc\u00fa, el patriarca Kirill, de la iglesia ortodoxa\u2026","rel":"","context":"En \u00abFamilia\u00bb","img":{"alt_text":"","src":"https:\/\/i2.wp.com\/catolicasmexico.com\/blog\/wp-content\/uploads\/2013\/07\/20130724-193216.jpg?resize=350%2C200","width":350,"height":200},"classes":[]},{"id":796,"url":"http:\/\/catolicasmexico.com\/blog\/presidente-de-guatemala-ratifica-rechazo-a-aborto-y-apoyo-a-familia-natural\/","url_meta":{"origin":1009,"position":3},"title":"Presidente de Guatemala ratifica rechazo a aborto y apoyo a familia natural","date":"11 junio 2013","format":false,"excerpt":"REDACCI\u00d3N CENTRAL, Comentario de www.catolicasmexico.com . Felicitamos al Sr.Presidente por el valor que tiene al defender los valores familiares. Haber resistido a los ataques y a las presiones de grupos financiados por extranjeros, es un acto heroico, que no muchos gobiernos, realizan. \u00a1Que Dios lo bendiga y le otorgu\u00e9 las\u2026","rel":"","context":"En \u00abAborto\u00bb","img":{"alt_text":"","src":"","width":0,"height":0},"classes":[]},{"id":1623,"url":"http:\/\/catolicasmexico.com\/blog\/un-par-de-lesbianas-intentan-invocar-el-privilegio-conyugal-para-evitar-testificar-en-un-juicio-por-el-asesinato-perpetrado-por-una-de-las-amantes\/","url_meta":{"origin":1009,"position":4},"title":"Un par de lesbianas intentan invocar el  privilegio conyugal para evitar testificar en un juicio por el asesinato perpetrado por una de las amantes.","date":"20 agosto 2013","format":false,"excerpt":"Louisville, KY, 13 de agosto de 2013 - Una mujer de Kentucky cuya amante es homosexual fue acusada por el crimen de asesinato y se ha negado a declarar en el juicio, citando el privilegio conyugal, a pesar de que Kentucky no reconoce los \"matrimonios homosexuales\u201d y las dos s\u00f3lo\u2026","rel":"","context":"En \u00abEEUU\u00bb","img":{"alt_text":"","src":"","width":0,"height":0},"classes":[]},{"id":785,"url":"http:\/\/catolicasmexico.com\/blog\/obispo-resalta-coraje-de-madre-catolica-asesinada-por-joven-gay-en-eeuu\/","url_meta":{"origin":1009,"position":5},"title":"Obispo resalta coraje de madre cat\u00f3lica asesinada por joven gay en EEUU","date":"10 junio 2013","format":false,"excerpt":"PHOENIX, 07 Jun. 13 \/ 08:14 pm (ACI\/EWTN Noticias).- Mons. John Paprocki, Obispo de Springfield en Estados Unidos, record\u00f3 el testimonio de una madre de familia que fue asesinada por un joven gay en el a\u00f1o 2002, y explic\u00f3Obispo resalta coraje de madre cat\u00f3lica asesinada por joven gay en EEUU\u2026","rel":"","context":"En \u00abFamilia\u00bb","img":{"alt_text":"","src":"","width":0,"height":0},"classes":[]}],"jetpack_likes_enabled":false,"jetpack_sharing_enabled":true,"_links":{"self":[{"href":"http:\/\/catolicasmexico.com\/blog\/wp-json\/wp\/v2\/posts\/1009"}],"collection":[{"href":"http:\/\/catolicasmexico.com\/blog\/wp-json\/wp\/v2\/posts"}],"about":[{"href":"http:\/\/catolicasmexico.com\/blog\/wp-json\/wp\/v2\/types\/post"}],"author":[{"embeddable":true,"href":"http:\/\/catolicasmexico.com\/blog\/wp-json\/wp\/v2\/users\/5"}],"replies":[{"embeddable":true,"href":"http:\/\/catolicasmexico.com\/blog\/wp-json\/wp\/v2\/comments?post=1009"}],"version-history":[{"count":7,"href":"http:\/\/catolicasmexico.com\/blog\/wp-json\/wp\/v2\/posts\/1009\/revisions"}],"predecessor-version":[{"id":4677,"href":"http:\/\/catolicasmexico.com\/blog\/wp-json\/wp\/v2\/posts\/1009\/revisions\/4677"}],"wp:featuredmedia":[{"embeddable":true,"href":"http:\/\/catolicasmexico.com\/blog\/wp-json\/wp\/v2\/media\/4676"}],"wp:attachment":[{"href":"http:\/\/catolicasmexico.com\/blog\/wp-json\/wp\/v2\/media?parent=1009"}],"wp:term":[{"taxonomy":"category","embeddable":true,"href":"http:\/\/catolicasmexico.com\/blog\/wp-json\/wp\/v2\/categories?post=1009"},{"taxonomy":"post_tag","embeddable":true,"href":"http:\/\/catolicasmexico.com\/blog\/wp-json\/wp\/v2\/tags?post=1009"}],"curies":[{"name":"wp","href":"https:\/\/api.w.org\/{rel}","templated":true}]}}